{"id":55483,"date":"2025-10-07T23:58:08","date_gmt":"2025-10-07T23:58:08","guid":{"rendered":"https:\/\/www.europesays.com\/fi\/55483\/"},"modified":"2025-10-07T23:58:08","modified_gmt":"2025-10-07T23:58:08","slug":"kaupallinen-yhteistyo-robin-packalen-tyylikas-kello-lisaa-itsevarmuutta","status":"publish","type":"post","link":"https:\/\/www.europesays.com\/fi\/55483\/","title":{"rendered":"Kaupallinen yhteisty\u00f6: Robin Packalen: \u201dTyylik\u00e4s kello lis\u00e4\u00e4 itsevarmuutta\u201d"},"content":{"rendered":"<p>Huawein \u00e4lykellot ovat niin tyylikk\u00e4it\u00e4, ett\u00e4 niit\u00e4 voi pit\u00e4\u00e4 my\u00f6s juhlavaatteiden kanssa. Robin Packalen ja Pernilla B\u00f6ckerman ihastuivat uutuuskellojen muotoiluun, mutta my\u00f6s akunkest\u00e4vyys saa kiitosta &#8211; akku voi kest\u00e4\u00e4 jopa 21 vuorokautta.<\/p>\n<p><img decoding=\"async\" class=\"image image-show image-preview\" src=\"https:\/\/www.europesays.com\/fi\/wp-content\/uploads\/2025\/10\/6392c4dbbd72df989c4042432e4a854360c8c64dff5675f5c21c1fe8e84c8b17.jpg\" alt=\"\"\/><img decoding=\"async\" class=\"image image-show\" src=\"https:\/\/www.europesays.com\/fi\/wp-content\/uploads\/2025\/10\/1759881488_754_6392c4dbbd72df989c4042432e4a854360c8c64dff5675f5c21c1fe8e84c8b17.jpg\" alt=\"\"\/><\/p>\n<p>Robin Packalen ja Pernilla B\u00f6ckerman testasivat uutta Huawei Watch GT 6 -\u00e4lykellojen sarjaa. Heit\u00e4 miellytti kelloissa my\u00f6s se, ett\u00e4 se toimii my\u00f6s iOS- ja Android-k\u00e4ytt\u00f6liittymill\u00e4. <\/p>\n<p>maanantai 6.10.2025 klo 7:15<\/p>\n<p class=\"paragraph\">Yh\u00e4 useampi haluaa pit\u00e4\u00e4 \u00e4lykelloa 24\/7, mutta monen mallin arkinen ulkon\u00e4k\u00f6 on pakottanut vaihtamaan \u00e4lykellon kauniimpaan versioon, kun on sujahtanut arkivaatteista juhlavaatteisiin.<\/p>\n<p class=\"paragraph\">Huawein \u00e4lykellon etu on my\u00f6s se, ett\u00e4 se toimii sek\u00e4 iOS- ett\u00e4 Android-k\u00e4ytt\u00f6liittymien kanssa.<\/p>\n<p class=\"paragraph\"><strong>Robin Packalen<\/strong> on tunnettu kellojen yst\u00e4v\u00e4, ja h\u00e4nen ranteessaan onkin n\u00e4hty vuosien varrella toinen toistaan n\u00e4ytt\u00e4v\u00e4mpi\u00e4 kelloja. Nyt h\u00e4n p\u00e4\u00e4si testaamaan my\u00f6s Huawein uutuuden, Watch GT 6 Pro -mallin,  joka ei j\u00e4\u00e4 ulkon\u00e4\u00f6lt\u00e4\u00e4n perinteisten merkkikellojen varjoon.<\/p>\n<p class=\"paragraph\">Packalen kertoo, ett\u00e4 h\u00e4nelle kello on aina ollut tapa ilmaista omaa persoonaa.<\/p>\n<p class=\"paragraph\">\u201cJoillakin ihmisill\u00e4 on autoja, koruja tai lenkkareita \u2013 minulla on kelloja. Vaikka pukeutuisin yksinkertaisesti, tyylik\u00e4s kello lis\u00e4\u00e4 itsevarmuutta ja nostaa koko asun tasoa. Se on kuin todiste siit\u00e4, ett\u00e4 tied\u00e4n mit\u00e4 teen.\u201d<\/p>\n<p>Robin Packalenille \u00e4lykellossa on ulkon\u00e4\u00f6n lis\u00e4ksi t\u00e4rke\u00e4\u00e4 my\u00f6s se, ett\u00e4 sill\u00e4 pystyy seuraamaan omaa treeni\u00e4 ja palautumista keikoista. <\/p>\n<p>\u201dRuskea oli suosikkini\u201d<\/p>\n<p class=\"paragraph\">Huawei Watch GT 6 Pro -mallissa on useita eri vaihtoehtoja, mutta titaaninen malli ruskealla rannekkeella nousi Packalenin suosikiksi.<\/p>\n<p class=\"paragraph\">Kello on valmistettu laadukkaista materiaaleista: safiirilasista, ilmailuluokan titaaniseoksesta ja nanokiteisest\u00e4 keraamisesta takakannesta. N\u00e4m\u00e4 yhdess\u00e4 takaavat kest\u00e4vyyden ja huolitellun ulkon\u00e4on.<\/p>\n<p class=\"paragraph\">\u201dTitaani on kevyemp\u00e4\u00e4 kuin ruostumaton ter\u00e4s tai kulta. Tummempi s\u00e4vy antaa sille tyylikk\u00e4\u00e4n ilmeen, ja ruskea ranneke lis\u00e4\u00e4 persoonallisuutta\u201d, miettii Packalen.<\/p>\n<p class=\"paragraph\">Huawei Watch GT 6 Pro -mallia on saatavana kolmella eri rannekkeella: ruskealla kudotulla rannekkeella, tyylikk\u00e4\u00e4ll\u00e4 hopearannekkeella tai kest\u00e4v\u00e4ll\u00e4 mustalla fluoroelastomeeri-rannekkeella.<\/p>\n<p>\u201dT\u00e4m\u00e4 on niin tyylik\u00e4s \u00e4lykello, ett\u00e4 se sopii juhlavammankin asun kanssa\u201d, Pernilla B\u00f6ckerman miettii. <\/p>\n<p>Kello kuin koru<\/p>\n<p class=\"paragraph\">My\u00f6s somevaikuttaja <strong><strong>Pernilla B\u00f6ckerman<\/strong><\/strong> ihastui Huawein Watch GT 6 -sarjan uutuusmallien muotoiluun. H\u00e4n kertoo, ettei k\u00e4yt\u00e4 sormuksia tai korvakoruja, joten kauniisti muotoiltu kello edustaa h\u00e4nelle korua.<\/p>\n<p class=\"paragraph\">\u201cT\u00e4m\u00e4 kello on kaunis \u2013 tyylik\u00e4s, kevyt ja kirkas. Se ei ole pelk\u00e4st\u00e4\u00e4n urheilullinen; sen voisi pukea my\u00f6s juhla-asun kanssa\u201d, B\u00f6ckerman sanoo.<\/p>\n<p class=\"paragraph\">Mutta toki urheilijana B\u00f6ckerman arvostaa my\u00f6s kellon muita ominaisuuksia, kuten sen tarjoamaa tietoa terveydest\u00e4 ja jaksamisesta.<\/p>\n<p class=\"paragraph\">Packalen on puolestaan kokenut hy\u00f6dylliseksi sen, ett\u00e4 pystyy seuraamaan levon m\u00e4\u00e4r\u00e4\u00e4 ep\u00e4s\u00e4\u00e4nn\u00f6llisen aikataulunsa kanssa.<\/p>\n<p class=\"paragraph\">My\u00f6s B\u00f6ckerman hy\u00f6dynt\u00e4\u00e4 \u00e4lykellon tarjoamaa dataa.<\/p>\n<p class=\"paragraph\">\u201cTarkastelen analytiikkaa, mutta en ole pakkomielteinen. T\u00e4ytyy kuunnella ensin omaa kehoa. Kello tukee sit\u00e4 \u2013 jos kaikki on punaisella, se on her\u00e4tyskello!\u201d<\/p>\n<p class=\"paragraph\">Vaikka tyylikk\u00e4\u00e4seen ulkon\u00e4k\u00f6\u00f6n on panostettu erityisesti, palvelee kello my\u00f6s liikkujia ja tarjoaa tukea usean eri lajin treenamiseen.<\/p>\n<p class=\"paragraph\">Tarkka ja t\u00e4sm\u00e4llinen GPS takaa luotettavan navigoinnin ja seurannan kaikissa maastoissa. Seuraa suoritustasi py\u00f6r\u00e4ilyn tehomittareilla sek\u00e4 lasketteluanalytiikalla kirkkaalta 3000 nitin n\u00e4yt\u00f6lt\u00e4. Watch GT 6 Prossa saat my\u00f6s interaktiiviset golfkartat ja EKG-seurannan.<\/p>\n<p class=\"paragraph\"><a href=\"https:\/\/www.iltalehti.fi\/treeni\/36d6929a-0910-4e71-803f-5764e44a51e7\" rel=\"nofollow noopener\" target=\"_blank\">Lue kellon sporttiominaisuuksista lis\u00e4\u00e4 t\u00e4\u00e4lt\u00e4!<\/a><\/p>\n<p class=\"citation\">Huawei Watch GT 6 -sarjan hinnat alk. 229 euroa ja Huawei Watch GT 6 Pro -sarjan alk. 339 euroa.<\/p>\n<p class=\"paragraph\"><strong><a href=\"https:\/\/www.power.fi\/artikkelit\/tuotteet\/huawei-watch-gt-6-series\/?utm_source=Iltalehti&amp;utm_medium=referral&amp;utm_campaign=fi-202509-referral-Iltalehti_huawei_watch_gt_6_series\" rel=\"noopener nofollow\" target=\"_blank\">Tutustu mallistoon t\u00e4\u00e4ll\u00e4 <\/a>ja hy\u00f6dynn\u00e4 40 euron alennus. Alennus voimassa 19.10. saakka verkkokaupassa ja myym\u00e4l\u00f6iss\u00e4.<\/strong><\/p>\n<p>Huawei Watch GT 6 -sarjan kelloissa on lukuisia eri vaihtoehtoja. Kauniin ulkon\u00e4\u00f6n lis\u00e4ksi akun kest\u00e4vyys on huippuluokkaa, parhaimmillaan akku kest\u00e4\u00e4 21 vuorokautta. <\/p>\n<p>FAKTAT<\/p>\n<p class=\"paragraph\"><strong>HUAWEI WATCH GT 6 Pro<\/strong><\/p>\n<ul>\n<li>Tyylik\u00e4s kohotettu keh\u00e4<\/li>\n<li>Jopa 5,5 % suurempi n\u00e4ytt\u00f6 kuin edelt\u00e4j\u00e4ss\u00e4\u00e4n<\/li>\n<li>3000 nitin huippukirkkaus varmistaa kristallinkirkkaan n\u00e4kyvyyden my\u00f6s suorassa auringonvalossa.<\/li>\n<li>Kelloa on saatavana kolmella eri rannekkeella: ruskealla kudotulla rannekkeella, tyylikk\u00e4\u00e4ll\u00e4 hopearannekkeella tai kest\u00e4v\u00e4ll\u00e4 mustalla fluoroelastomeeri-rannekkeella, tarjoten monipuolisuutta sek\u00e4 ty\u00f6h\u00f6n, matkustamiseen ett\u00e4 urheiluun.<\/li>\n<li>TruSense\u2122-j\u00e4rjestelm\u00e4 nostaa hyvinvoinnin seurannan uudelle tasolle, mittaa my\u00f6s syd\u00e4men sykevaihtelun (HRV-mittaus)<\/li>\n<li>Uusia toiminnallisuuksia golfaajille<\/li>\n<li>GT 6 Pro tarjoaa jopa 21 p\u00e4iv\u00e4n akunkeston kevyess\u00e4 k\u00e4yt\u00f6ss\u00e4<\/li>\n<\/ul>\n<p class=\"paragraph\"><strong>HUAWEI WATCH GT 6<\/strong><\/p>\n<ul>\n<li>Saatavilla kahdessa eri koossa<\/li>\n<li>46 mm -malli ammentaa inspiraationsa py\u00f6r\u00e4ilyst\u00e4 ja on saatavilla raikkaassa vihre\u00e4ss\u00e4 v\u00e4riss\u00e4 yhdistettyn\u00e4 tyylikk\u00e4\u00e4seen kolmis\u00e4vyiseen keh\u00e4\u00e4n.<\/li>\n<li>41 mm -mallissa on innovatiiviset k\u00e4\u00e4ntyv\u00e4t kiinnityskorvakkeet, jotka takaavat tiiviimm\u00e4n ja mukavamman istuvuuden ranteessa.<\/li>\n<li>GT 6 41 mm -mallin akku kest\u00e4\u00e4 jopa 14 p\u00e4iv\u00e4\u00e4 tavanomaisessa k\u00e4yt\u00f6ss\u00e4 ja GT 6 46 mm -malli jopa 21 p\u00e4iv\u00e4\u00e4 kevyess\u00e4 k\u00e4yt\u00f6ss\u00e4<\/li>\n<\/ul>\n","protected":false},"excerpt":{"rendered":"Huawein \u00e4lykellot ovat niin tyylikk\u00e4it\u00e4, ett\u00e4 niit\u00e4 voi pit\u00e4\u00e4 my\u00f6s juhlavaatteiden kanssa. Robin Packalen ja Pernilla B\u00f6ckerman ihastuivat&hellip;\n","protected":false},"author":2,"featured_media":55484,"comment_status":"","ping_status":"","sticky":false,"template":"","format":"standard","meta":{"footnotes":""},"categories":[86],"tags":[35,420,33,31,30,421,41,631,633,32,91,92,487,1174],"class_list":{"0":"post-55483","1":"post","2":"type-post","3":"status-publish","4":"format-standard","5":"has-post-thumbnail","7":"category-laitteet","8":"tag-24h","9":"tag-equipment","10":"tag-fi","11":"tag-finland","12":"tag-finnish","13":"tag-laitteet","14":"tag-liikunta-ja-urheilu","15":"tag-matkapuhelimet-ja-mobiililaitteet","16":"tag-mobiiliteknologia","17":"tag-suomi","18":"tag-technology","19":"tag-teknologia","20":"tag-teknologia-yleista","21":"tag-tietoliikennevalineet"},"share_on_mastodon":{"url":"","error":""},"_links":{"self":[{"href":"https:\/\/www.europesays.com\/fi\/wp-json\/wp\/v2\/posts\/55483","targetHints":{"allow":["GET"]}}],"collection":[{"href":"https:\/\/www.europesays.com\/fi\/wp-json\/wp\/v2\/posts"}],"about":[{"href":"https:\/\/www.europesays.com\/fi\/wp-json\/wp\/v2\/types\/post"}],"author":[{"embeddable":true,"href":"https:\/\/www.europesays.com\/fi\/wp-json\/wp\/v2\/users\/2"}],"replies":[{"embeddable":true,"href":"https:\/\/www.europesays.com\/fi\/wp-json\/wp\/v2\/comments?post=55483"}],"version-history":[{"count":0,"href":"https:\/\/www.europesays.com\/fi\/wp-json\/wp\/v2\/posts\/55483\/revisions"}],"wp:featuredmedia":[{"embeddable":true,"href":"https:\/\/www.europesays.com\/fi\/wp-json\/wp\/v2\/media\/55484"}],"wp:attachment":[{"href":"https:\/\/www.europesays.com\/fi\/wp-json\/wp\/v2\/media?parent=55483"}],"wp:term":[{"taxonomy":"category","embeddable":true,"href":"https:\/\/www.europesays.com\/fi\/wp-json\/wp\/v2\/categories?post=55483"},{"taxonomy":"post_tag","embeddable":true,"href":"https:\/\/www.europesays.com\/fi\/wp-json\/wp\/v2\/tags?post=55483"}],"curies":[{"name":"wp","href":"https:\/\/api.w.org\/{rel}","templated":true}]}}