{"id":5549,"date":"2025-08-14T13:33:11","date_gmt":"2025-08-14T13:33:11","guid":{"rendered":"https:\/\/www.europesays.com\/fi\/5549\/"},"modified":"2025-08-14T13:33:11","modified_gmt":"2025-08-14T13:33:11","slug":"mika-myllylan-suvi-vaimosta-kovia-vaitteita-nyt-puhuu-poika","status":"publish","type":"post","link":"https:\/\/www.europesays.com\/fi\/5549\/","title":{"rendered":"Mika Myllyl\u00e4n Suvi-vaimosta kovia v\u00e4itteit\u00e4 \u2013 Nyt puhuu poika"},"content":{"rendered":"<p>Wiljami Myllyl\u00e4 kertoo, ettei hiihtolegendan lapsia kysytty haastateltavaksi uutuusteokseen. <\/p>\n<p><img decoding=\"async\" class=\"image image-show image-preview\" src=\"https:\/\/www.europesays.com\/fi\/wp-content\/uploads\/2025\/08\/6d89d3fa5cb0c925070c67e4f3e68f387b40ed7fc7874c1a3576bc9f72281016.jpg\" alt=\"\"\/><img decoding=\"async\" class=\"image image-show\" src=\"https:\/\/www.europesays.com\/fi\/wp-content\/uploads\/2025\/08\/1755178389_140_6d89d3fa5cb0c925070c67e4f3e68f387b40ed7fc7874c1a3576bc9f72281016.jpg\" alt=\"\"\/><\/p>\n<p>Wiljami Myllyl\u00e4 ei allekirjoita uutuuskirjan v\u00e4itteit\u00e4.  Minna Jalovaara<\/p>\n<p class=\"paragraph\">Torstaina julkaistiin <strong>Mika Myllyl\u00e4st\u00e4<\/strong> kertova kirja Mika Myllyl\u00e4n el\u00e4m\u00e4 (Otava), jonka on kirjoittanut <strong>Mika Wickstr\u00f6m<\/strong>.<\/p>\n<p class=\"paragraph\">Teoksessa k\u00e4yd\u00e4\u00e4n kronologisessa j\u00e4rjestyksess\u00e4 l\u00e4pi Suomen hiihtosankariksi nousseen miehen el\u00e4m\u00e4\u00e4 ja uraa.<\/p>\n<p class=\"paragraph\">Siin\u00e4 sivutaan muun muassa aikaa ennen kuin Mika ja <strong>Suvi Myllyl\u00e4n<\/strong> (nyk. Paavola) liitto p\u00e4\u00e4tyi avioeroon vuonna 2007.<\/p>\n<p class=\"paragraph\">Myllyl\u00e4n managerina toiminut <strong>Ismo V\u00e4\u00e4n\u00e4nen<\/strong> v\u00e4itt\u00e4\u00e4 kirjassa, ett\u00e4 vaimon suhtautuminen Myllyl\u00e4\u00e4n muuttui Lahden dopingskandaalin j\u00e4lkeisin\u00e4 vuosina.<\/p>\n<p class=\"paragraph\">Myllyl\u00e4n nuorin lapsi <strong>Wiljami Myllyl\u00e4<\/strong>, 24, ei sulata h\u00e4nen \u00e4idist\u00e4\u00e4n kirjassa esitettyj\u00e4 v\u00e4itteit\u00e4.<\/p>\n<p class=\"paragraph\">V\u00e4\u00e4n\u00e4sen mukaan \u201dkoko l\u00e4hipiiri tiesi sen, miten Suvi kohteli Mikaa\u201d.<\/p>\n<p class=\"paragraph\">\u2013 Suvi oli saanut paistatella vuosia naistenlehtien kansikuvissa hiihtokuninkaan rouvana, mutta h\u00e4n oli menett\u00e4nyt asemansa. Nyt h\u00e4n oli en\u00e4\u00e4 dopingista k\u00e4r\u00e4ht\u00e4neen miehen puoliso ja k\u00e4ytt\u00e4ytyi sen mukaisesti, V\u00e4\u00e4n\u00e4nen esitt\u00e4\u00e4 kirjassa.<\/p>\n<p>Ei arvostusta<\/p>\n<p class=\"paragraph\">Wiljami Myllyl\u00e4 haluaa t\u00e4hdent\u00e4\u00e4, ett\u00e4 managerina toimineella V\u00e4\u00e4n\u00e4sell\u00e4 ei ollut mit\u00e4\u00e4n kosketuspintaa perheen sis\u00e4isiin asioihin tai yhteytt\u00e4 muihin kuin is\u00e4-Mikaan.<\/p>\n<p class=\"paragraph\">\u2013 H\u00e4n ei ole p\u00e4iv\u00e4\u00e4k\u00e4\u00e4n meid\u00e4n arjessamme el\u00e4nyt tai muutenkaan ollut tekemisiss\u00e4 meid\u00e4n perhearjessamme. H\u00e4n on nyt tehnyt kirjan, johon meit\u00e4 lapsia ei ole kysytty mukaan.<\/p>\n<p class=\"paragraph\">Mika Wickstr\u00f6m kertoi julkistusp\u00e4iv\u00e4n\u00e4 <a href=\"https:\/\/www.mtv.fi\/ohjelma\/7f26814afbc512b3338f\/huomenta-suomi\" target=\"_blank\" rel=\"noopener nofollow\">Huomenta Suomen haastattelussa<\/a>, ett\u00e4 kirjaprojekti sai alkunsa viime vuonna V\u00e4\u00e4n\u00e4sen puhelinsoitosta.<\/p>\n<p class=\"paragraph\">\u2013 Koen, ett\u00e4 h\u00e4n vain piikitt\u00e4\u00e4 meit\u00e4 t\u00e4ll\u00e4 asialla. En arvosta V\u00e4\u00e4n\u00e4sen Ismoa yht\u00e4\u00e4n, Wiljami Myllyl\u00e4 ilmoittaa.<\/p>\n<p>\u201dParas \u00e4iti\u201d<\/p>\n<p>Olivia Myllyl\u00e4, 26, \u00e4itins\u00e4 Suvin kanssa kuvattuna. Myllyl\u00f6iden lapsikatraaseen kuuluu my\u00f6s Benjami, 28.  Jenni G\u00e4stgivar<\/p>\n<p class=\"paragraph\">Mika Myllyl\u00e4n perheenj\u00e4senist\u00e4 kirjaan haastateltuihin kuuluvat vanhemmat Jouko ja Pirkko sek\u00e4 Pia-sisko.<\/p>\n<p class=\"paragraph\">Kirjassa Pia Myllyl\u00e4 sek\u00e4 muutama muu haastateltava kertoo Suvi Myllyl\u00e4n pyrkineen kontrolloimaan hiiht\u00e4j\u00e4miehens\u00e4 sosiaalista piiri\u00e4.<\/p>\n<p class=\"paragraph\">Mukana on esimerkiksi vihjaus, ett\u00e4 hiiht\u00e4j\u00e4n vanhemmat olisivat k\u00e4yneet harvemmin kyl\u00e4ss\u00e4, koska siihen tarvittiin Suvi-vaimon lupa.<\/p>\n<p class=\"paragraph\">Wiljami Myllyl\u00e4n mukaan sekin kuvaus on vailla totuuspohjaa.<\/p>\n<p class=\"paragraph\">\u2013 Aina on saanut tulla meill\u00e4 k\u00e4ym\u00e4\u00e4n ja aina saa tullakin. Se on t\u00e4ysin tosi. Min\u00e4 sen tied\u00e4n, koska olen kolmen muun ihmisen kanssa el\u00e4nyt siin\u00e4 perhearjessa.<\/p>\n<p class=\"paragraph\">Suvi Myllyl\u00e4st\u00e4 tuli tuli kolmen lapsen yksinhuoltaja, kun Mika Myllyl\u00e4 kuoli kes\u00e4ll\u00e4 2011.<\/p>\n<p class=\"paragraph\">\u2013 H\u00e4n on pit\u00e4nyt yksin meist\u00e4 huolen. H\u00e4n on ollut todella loistava ja rakastava \u00e4iti \u2013 on edelleenkin. H\u00e4n on paras \u00e4iti ja tulee aina olemaan, kiekkoilija kiittelee.<\/p>\n<p><a href=\"https:\/\/www.iltalehti.fi\/telkku\/?utm_source=iltalehti.fi&amp;utm_medium=almainternal&amp;utm_campaign=urheilu_artikkelibanneri&amp;utm_content=banner_612_a\" rel=\"nofollow noopener\" target=\"_blank\"><img decoding=\"async\" src=\"https:\/\/www.europesays.com\/fi\/wp-content\/uploads\/2025\/08\/7ef604e47d46ca174b7df4149bd3557dbde56a86d520f8e1b2125548b0a2e03a.png\" alt=\"TV-ohjelmat t\u00e4n\u00e4\u00e4n, TV-opas\"\/><\/a><\/p>\n","protected":false},"excerpt":{"rendered":"Wiljami Myllyl\u00e4 kertoo, ettei hiihtolegendan lapsia kysytty haastateltavaksi uutuusteokseen. Wiljami Myllyl\u00e4 ei allekirjoita uutuuskirjan v\u00e4itteit\u00e4. Minna Jalovaara Torstaina&hellip;\n","protected":false},"author":2,"featured_media":5550,"comment_status":"","ping_status":"","sticky":false,"template":"","format":"standard","meta":{"footnotes":""},"categories":[136],"tags":[35,407,137,33,31,30,101,408,99,100,98,32,1145,109],"class_list":{"0":"post-5549","1":"post","2":"type-post","3":"status-publish","4":"format-standard","5":"has-post-thumbnail","7":"category-julkkikset","8":"tag-24h","9":"tag-celebrities","10":"tag-entertainment","11":"tag-fi","12":"tag-finland","13":"tag-finnish","14":"tag-ihmissuhteet","15":"tag-julkkikset","16":"tag-lapset","17":"tag-lapset-ja-nuoret","18":"tag-perhe","19":"tag-suomi","20":"tag-talviurheilu","21":"tag-viihde"},"share_on_mastodon":{"url":"","error":""},"_links":{"self":[{"href":"https:\/\/www.europesays.com\/fi\/wp-json\/wp\/v2\/posts\/5549","targetHints":{"allow":["GET"]}}],"collection":[{"href":"https:\/\/www.europesays.com\/fi\/wp-json\/wp\/v2\/posts"}],"about":[{"href":"https:\/\/www.europesays.com\/fi\/wp-json\/wp\/v2\/types\/post"}],"author":[{"embeddable":true,"href":"https:\/\/www.europesays.com\/fi\/wp-json\/wp\/v2\/users\/2"}],"replies":[{"embeddable":true,"href":"https:\/\/www.europesays.com\/fi\/wp-json\/wp\/v2\/comments?post=5549"}],"version-history":[{"count":0,"href":"https:\/\/www.europesays.com\/fi\/wp-json\/wp\/v2\/posts\/5549\/revisions"}],"wp:featuredmedia":[{"embeddable":true,"href":"https:\/\/www.europesays.com\/fi\/wp-json\/wp\/v2\/media\/5550"}],"wp:attachment":[{"href":"https:\/\/www.europesays.com\/fi\/wp-json\/wp\/v2\/media?parent=5549"}],"wp:term":[{"taxonomy":"category","embeddable":true,"href":"https:\/\/www.europesays.com\/fi\/wp-json\/wp\/v2\/categories?post=5549"},{"taxonomy":"post_tag","embeddable":true,"href":"https:\/\/www.europesays.com\/fi\/wp-json\/wp\/v2\/tags?post=5549"}],"curies":[{"name":"wp","href":"https:\/\/api.w.org\/{rel}","templated":true}]}}