{"id":55514,"date":"2025-10-08T00:26:08","date_gmt":"2025-10-08T00:26:08","guid":{"rendered":"https:\/\/www.europesays.com\/fi\/55514\/"},"modified":"2025-10-08T00:26:08","modified_gmt":"2025-10-08T00:26:08","slug":"noora-karma-yllattyi-miehensa-tekosista-oot-kylla-uskomaton-huijari","status":"publish","type":"post","link":"https:\/\/www.europesays.com\/fi\/55514\/","title":{"rendered":"Noora Karma yll\u00e4ttyi miehens\u00e4 tekosista: &#8221;Oot kyll\u00e4 uskomaton huijari&#8221;"},"content":{"rendered":"<p>Mentalisti Noora Karma kertoo yll\u00e4ttyneens\u00e4 perin pohjin miehens\u00e4 tekosista.<\/p>\n<p>H\u00e4n on ollut nelisen vuotta Juha M\u00e4kel\u00e4n kanssa onnellisesti yhdess\u00e4.<\/p>\n<p>Hiljattain Noora t\u00e4ytti 50 vuotta eli py\u00f6reit\u00e4, mutta nyt h\u00e4n on kertonut mit\u00e4 h\u00e4nen p\u00e4\u00e4nmenokseen oikein tehtiin.<\/p>\n<p>Yll\u00e4tyssyntt\u00e4rit<\/p>\n<p>-Kiitos rakas Juha, olet kyll\u00e4 uskomaton huijari, h\u00e4n nauraa ja kertoo, ett\u00e4 h\u00e4net yll\u00e4tettiin t\u00e4ysin.<\/p>\n<p>-Rakkaani &amp; rakkaat yst\u00e4v\u00e4t &amp; perhe olivat suunnitelleet mulle yll\u00e4tysjuhlat Espanjassa. T\u00e4ysin tiet\u00e4m\u00e4tt\u00f6m\u00e4n\u00e4 n\u00e4ist\u00e4 kuusi kuukautta kest\u00e4neist\u00e4 juhlasuunnitteluista vietimme kaikki yhdess\u00e4 aivan uskomattoman maagisen loman mielett\u00f6m\u00e4ss\u00e4 villassa t\u00e4ynn\u00e4 naurua, tanssia, hyv\u00e4\u00e4 ruokaa omalla kokilla, flamencoa, padelia, juhlimista ja lis\u00e4\u00e4 juhlimista. Sanaton edelleen, Noora kertoo.<\/p>\n<p>H\u00e4n toteaa, ettei meinannut juhlia py\u00f6reit\u00e4 ollenkaan, mutta rakkaat p\u00e4\u00e4ttiv\u00e4t toisin.<\/p>\n<p>-Onneksi! h\u00e4n nyt sanoo.<\/p>\n<p>Juhan viisikymppiset muuttuivat h\u00e4iksi<\/p>\n<p>T\u00e4m\u00e4 perhe taitaa harrastaa yll\u00e4tyksi\u00e4, sill\u00e4 pari vuotta sitten juhlittiin Juhan viisikymppisi\u00e4. Yht\u00e4kki\u00e4 viisikymppisist\u00e4 tulikin h\u00e4\u00e4t.<\/p>\n<p>Vihkiminen tuli yll\u00e4tyksen\u00e4 my\u00f6s perheelle ja suvulle.<\/p>\n<p>Lue my\u00f6s: <a href=\"https:\/\/www.como.fi\/uutiset\/noora-karma-uusi-aluevaltaus\/\" title=\"Noora Karma: Uusi aluevaltaus!\" class=\"underline-custom !font-montserrat !font-bold !underline-offset-4 !decoration-4 !decoration-red-600 !text-md\" rel=\"nofollow noopener\" target=\"_blank\">Noora Karma: Uusi aluevaltaus!<\/a><\/p>\n<p>\u2013 Juhan 50v juhlissa ja pieniss\u00e4 h\u00e4iss\u00e4. Las Vegasissa 8.6. livahdimme jo salaa kappeliin ja juhlien \u201dohjelmanumero\u201d olikin melkoinen yll\u00e4tys rakkaille yst\u00e4ville ja perheelle, Karma kirjoitti tuolloin Instassa.<\/p>\n<p>Voit katsoa Nooran juhlista kuvia, ja videon Nooran yll\u00e4tyksest\u00e4 <strong><a href=\"https:\/\/www.instagram.com\/p\/DPhCl_WiIoa\/?img_index=1\" rel=\"nofollow noopener\" target=\"_blank\">T\u00c4ST\u00c4<\/a><\/strong> tai alta.<\/p>\n<p>Lue my\u00f6s: <a href=\"https:\/\/www.como.fi\/uutiset\/hymy-noora-karma-ampiaishyokkayksen-kohteena-ensiavussa-turvoksissa-ja-mustelmilla\/\" title=\"Hymy: Noora Karma ampiaishy\u00f6kk\u00e4yksen kohteena \u2013 ensiavussa turvoksissa ja mustelmilla\" class=\"underline-custom !font-montserrat !font-bold !underline-offset-4 !decoration-4 !decoration-red-600 !text-md\" rel=\"nofollow noopener\" target=\"_blank\">Hymy: Noora Karma ampiaishy\u00f6kk\u00e4yksen kohteena \u2013 ensiavussa turvoksissa ja mustelmilla<\/a><\/p>\n<p>Lue my\u00f6s: <a href=\"https:\/\/www.como.fi\/tilaa-comon-uutiskirje\/\" title=\"Tilaa Comon uutiskirje ja tied\u00e4t mist\u00e4 kahvitauolla puhutaan! Nappaa kotimaan tv-vinkit ja puheenaiheet suoraan s\u00e4hk\u00f6postiin t\u00e4st\u00e4.\" class=\"underline-custom !font-montserrat !font-bold !underline-offset-4 !decoration-4 !decoration-red-600 !text-md\" rel=\"nofollow noopener\" target=\"_blank\">Tilaa Comon uutiskirje ja tied\u00e4t mist\u00e4 kahvitauolla puhutaan! Nappaa kotimaan tv-vinkit ja puheenaiheet suoraan s\u00e4hk\u00f6postiin t\u00e4st\u00e4.<\/a><\/p>\n<p>\t\t\t\t<script async src=\"\/\/www.instagram.com\/embed.js\"><\/script><\/p>\n","protected":false},"excerpt":{"rendered":"Mentalisti Noora Karma kertoo yll\u00e4ttyneens\u00e4 perin pohjin miehens\u00e4 tekosista. H\u00e4n on ollut nelisen vuotta Juha M\u00e4kel\u00e4n kanssa onnellisesti&hellip;\n","protected":false},"author":2,"featured_media":55515,"comment_status":"","ping_status":"","sticky":false,"template":"","format":"standard","meta":{"footnotes":""},"categories":[136],"tags":[407,137,33,31,30,408,8579,32,109],"class_list":{"0":"post-55514","1":"post","2":"type-post","3":"status-publish","4":"format-standard","5":"has-post-thumbnail","7":"category-julkkikset","8":"tag-celebrities","9":"tag-entertainment","10":"tag-fi","11":"tag-finland","12":"tag-finnish","13":"tag-julkkikset","14":"tag-noora-karma","15":"tag-suomi","16":"tag-viihde"},"share_on_mastodon":{"url":"","error":""},"_links":{"self":[{"href":"https:\/\/www.europesays.com\/fi\/wp-json\/wp\/v2\/posts\/55514","targetHints":{"allow":["GET"]}}],"collection":[{"href":"https:\/\/www.europesays.com\/fi\/wp-json\/wp\/v2\/posts"}],"about":[{"href":"https:\/\/www.europesays.com\/fi\/wp-json\/wp\/v2\/types\/post"}],"author":[{"embeddable":true,"href":"https:\/\/www.europesays.com\/fi\/wp-json\/wp\/v2\/users\/2"}],"replies":[{"embeddable":true,"href":"https:\/\/www.europesays.com\/fi\/wp-json\/wp\/v2\/comments?post=55514"}],"version-history":[{"count":0,"href":"https:\/\/www.europesays.com\/fi\/wp-json\/wp\/v2\/posts\/55514\/revisions"}],"wp:featuredmedia":[{"embeddable":true,"href":"https:\/\/www.europesays.com\/fi\/wp-json\/wp\/v2\/media\/55515"}],"wp:attachment":[{"href":"https:\/\/www.europesays.com\/fi\/wp-json\/wp\/v2\/media?parent=55514"}],"wp:term":[{"taxonomy":"category","embeddable":true,"href":"https:\/\/www.europesays.com\/fi\/wp-json\/wp\/v2\/categories?post=55514"},{"taxonomy":"post_tag","embeddable":true,"href":"https:\/\/www.europesays.com\/fi\/wp-json\/wp\/v2\/tags?post=55514"}],"curies":[{"name":"wp","href":"https:\/\/api.w.org\/{rel}","templated":true}]}}