{"id":55520,"date":"2025-10-08T00:30:09","date_gmt":"2025-10-08T00:30:09","guid":{"rendered":"https:\/\/www.europesays.com\/fi\/55520\/"},"modified":"2025-10-08T00:30:09","modified_gmt":"2025-10-08T00:30:09","slug":"lionel-richie-paljasti-michael-jacksonin-harskin-lempinimen-stara-fi","status":"publish","type":"post","link":"https:\/\/www.europesays.com\/fi\/55520\/","title":{"rendered":"Lionel Richie paljasti Michael Jacksonin h\u00e4rskin lempinimen \u2013 Stara.fi"},"content":{"rendered":"<p>Laulajalegenda Lionel Richie on paljastanut, ett\u00e4 h\u00e4nell\u00e4 ja tuottaja Quincy Jonesilla oli aikoinaan erikoinen lempinimi Michael Jacksonille. He kutsuivat popin kuningasta nimell\u00e4 \u201dSmelly\u201d, mik\u00e4 voisi olla suomennettuna esimerkiksi Haisuli.<\/p>\n<p>&#8212;&#8212;<\/p>\n<p>Richien mukaan nimi sai alkunsa siit\u00e4, ett\u00e4 Jacksonilla oli tapana k\u00e4ytt\u00e4\u00e4 samoja vaatteita p\u00e4iv\u00e4kausia ilman, ett\u00e4 h\u00e4n pesi niit\u00e4 tai vaihtoi uusiin. Richie kertoi <a href=\"https:\/\/www.theguardian.com\/music\/2025\/oct\/04\/lionel-richie-worries-america-friend-michael-jackson-why-still-believes-power-love\" rel=\"nofollow noopener\" target=\"_blank\">The Guardian<\/a> -lehden haastattelussa, ett\u00e4 joskus haju k\u00e4vi niin voimakkaaksi, ett\u00e4 h\u00e4n joutui pakottamaan yst\u00e4v\u00e4ns\u00e4 vaihtamaan vaatteet.<\/p>\n<p>H\u00e4n jopa antoi Jacksonille uudet farkut ja alusvaatteet. H\u00e4n kuitenkin l\u00f6ysi ne my\u00f6hemmin viskattuna makuuhuoneen lattialle.<\/p>\n<p>\u2013 Michael oli eksentrinen ja kaoottinen, mutta samalla lapsenmielinen nero. H\u00e4n nauroi itsekin lempinimelleen, kun tajusi, ett\u00e4 ei ollut vaihtanut vaatteitaan moneen p\u00e4iv\u00e4\u00e4n, Richie kirjoittaa uudessa muistelmateoksessaan nimelt\u00e4\u00e4n Truly.<\/p>\n<p>Richien mukaan Jacksonin pukeutuminen vaihteli esiintymisasuista pyjamahousuihin ja tohveleihin. Joskus vaatteet olivat niin kuluneita, ett\u00e4 ne roikkuivat h\u00e4nen ylt\u00e4\u00e4n.<\/p>\n<p>Yksi syy vaatteiden harvaan vaihtamiseen oli Richien mukaan se, ett\u00e4 Jacksonin oli l\u00e4hes mahdotonta saada vaatteitaan kuivapesuun. Fanit varastivat usein kaiken, mit\u00e4 h\u00e4n l\u00e4hetti pesulaan.<\/p>\n<p>\u2013 Jossain vaiheessa h\u00e4n vain tottui k\u00e4ytt\u00e4m\u00e4\u00e4n samoja housuja, kunnes ne kirjaimellisesti hajosivat, Richie kertoo.<\/p>\n<p>Laulajayst\u00e4vykset olivat l\u00e4heisi\u00e4 vuosikymmenten ajan. Richie ja Jackson kirjoittivat yhdess\u00e4 hyv\u00e4ntekev\u00e4isyyshitin We Are the World vuonna 1985. Jackson toimi Richien tytt\u00e4ren Nicole Richien kummiset\u00e4n\u00e4.<\/p>\n<p>\n\t\t\t\tVoit lukea Starassa my\u00f6s lis\u00e4\u00e4 t\u00e4h\u00e4n kyseiseen artikkeliin liittyvist\u00e4 aiheista, kuten <a href=\"https:\/\/www.stara.fi\/asiasanat\/lionel-richie\/\" rel=\"tag nofollow noopener\" target=\"_blank\">Lionel Richie<\/a>, <a href=\"https:\/\/www.stara.fi\/asiasanat\/michael-jackson\/\" rel=\"tag nofollow noopener\" target=\"_blank\">Michael Jackson<\/a> tai laajemmin aihealueesta <a href=\"https:\/\/www.stara.fi\/category\/viihdeuutiset\/\" rel=\"category tag nofollow noopener\" target=\"_blank\">Viihdeuutiset<\/a>.\n\t\t\t<\/p>\n","protected":false},"excerpt":{"rendered":"Laulajalegenda Lionel Richie on paljastanut, ett\u00e4 h\u00e4nell\u00e4 ja tuottaja Quincy Jonesilla oli aikoinaan erikoinen lempinimi Michael Jacksonille. He&hellip;\n","protected":false},"author":2,"featured_media":55521,"comment_status":"","ping_status":"","sticky":false,"template":"","format":"standard","meta":{"footnotes":""},"categories":[132],"tags":[137,33,31,30,195,47,32,109],"class_list":{"0":"post-55520","1":"post","2":"type-post","3":"status-publish","4":"format-standard","5":"has-post-thumbnail","7":"category-musiikki","8":"tag-entertainment","9":"tag-fi","10":"tag-finland","11":"tag-finnish","12":"tag-music","13":"tag-musiikki","14":"tag-suomi","15":"tag-viihde"},"share_on_mastodon":{"url":"","error":""},"_links":{"self":[{"href":"https:\/\/www.europesays.com\/fi\/wp-json\/wp\/v2\/posts\/55520","targetHints":{"allow":["GET"]}}],"collection":[{"href":"https:\/\/www.europesays.com\/fi\/wp-json\/wp\/v2\/posts"}],"about":[{"href":"https:\/\/www.europesays.com\/fi\/wp-json\/wp\/v2\/types\/post"}],"author":[{"embeddable":true,"href":"https:\/\/www.europesays.com\/fi\/wp-json\/wp\/v2\/users\/2"}],"replies":[{"embeddable":true,"href":"https:\/\/www.europesays.com\/fi\/wp-json\/wp\/v2\/comments?post=55520"}],"version-history":[{"count":0,"href":"https:\/\/www.europesays.com\/fi\/wp-json\/wp\/v2\/posts\/55520\/revisions"}],"wp:featuredmedia":[{"embeddable":true,"href":"https:\/\/www.europesays.com\/fi\/wp-json\/wp\/v2\/media\/55521"}],"wp:attachment":[{"href":"https:\/\/www.europesays.com\/fi\/wp-json\/wp\/v2\/media?parent=55520"}],"wp:term":[{"taxonomy":"category","embeddable":true,"href":"https:\/\/www.europesays.com\/fi\/wp-json\/wp\/v2\/categories?post=55520"},{"taxonomy":"post_tag","embeddable":true,"href":"https:\/\/www.europesays.com\/fi\/wp-json\/wp\/v2\/tags?post=55520"}],"curies":[{"name":"wp","href":"https:\/\/api.w.org\/{rel}","templated":true}]}}