{"id":55568,"date":"2025-10-08T01:10:25","date_gmt":"2025-10-08T01:10:25","guid":{"rendered":"https:\/\/www.europesays.com\/fi\/55568\/"},"modified":"2025-10-08T01:10:25","modified_gmt":"2025-10-08T01:10:25","slug":"kuvaa-revontulia-samaan-aikaan-kun-ilmio-kuvataan-avaruusaluksesta","status":"publish","type":"post","link":"https:\/\/www.europesays.com\/fi\/55568\/","title":{"rendered":"Kuvaa revontulia samaan aikaan, kun ilmi\u00f6 kuvataan avaruusaluksesta!"},"content":{"rendered":"<p>T\u00e4ll\u00e4 viikolla suomalaisilla on harvinainen mahdollisuus edist\u00e4\u00e4 tiedett\u00e4 yhteisty\u00f6ss\u00e4 SpaceX:n avaruuslennon kanssa. Onnistutko kuvaamaan revontulia juuri silloin, kun ne kuvataan avaruudesta?&#13;<\/p>\n<p class=\"bodytext\">&#8221;Raketti on nyt paikallaan ja Fram2:n lennolle osallistuvat ovat jo k\u00e4yneet l\u00e4pi harjoituksen Nasan Kennedyn avaruuskeskuksessa&#8221;, kertoo <strong>Katie Herlingshaw<\/strong>, joka ty\u00f6skentelee Huippuvuorten yliopistossa.\n<\/p>\n<p>Fram 2 -lennon on tarkoitus nousta avaruuteen tulevana y\u00f6n\u00e4. Kyseess\u00e4 on historiallisesti ensimm\u00e4inen miehitetty avaruuslento, joka kulkee Maan napa-alueiden ylitse.\u00a0\n<\/p>\n<p>Yksi matkalle osallistuvista on norjalainen elokuvaohjaaja <strong>Jannicke Mikkelsen.<\/strong> H\u00e4nen teht\u00e4v\u00e4n\u00e4\u00e4n on kuvata revontulimuotoja avaruudesta k\u00e4sin. Mikkelsen kuvaa revontulia lennolla k\u00e4ytett\u00e4v\u00e4n Dragon 2 -aluksen ikkunasta, 425-450 kilometrin korkeudesta. \u00a0\n<\/p>\n<p>Herlingshaw aikoo tutkimuksessaan verrata avaruudesta otettuja revontulikuvia maanpinnalta k\u00e4sin otettuihin. H\u00e4n toivoo, ett\u00e4 mahdollisimman moni kuvaisi tulevina \u00f6in\u00e4 revontulia maanpinnalta.\u00a0\n<\/p>\n<p>Kansainv\u00e4lisen kampanjan kuvat ker\u00e4t\u00e4\u00e4n Ursan yll\u00e4pit\u00e4m\u00e4\u00e4n Taivaanvahti-havaintopalveluun, jossa on my\u00f6s englanninkielinen k\u00e4ytt\u00f6liittym\u00e4. \u00a0\n<\/p>\n<p>&#8221;El\u00e4mme j\u00e4nnitt\u00e4v\u00e4\u00e4 aikaa, jolloin \u00e4lypuhelimet ja peruskamerat voivat tallentaa revontulia tutkimuslaatuisilla kuvilla&#8221;, sanoo Herlingshaw.\u00a0\n<\/p>\n<p>&#8221;Yhdess\u00e4 ty\u00f6skentelem\u00e4ll\u00e4 voimme ker\u00e4t\u00e4 tarpeeksi valokuvia kolmiomitataksemme revontulimuotojen tarkan sijainnin. Ehk\u00e4 jopa saamme rekonstruoitua revontulia kolmiulotteisesti. Harvinaisten revontulimuotojen osalta se voi auttaa avaamaan niiden synnyn mysteereit\u00e4.&#8221;\n<\/p>\n<p>Havaintokampanjaan otetaan n\u00e4ill\u00e4 n\u00e4kymin osaa Kanadassa, Yhdysvalloissa, Iso-Britanniassa, Norjassa ja Suomessa. Suomalaisten havaintoja koordinoi Sodankyl\u00e4n geofysiikan observatoriossa ty\u00f6skentelev\u00e4 <strong>Emma Bruus<\/strong>.\u00a0\n<\/p>\n<p>&#8221;Olisihan se upeaa, jos suomalaiset onnistuisivat kuvaamaan revontulia kattavasti samaan aikaan, kun ilmi\u00f6 kuvataan avaruuslennolta&#8221;, Bruus sanoo.\u00a0\n<\/p>\n<p>\u201cNyt tapahtuva projekti on sik\u00e4li poikkeuksellinen, ett\u00e4 siin\u00e4 ker\u00e4t\u00e4\u00e4n kansainv\u00e4lisesti havaintoja Ursan Taivaanvahtiin. Se on huikea mahdollisuus kotimaiselle t\u00e4htiharrastukselle.\u201d\n<\/p>\n<p>Fram 2 -lennon kesto on n\u00e4ill\u00e4 n\u00e4kymin 3-5 p\u00e4iv\u00e4\u00e4, jonka aikana alus kiert\u00e4\u00e4 Maata polaariradalla noin 90 minuutin kierroksissa.\n<\/p>\n<p>Havaintokampanjan tarkka aika ja avaruusaluksen ylilennot Suomen yli riippuvat muun muassa siit\u00e4, milloin astronautit tarkalleen p\u00e4\u00e4sev\u00e4t matkaan. T\u00e4m\u00e4n takia kannattaa seurata <a href=\"https:\/\/www.taivaanvahti.fi\/\" target=\"_blank\" rel=\"noreferrer nofollow noopener\">Taivaanvahdin etusivua, jonne tulee p\u00e4ivityksi\u00e4 havaintokampanjasta<\/a>.\u00a0\n<\/p>\n<p>Varsinaiset kuvat voi l\u00e4hett\u00e4\u00e4 <a href=\"https:\/\/www.taivaanvahti.fi\/observations\/report\/cat\/revontuli\" target=\"_blank\" rel=\"noreferrer nofollow noopener\">Taivaanvahdin revontulihavaintolomakkeella.<\/a> Havaintokertomukseen tulee laittaa merkkijono #solarmaxmission.\u00a0\n<\/p>\n<p>Taivaanvahtiin l\u00e4hetettyj\u00e4 kuvia saa k\u00e4ytt\u00e4\u00e4 vapaasti tieteelliseen tutkimukseen ja kuvien l\u00e4hett\u00e4j\u00e4ll\u00e4 on n\u00e4in mahdollisuus saada nimens\u00e4 tutkimuspaperiin. Kuvaaja kuitenkin s\u00e4ilytt\u00e4\u00e4 normaalit oikeudet kuviinsa.\n<\/p>\n<p>Tutkimuksen kannalta on t\u00e4rke\u00e4\u00e4, ett\u00e4 valokuvista on tiedossa tarkat kuvausajat, jotta ne voidaan yhdist\u00e4\u00e4 avaruudesta k\u00e4sin otettuihin valokuviin. T\u00e4m\u00e4n takia on olennaista tarkistaa, ettei kameran kello ole esimerkiksi talviajassa.\n<\/p>\n<p><a href=\"https:\/\/www.solarmaxmission.com\/handbook-field-guide\" target=\"_blank\" rel=\"noreferrer nofollow noopener\">Revontulien havainto-ohjeet<\/a> (englanniksi)\n<\/p>\n<p><a href=\"https:\/\/www.ursa.fi\/fram2.html\" target=\"_blank\" rel=\"nofollow noopener\">Ursan lehdist\u00f6tiedote<\/a><\/p>\n","protected":false},"excerpt":{"rendered":"T\u00e4ll\u00e4 viikolla suomalaisilla on harvinainen mahdollisuus edist\u00e4\u00e4 tiedett\u00e4 yhteisty\u00f6ss\u00e4 SpaceX:n avaruuslennon kanssa. Onnistutko kuvaamaan revontulia juuri silloin, kun&hellip;\n","protected":false},"author":2,"featured_media":55569,"comment_status":"","ping_status":"","sticky":false,"template":"","format":"standard","meta":{"footnotes":""},"categories":[114],"tags":[453,33,31,30,118,452,32,119],"class_list":{"0":"post-55568","1":"post","2":"type-post","3":"status-publish","4":"format-standard","5":"has-post-thumbnail","7":"category-avaruus","8":"tag-avaruus","9":"tag-fi","10":"tag-finland","11":"tag-finnish","12":"tag-science","13":"tag-space","14":"tag-suomi","15":"tag-tiede"},"share_on_mastodon":{"url":"","error":""},"_links":{"self":[{"href":"https:\/\/www.europesays.com\/fi\/wp-json\/wp\/v2\/posts\/55568","targetHints":{"allow":["GET"]}}],"collection":[{"href":"https:\/\/www.europesays.com\/fi\/wp-json\/wp\/v2\/posts"}],"about":[{"href":"https:\/\/www.europesays.com\/fi\/wp-json\/wp\/v2\/types\/post"}],"author":[{"embeddable":true,"href":"https:\/\/www.europesays.com\/fi\/wp-json\/wp\/v2\/users\/2"}],"replies":[{"embeddable":true,"href":"https:\/\/www.europesays.com\/fi\/wp-json\/wp\/v2\/comments?post=55568"}],"version-history":[{"count":0,"href":"https:\/\/www.europesays.com\/fi\/wp-json\/wp\/v2\/posts\/55568\/revisions"}],"wp:featuredmedia":[{"embeddable":true,"href":"https:\/\/www.europesays.com\/fi\/wp-json\/wp\/v2\/media\/55569"}],"wp:attachment":[{"href":"https:\/\/www.europesays.com\/fi\/wp-json\/wp\/v2\/media?parent=55568"}],"wp:term":[{"taxonomy":"category","embeddable":true,"href":"https:\/\/www.europesays.com\/fi\/wp-json\/wp\/v2\/categories?post=55568"},{"taxonomy":"post_tag","embeddable":true,"href":"https:\/\/www.europesays.com\/fi\/wp-json\/wp\/v2\/tags?post=55568"}],"curies":[{"name":"wp","href":"https:\/\/api.w.org\/{rel}","templated":true}]}}