{"id":55572,"date":"2025-10-08T01:19:11","date_gmt":"2025-10-08T01:19:11","guid":{"rendered":"https:\/\/www.europesays.com\/fi\/55572\/"},"modified":"2025-10-08T01:19:11","modified_gmt":"2025-10-08T01:19:11","slug":"husin-kiisteltya-taidetoimikuntaa-ei-kuopata-kokonaan","status":"publish","type":"post","link":"https:\/\/www.europesays.com\/fi\/55572\/","title":{"rendered":"Husin kiistelty\u00e4 taidetoimikuntaa ei kuopata kokonaan"},"content":{"rendered":"<p>S\u00e4\u00e4st\u00f6t|Taidetoimikunta p\u00e4\u00e4tettiin yhdist\u00e4\u00e4 museotoimikuntaan ja leikata n\u00e4iden budjettia kolmanneksella.<\/p>\n<p>6.10. 12:05<\/p>\n<p>Lue tiivistelm\u00e4<\/p>\n<p>Tiivistelm\u00e4 on teko\u00e4lyn tekem\u00e4 ja ihmisen tarkistama.<\/p>\n<p class=\"article-body mb-nof-24 px-nof-16 sndp-summary-bullet-point-font\">Helsingin ja Uudenmaan sairaanhoitopiirin Husin yhtym\u00e4hallitus p\u00e4\u00e4tti yhdist\u00e4\u00e4 taide- ja museotoimikunnat.<\/p>\n<p class=\"article-body mb-nof-24 px-nof-16 sndp-summary-bullet-point-font\">Uuden toimikunnan budjetti on 200 000 euroa, mik\u00e4 on kolmanneksen v\u00e4hemm\u00e4n kuin aiemmin.<\/p>\n<p class=\"article-body mb-nof-24 px-nof-16 sndp-summary-bullet-point-font\">Toimikunnassa on nelj\u00e4 j\u00e4sent\u00e4: kaksi poliitikkoa ja kaksi sairaalan virkajohtajaa sek\u00e4 mahdollisesti museoalan asiantuntija.<\/p>\n<p class=\"article-body mb-nof-24 px-nof-16\">Husin taidetoimikunta saa jatkaa, joskin se yhdistet\u00e4\u00e4n museotoimikuntaan ja uuden toimikunnan budjetti kutistuu aiemmasta. Husin yhtym\u00e4hallitus p\u00e4\u00e4tti asiasta maanantaina.<\/p>\n<p class=\"article-body mb-nof-24 px-nof-16\">HS uutisoi aiemmin, ett\u00e4 vuonna 2013 perustettua taidetoimikuntaa uhkasi <a class=\"article-genericlink\" href=\"https:\/\/www.hs.fi\/helsinki\/art-2000011478958.html\" rel=\"nofollow noopener\" target=\"_blank\">lopettaminen<\/a>.<\/p>\n<p class=\"article-body mb-nof-24 px-nof-16\">Toimikunta oli saanut kritiikki\u00e4 muun muassa siit\u00e4, ett\u00e4 toiminnan fokus on ollut liikaa kirjoissa ja matkoissa. Ulkopuolinen selvitys suositteli toisenlaiseen malliin siirtymist\u00e4.<\/p>\n<p class=\"article-body mb-nof-24 px-nof-16\">Alkuper\u00e4isess\u00e4 esityksess\u00e4 taidetoimikunnan teht\u00e4v\u00e4t haluttiin siirt\u00e4\u00e4 virkakunnalle. Maanantaina yhtym\u00e4hallitus kuitenkin p\u00e4\u00e4tti, ett\u00e4 museo- ja taidetoimikunta yhdistet\u00e4\u00e4n ja uudelle toimikunnalle my\u00f6nnet\u00e4\u00e4n ensi vuodelle 200\u202f000 euron budjetti.<\/p>\n<p class=\"article-body mb-nof-24 px-nof-16\">Aiemmin sek\u00e4 taidetoimikunnassa ett\u00e4 museotoimikunnassa oli kummassakin 10 j\u00e4sent\u00e4 sek\u00e4 noin 150\u202f000 euron vuotuinen budjetti. Uudessa toimikunnassa j\u00e4seni\u00e4 on nelj\u00e4, joista kaksi on poliitikkoja ja kaksi sairaalan virkajohtoa. Sen lis\u00e4ksi toimikuntaan on mahdollista nimet\u00e4 j\u00e4seneksi museoalan asiantuntija.<\/p>\n<p class=\"article-body mb-nof-24 px-nof-16\">Taidetoimikunnan teht\u00e4viin kuului muun muassa taidehankinnat. N\u00e4it\u00e4 on tehty Husissa my\u00f6s taidetoimikunnan ulkopuolelta, esimerkiksi rakentamisen yhteydess\u00e4 ja suoraan osastoille.<\/p>\n<p class=\"article-body mb-nof-24 px-nof-16\">Museotoimikunnan teht\u00e4viin on kuulunut muun muassa Husin kokoelmapolitiikkaa, esineist\u00f6n luettelointi sek\u00e4 Husin vanhoista tiloista tulleiden aineistojen s\u00e4ilytt\u00e4minen.<\/p>\n<p class=\"article-body mb-nof-24 px-nof-16\">Museotoimikunnan kulut ovat p\u00e4\u00e4osin syntyneet ty\u00f6ntekij\u00f6iden palkoista ja vuokrakuluista. Sen lis\u00e4ksi toimikunta on viimeisen viiden vuoden aikana teett\u00e4nyt kirjoja noin 30\u202f000 euron edest\u00e4 sek\u00e4 j\u00e4rjest\u00e4nyt n\u00e4yttelyit\u00e4 ja tilannut selvityksi\u00e4.<\/p>\n<p class=\"article-body mb-nof-24 px-nof-16\">Museotoimikunta on tehnyt 2020-luvulla kaksi matkaa. Vuonna 2023 toimikunta vieraili Turussa noin 6\u202f000 euroa maksaneella matkalla, vuonna 2024 Lontoossa vajaa 8\u202f500 euroa maksaneella matkalla.<\/p>\n","protected":false},"excerpt":{"rendered":"S\u00e4\u00e4st\u00f6t|Taidetoimikunta p\u00e4\u00e4tettiin yhdist\u00e4\u00e4 museotoimikuntaan ja leikata n\u00e4iden budjettia kolmanneksella. 6.10. 12:05 Lue tiivistelm\u00e4 Tiivistelm\u00e4 on teko\u00e4lyn tekem\u00e4 ja&hellip;\n","protected":false},"author":2,"featured_media":55573,"comment_status":"","ping_status":"","sticky":false,"template":"","format":"standard","meta":{"footnotes":""},"categories":[135],"tags":[389,387,388,390,137,33,31,30,46,32,394,393,391,392,109],"class_list":{"0":"post-55572","1":"post","2":"type-post","3":"status-publish","4":"format-standard","5":"has-post-thumbnail","7":"category-taiteet-ja-suunnittelu","8":"tag-arts","9":"tag-arts-and-design","10":"tag-artsanddesign","11":"tag-design","12":"tag-entertainment","13":"tag-fi","14":"tag-finland","15":"tag-finnish","16":"tag-helsingin-sanomat","17":"tag-suomi","18":"tag-suunnittelu","19":"tag-taiteet","20":"tag-taiteet-ja-suunnittelu","21":"tag-taiteetsuunnittelu","22":"tag-viihde"},"share_on_mastodon":{"url":"","error":""},"_links":{"self":[{"href":"https:\/\/www.europesays.com\/fi\/wp-json\/wp\/v2\/posts\/55572","targetHints":{"allow":["GET"]}}],"collection":[{"href":"https:\/\/www.europesays.com\/fi\/wp-json\/wp\/v2\/posts"}],"about":[{"href":"https:\/\/www.europesays.com\/fi\/wp-json\/wp\/v2\/types\/post"}],"author":[{"embeddable":true,"href":"https:\/\/www.europesays.com\/fi\/wp-json\/wp\/v2\/users\/2"}],"replies":[{"embeddable":true,"href":"https:\/\/www.europesays.com\/fi\/wp-json\/wp\/v2\/comments?post=55572"}],"version-history":[{"count":0,"href":"https:\/\/www.europesays.com\/fi\/wp-json\/wp\/v2\/posts\/55572\/revisions"}],"wp:featuredmedia":[{"embeddable":true,"href":"https:\/\/www.europesays.com\/fi\/wp-json\/wp\/v2\/media\/55573"}],"wp:attachment":[{"href":"https:\/\/www.europesays.com\/fi\/wp-json\/wp\/v2\/media?parent=55572"}],"wp:term":[{"taxonomy":"category","embeddable":true,"href":"https:\/\/www.europesays.com\/fi\/wp-json\/wp\/v2\/categories?post=55572"},{"taxonomy":"post_tag","embeddable":true,"href":"https:\/\/www.europesays.com\/fi\/wp-json\/wp\/v2\/tags?post=55572"}],"curies":[{"name":"wp","href":"https:\/\/api.w.org\/{rel}","templated":true}]}}