{"id":55594,"date":"2025-10-08T01:36:25","date_gmt":"2025-10-08T01:36:25","guid":{"rendered":"https:\/\/www.europesays.com\/fi\/55594\/"},"modified":"2025-10-08T01:36:25","modified_gmt":"2025-10-08T01:36:25","slug":"tahdet-ja-avaruus-webb-kuvasi-kaikkeuden-varhaisten-galaksien-valoa","status":"publish","type":"post","link":"https:\/\/www.europesays.com\/fi\/55594\/","title":{"rendered":"T\u00e4hdet ja avaruus: Webb kuvasi kaikkeuden varhaisten galaksien valoa"},"content":{"rendered":"<p>Nyky-ymm\u00e4rryksen mukaan nuori universumi kylpi paksussa neutraalin vedyn valoa absorboivassa sumussa. Webb-avaruusteleskoopin spektrihavainnot varhaisesta galaksista yll\u00e4ttiv\u00e4t tutkijat.&#13;<\/p>\n<p class=\"bodytext\">Tutkittu galaksi JADES-GS-z13-1 on mitatun punasiirtym\u00e4ns\u00e4 perusteella yksi kaukaisimmista galakseista niin matkassa kuin ajassakin mitattuna.\u00a0\n<\/p>\n<p>\u201cGS-z13-1 n\u00e4kyy sellaisena kuin se oli maailmankaikkeuden ollessa vain 330 miljoonan vuoden ik\u00e4inen, mutta siin\u00e4 erottuu yll\u00e4tt\u00e4v\u00e4n selv\u00e4 Lyman-alfa-spektriviivan s\u00e4teily&#8221;, kertoo <strong>Roberto Maiolino<\/strong> Cambridgen yliopistosta ja UCL:sta. Kyseinen s\u00e4teily voi n\u00e4ky\u00e4 vain, mik\u00e4li sit\u00e4 ymp\u00e4r\u00f6iv\u00e4 sumu on kokonaan h\u00e4lventynyt. \u00a0\n<\/p>\n<p>\u201cTulos oli t\u00e4ysin odottamaton varhaisten galaksien muodostumisen teorioihin verrattuna ja on yll\u00e4tt\u00e4nyt t\u00e4htitieteilij\u00e4t&#8221;, Maiolino sanoo.\u00a0\n<\/p>\n<p>Tutkijat spekuloivat, ett\u00e4 kyseist\u00e4 galaksia ymp\u00e4r\u00f6iv\u00e4 ionisoituneen vedyn kupla on saattanut synty\u00e4 eritt\u00e4in massiivisten ja kuumien t\u00e4htien vaikutuksen ansiosta. Toinen hypoteesi on, ett\u00e4 galaksissa oli poikkeuksellisen aktiivinen supermassiivinen musta aukko, joka voisi olla vastuussa vedyn ionisoitumisesta sen ymp\u00e4rill\u00e4.\u00a0\n<\/p>\n<p>Havaintoja varhaiselta ajalta, jolloin valo ei viel\u00e4 p\u00e4\u00e4ssyt etenem\u00e4\u00e4n universumissa, on ehdotettu teht\u00e4v\u00e4ksi pitk\u00e4aaltoisilla radioaalloilla. N\u00e4in kyett\u00e4isiin saamaan tietoa kaikkeuden varhaisimpien rakenteiden muodostumisesta.\n<\/p>\n<p><a href=\"https:\/\/webbtelescope.org\/contents\/news-releases\/2025\/news-2025-116\" target=\"_blank\" rel=\"noreferrer nofollow noopener\">Aiheesta lis\u00e4\u00e4 Webb Space Telescope<\/a> (englanniksi)<\/p>\n","protected":false},"excerpt":{"rendered":"Nyky-ymm\u00e4rryksen mukaan nuori universumi kylpi paksussa neutraalin vedyn valoa absorboivassa sumussa. Webb-avaruusteleskoopin spektrihavainnot varhaisesta galaksista yll\u00e4ttiv\u00e4t tutkijat.&#13; Tutkittu&hellip;\n","protected":false},"author":2,"featured_media":55595,"comment_status":"","ping_status":"","sticky":false,"template":"","format":"standard","meta":{"footnotes":""},"categories":[114],"tags":[453,33,31,30,118,452,32,119],"class_list":{"0":"post-55594","1":"post","2":"type-post","3":"status-publish","4":"format-standard","5":"has-post-thumbnail","7":"category-avaruus","8":"tag-avaruus","9":"tag-fi","10":"tag-finland","11":"tag-finnish","12":"tag-science","13":"tag-space","14":"tag-suomi","15":"tag-tiede"},"share_on_mastodon":{"url":"","error":""},"_links":{"self":[{"href":"https:\/\/www.europesays.com\/fi\/wp-json\/wp\/v2\/posts\/55594","targetHints":{"allow":["GET"]}}],"collection":[{"href":"https:\/\/www.europesays.com\/fi\/wp-json\/wp\/v2\/posts"}],"about":[{"href":"https:\/\/www.europesays.com\/fi\/wp-json\/wp\/v2\/types\/post"}],"author":[{"embeddable":true,"href":"https:\/\/www.europesays.com\/fi\/wp-json\/wp\/v2\/users\/2"}],"replies":[{"embeddable":true,"href":"https:\/\/www.europesays.com\/fi\/wp-json\/wp\/v2\/comments?post=55594"}],"version-history":[{"count":0,"href":"https:\/\/www.europesays.com\/fi\/wp-json\/wp\/v2\/posts\/55594\/revisions"}],"wp:featuredmedia":[{"embeddable":true,"href":"https:\/\/www.europesays.com\/fi\/wp-json\/wp\/v2\/media\/55595"}],"wp:attachment":[{"href":"https:\/\/www.europesays.com\/fi\/wp-json\/wp\/v2\/media?parent=55594"}],"wp:term":[{"taxonomy":"category","embeddable":true,"href":"https:\/\/www.europesays.com\/fi\/wp-json\/wp\/v2\/categories?post=55594"},{"taxonomy":"post_tag","embeddable":true,"href":"https:\/\/www.europesays.com\/fi\/wp-json\/wp\/v2\/tags?post=55594"}],"curies":[{"name":"wp","href":"https:\/\/api.w.org\/{rel}","templated":true}]}}