{"id":55623,"date":"2025-10-08T02:14:10","date_gmt":"2025-10-08T02:14:10","guid":{"rendered":"https:\/\/www.europesays.com\/fi\/55623\/"},"modified":"2025-10-08T02:14:10","modified_gmt":"2025-10-08T02:14:10","slug":"bruce-dickinson-ei-seurannut-iron-maidenin-tekemisia-ysarin-soolovuosinaan-en-ole-enaa-bandissa-se-ei-ole-minun-asiani","status":"publish","type":"post","link":"https:\/\/www.europesays.com\/fi\/55623\/","title":{"rendered":"Bruce Dickinson ei seurannut Iron Maidenin tekemisi\u00e4 ys\u00e4rin soolovuosinaan &#8211; &#8221;En ole en\u00e4\u00e4 b\u00e4ndiss\u00e4, se ei ole minun asiani&#8221;"},"content":{"rendered":"<p>Hevij\u00e4tti Iron Maidenin keulahahmo Bruce Dickinson astui 1990-luvulla sivuun b\u00e4ndist\u00e4 keskitty\u00e4kseen t\u00e4ysill\u00e4 soolouraansa. Dickinsonin korvaajaksi pestattiin Wolfsbane-yhtyeess\u00e4 laulanut Blaze Bayley, jonka kanssa Maiden julkaisi kaksi pitk\u00e4soittoa, The X Factor (1995) ja Virtual XI (1998). Bayleyn pestist\u00e4 ei kuitenkaan tullut pitk\u00e4aikainen, sill\u00e4 Dickinson palasi riveihin jo ennen vuosituhannen vaihdetta.<\/p>\n<p>Dickinson vieraili hiljattain Chris Jerichon luotsaamassa Talk is Jericho -podcastissa ja laulajalta kysyttiin, kuinka tarkkaan t\u00e4m\u00e4 seurasi Iron Maidenin tekemisi\u00e4 noina Bayley-aikoina. Dickinsonin mukaan ei juurikaan.<\/p>\n<p>\u201dEn sen vuoksi, etteik\u00f6 minua olisi kiinnostanut, mutta olin vain niin kiireinen omien juttujeni kanssa. Siin\u00e4 oli mukana my\u00f6s sellaista ajatusta, ett\u00e4 en ole en\u00e4\u00e4 b\u00e4ndiss\u00e4, se ei ole minun asiani\u201d, <a href=\"https:\/\/blabbermouth.net\/news\/bruce-dickinson-didnt-pay-much-attention-to-iron-maiden-during-blaze-bayley-era-i-was-too-busy-doing-my-own-stuff\" target=\"_blank\" rel=\"noreferrer noopener nofollow\">Dickinson toteaa<\/a>.<\/p>\n<p>\u201dToivoin Blazelle kaikkea hyv\u00e4\u00e4, koska kun kuulin, ett\u00e4 h\u00e4n liittyy b\u00e4ndiin, ajattelin, ett\u00e4 vau\u2026 H\u00e4nen \u00e4\u00e4nens\u00e4 on hyvin erilainen kuin minun. Rakastin h\u00e4nt\u00e4 Wolfsbanessa ja toivoin, ett\u00e4 asiat menisiv\u00e4t hyvin. Ik\u00e4v\u00e4 kyll\u00e4 eiv\u00e4t menneet. Mutta rakastan Blazea. Mielest\u00e4ni h\u00e4n on mahtava hahmo eik\u00e4 h\u00e4ness\u00e4 oli yht\u00e4k\u00e4\u00e4n pahantahtoista luuta.\u201d<\/p>\n<p>Palattuaan b\u00e4ndiin Dickinson on esitt\u00e4nyt joitain Bayley-aikakauden kappaleita keikoilla \u2013 varsinkin The Clansman ja Sign of the Cross ovat olleet setiss\u00e4 useammallakin kiertueella \u2013 mutta my\u00f6nt\u00e4\u00e4, ettei ihan kaikki Bayleyn kanssa tehty kama sovellu h\u00e4nelle.<\/p>\n<p>\u201dOsa h\u00e4nen kanssaan tehdyist\u00e4 biiseist\u00e4 eiv\u00e4t oikein osu rekisteriini \u2013 ne menev\u00e4t hiukan liian matalalle. Blaze pystyy laulamaan todella voimakkaasti niilt\u00e4 korkeuksilta, mutta minulle tuottaisi vaikeuksia saada sit\u00e4 samaa tehoa, koska se menee juuri sen tason alle, miss\u00e4 kohtaa minun \u00e4\u00e4nell\u00e4ni kaikki hevosvoimat alkavat potkia.\u201d<\/p>\n<p><img loading=\"lazy\" decoding=\"async\" alt=\"YouTube video\" width=\"480\" height=\"360\" data-pin-nopin=\"true\" nopin=\"nopin\" class=\"perfmatters-lazy\" src=\"https:\/\/www.europesays.com\/fi\/wp-content\/uploads\/2025\/10\/1759889650_899_hqdefault.jpg\"\/><\/p>\n<p>Lue my\u00f6s: <a href=\"https:\/\/www.soundi.fi\/uutiset\/ne-ovat-todella-vahvoja-voimakkaita-levyja-steve-harris-puolustaa-kahta-iron-maidenin-vaheksyttya-albumia\/\" title=\"\u201dNe ovat todella vahvoja, voimakkaita levyj\u00e4\u201d \u2013 Steve Harris puolustaa kahta Iron Maidenin v\u00e4heksytty\u00e4 albumia\" class=\"underline-custom !font-montserrat !font-bold !underline-offset-4 !decoration-4 !decoration-tilt-light\" rel=\"nofollow noopener\" target=\"_blank\">\u201dNe ovat todella vahvoja, voimakkaita levyj\u00e4\u201d \u2013 Steve Harris puolustaa kahta Iron Maidenin v\u00e4heksytty\u00e4 albumia<\/a><\/p>\n<p>Lue my\u00f6s: <a href=\"https:\/\/www.soundi.fi\/uutiset\/onko-bruce-dickinsonin-tears-of-the-dragon-jonkinlainen-kuittaus-iron-maidenille-laulaja-kertoo\/\" title=\"Onko Bruce Dickinsonin Tears of the Dragon jonkinlainen kuittaus Iron Maidenille? Laulaja kertoo\" class=\"underline-custom !font-montserrat !font-bold !underline-offset-4 !decoration-4 !decoration-tilt-light\" rel=\"nofollow noopener\" target=\"_blank\">Onko Bruce Dickinsonin Tears of the Dragon jonkinlainen kuittaus Iron Maidenille? Laulaja kertoo<\/a><\/p>\n","protected":false},"excerpt":{"rendered":"Hevij\u00e4tti Iron Maidenin keulahahmo Bruce Dickinson astui 1990-luvulla sivuun b\u00e4ndist\u00e4 keskitty\u00e4kseen t\u00e4ysill\u00e4 soolouraansa. Dickinsonin korvaajaksi pestattiin Wolfsbane-yhtyeess\u00e4 laulanut&hellip;\n","protected":false},"author":2,"featured_media":55624,"comment_status":"","ping_status":"","sticky":false,"template":"","format":"standard","meta":{"footnotes":""},"categories":[132],"tags":[137,33,31,30,195,47,32,109],"class_list":{"0":"post-55623","1":"post","2":"type-post","3":"status-publish","4":"format-standard","5":"has-post-thumbnail","7":"category-musiikki","8":"tag-entertainment","9":"tag-fi","10":"tag-finland","11":"tag-finnish","12":"tag-music","13":"tag-musiikki","14":"tag-suomi","15":"tag-viihde"},"share_on_mastodon":{"url":"","error":""},"_links":{"self":[{"href":"https:\/\/www.europesays.com\/fi\/wp-json\/wp\/v2\/posts\/55623","targetHints":{"allow":["GET"]}}],"collection":[{"href":"https:\/\/www.europesays.com\/fi\/wp-json\/wp\/v2\/posts"}],"about":[{"href":"https:\/\/www.europesays.com\/fi\/wp-json\/wp\/v2\/types\/post"}],"author":[{"embeddable":true,"href":"https:\/\/www.europesays.com\/fi\/wp-json\/wp\/v2\/users\/2"}],"replies":[{"embeddable":true,"href":"https:\/\/www.europesays.com\/fi\/wp-json\/wp\/v2\/comments?post=55623"}],"version-history":[{"count":0,"href":"https:\/\/www.europesays.com\/fi\/wp-json\/wp\/v2\/posts\/55623\/revisions"}],"wp:featuredmedia":[{"embeddable":true,"href":"https:\/\/www.europesays.com\/fi\/wp-json\/wp\/v2\/media\/55624"}],"wp:attachment":[{"href":"https:\/\/www.europesays.com\/fi\/wp-json\/wp\/v2\/media?parent=55623"}],"wp:term":[{"taxonomy":"category","embeddable":true,"href":"https:\/\/www.europesays.com\/fi\/wp-json\/wp\/v2\/categories?post=55623"},{"taxonomy":"post_tag","embeddable":true,"href":"https:\/\/www.europesays.com\/fi\/wp-json\/wp\/v2\/tags?post=55623"}],"curies":[{"name":"wp","href":"https:\/\/api.w.org\/{rel}","templated":true}]}}