{"id":55639,"date":"2025-10-08T02:28:23","date_gmt":"2025-10-08T02:28:23","guid":{"rendered":"https:\/\/www.europesays.com\/fi\/55639\/"},"modified":"2025-10-08T02:28:23","modified_gmt":"2025-10-08T02:28:23","slug":"raketti-ilmion-spiraali-nakyi-pohjoismaiden-ylla","status":"publish","type":"post","link":"https:\/\/www.europesays.com\/fi\/55639\/","title":{"rendered":"Raketti-ilmi\u00f6n spiraali n\u00e4kyi Pohjoismaiden yll\u00e4"},"content":{"rendered":"<p>Maanantaina kello 22 aikaan koko Pohjoismaiden alueella n\u00e4htiin kirkas raketti-ilmi\u00f6, joka liittyi SpaceX:n laukaisuun. Moni ilmi\u00f6n n\u00e4hnyt ihasteli sen spiraalimaista muotoa.\u00a0&#13;<\/p>\n<p class=\"bodytext\">Kyseess\u00e4 oli maanantaina kello 19.48 Suomen aikaa Cape Canaveralista laukaistu Falcon 9 -kantoraketti. Kyydiss\u00e4 oli Yhdysvaltain avaruusvoimien salaista hy\u00f6tykuormaa.\u00a0\n<\/p>\n<p>Kun raketin ylempi vaihe oli vapauttanut hy\u00f6tykuormansa avaruuteen onnistuneesti, se seuraavaksi jarrutti vauhtiaan. Laskeutuessaan ilmakeh\u00e4\u00e4n vaihe laski yli j\u00e4\u00e4neet ajoaineensa pilven\u00e4 avaruuteen.\u00a0\n<\/p>\n<p>Laajeneva kaasupilvi heijastaa auringonvaloa ja erottuu siksi kirkkaana satelliitin lailla liikkuvana sumupilven\u00e4.\u00a0\n<\/p>\n<p>Rakettivaiheen py\u00f6riminen samalla, kun ajoaineita p\u00e4\u00e4stet\u00e4\u00e4n ulos saa aikaan spiraalimaisen muodon pilveen. Rakettipilvi laajenee ja katoaa n\u00e4kyvist\u00e4 jo muutamassa minuutissa.\n<\/p>\n<p>Ursan <a href=\"https:\/\/www.taivaanvahti.fi\/observations\/browse\/list\/6448018\/observation_id\/desc\/0\/\" target=\"_blank\" rel=\"noreferrer nofollow noopener\">Taivaanvahti-havaintopalveluun<\/a> on saapunut useita kuvallisia havaintoja kohteesta.\n<\/p>\n<p>Viime viikolla koettiin my\u00f6s toinen rakettilaukaisuun liittyv\u00e4 ilmi\u00f6, kun Falcon 9 -kantoraketilla laukaistut 11 Starshield-satelliittia <a href=\"https:\/\/www.taivaanvahti.fi\/observations\/browse\/pics\/6446300\/observation_start_time\/desc\/0\/20\" target=\"_blank\" rel=\"noreferrer nofollow noopener\">n\u00e4htiin helminauhana<\/a> taivaalla.\n<\/p>\n<p>SpaceX-yhti\u00f6n Falcon 9 -kantoraketti on vallannut viime vuosina maailman kaupalliset laukaisumarkkinat. Sen ensimm\u00e4inen vaihe saadaan k\u00e4ytetty\u00e4 uudelleen, ja siksi laukaisukustannukset ovat selv\u00e4sti kilpailijoita halvemmat.\u00a0\n<\/p>\n<p>Viime viikon laukaisussa SpaceX teki enn\u00e4tyksen laukaistessaan saman kantorakettivaiheen uudelleen vain 9 p\u00e4iv\u00e4\u00e4 edellisen laukaisun j\u00e4lkeen.<\/p>\n","protected":false},"excerpt":{"rendered":"Maanantaina kello 22 aikaan koko Pohjoismaiden alueella n\u00e4htiin kirkas raketti-ilmi\u00f6, joka liittyi SpaceX:n laukaisuun. Moni ilmi\u00f6n n\u00e4hnyt ihasteli&hellip;\n","protected":false},"author":2,"featured_media":55640,"comment_status":"","ping_status":"","sticky":false,"template":"","format":"standard","meta":{"footnotes":""},"categories":[114],"tags":[453,33,31,30,118,452,32,119],"class_list":{"0":"post-55639","1":"post","2":"type-post","3":"status-publish","4":"format-standard","5":"has-post-thumbnail","7":"category-avaruus","8":"tag-avaruus","9":"tag-fi","10":"tag-finland","11":"tag-finnish","12":"tag-science","13":"tag-space","14":"tag-suomi","15":"tag-tiede"},"share_on_mastodon":{"url":"","error":""},"_links":{"self":[{"href":"https:\/\/www.europesays.com\/fi\/wp-json\/wp\/v2\/posts\/55639","targetHints":{"allow":["GET"]}}],"collection":[{"href":"https:\/\/www.europesays.com\/fi\/wp-json\/wp\/v2\/posts"}],"about":[{"href":"https:\/\/www.europesays.com\/fi\/wp-json\/wp\/v2\/types\/post"}],"author":[{"embeddable":true,"href":"https:\/\/www.europesays.com\/fi\/wp-json\/wp\/v2\/users\/2"}],"replies":[{"embeddable":true,"href":"https:\/\/www.europesays.com\/fi\/wp-json\/wp\/v2\/comments?post=55639"}],"version-history":[{"count":0,"href":"https:\/\/www.europesays.com\/fi\/wp-json\/wp\/v2\/posts\/55639\/revisions"}],"wp:featuredmedia":[{"embeddable":true,"href":"https:\/\/www.europesays.com\/fi\/wp-json\/wp\/v2\/media\/55640"}],"wp:attachment":[{"href":"https:\/\/www.europesays.com\/fi\/wp-json\/wp\/v2\/media?parent=55639"}],"wp:term":[{"taxonomy":"category","embeddable":true,"href":"https:\/\/www.europesays.com\/fi\/wp-json\/wp\/v2\/categories?post=55639"},{"taxonomy":"post_tag","embeddable":true,"href":"https:\/\/www.europesays.com\/fi\/wp-json\/wp\/v2\/tags?post=55639"}],"curies":[{"name":"wp","href":"https:\/\/api.w.org\/{rel}","templated":true}]}}