{"id":55651,"date":"2025-10-08T02:44:13","date_gmt":"2025-10-08T02:44:13","guid":{"rendered":"https:\/\/www.europesays.com\/fi\/55651\/"},"modified":"2025-10-08T02:44:13","modified_gmt":"2025-10-08T02:44:13","slug":"netflixiin-tulee-paras-suomessa-tehty-toimintaelokuva-mutta-emme-viela-tieda-milloin","status":"publish","type":"post","link":"https:\/\/www.europesays.com\/fi\/55651\/","title":{"rendered":"Netflixiin tulee paras Suomessa tehty toimintaelokuva, mutta emme viel\u00e4 tied\u00e4 milloin"},"content":{"rendered":"<p><strong>Sisu 2 saapuu Suomen elokuvateattereihin keskiviikkona 22. lokakuuta. Pian Jalmari Helanderin ensimm\u00e4isen toimintarymistelyn voi katsoa Netflixist\u00e4.<\/strong><\/p>\n<p>Tarjolla on hyvi\u00e4 ja huonoja uutisia:<\/p>\n<p>Netflix on kyll\u00e4 ilmoittanut <a href=\"https:\/\/muropaketti.com\/avainsana\/sisu\/\" rel=\"nofollow noopener\" target=\"_blank\">Sisun<\/a> (2022) olevan tulossa palveluun, mutta ei ole vaivautunut vahvistamaan p\u00e4iv\u00e4\u00e4. Mahdollista on, ett\u00e4 julkaisu tapahtuu samaan aikaan kuin Sisu tulee katsottavaksi Viaplayhin (vastaavaa on tapahtunut aikaisemminkin) eli maanantaina 27. lokakuuta.<\/p>\n<p>T\u00e4ll\u00e4 hetkell\u00e4 Sisu on katsottavissa suoratoistona MTV Katsomon kuukausitilauksella, mutta vain maanantaihin 20. lokakuuta asti.<\/p>\n<p>Jorma Tommilan t\u00e4hditt\u00e4m\u00e4n Sisun juonikuvaus kuuluu n\u00e4in:<\/p>\n<p>\u201dSyv\u00e4ll\u00e4 Lapin er\u00e4maassa Aatami Korpi etsii kultaa. Ajoittain pommikoneiden ylilento ja et\u00e4iset sodan \u00e4\u00e4net kuuluvat kirkkaina syys\u00f6in\u00e4. Viimein raskas ty\u00f6 palkitaan ja kultap\u00f6ly vaskoolissa kasvaa kultakimpaleiksi. Kun Aatami l\u00e4htee viem\u00e4\u00e4n kulta-aarrettaan l\u00e4himp\u00e4\u00e4n kaupunkiin, vastaan rymistelee SS Obersturmf\u00fchrer Bruno Helldorfin johtama kolmekymment\u00e4henkinen natsituhopartio.\u201d<\/p>\n<blockquote class=\"wp-embedded-content\" data-secret=\"BIHXqRhdbu\">\n<p><a href=\"https:\/\/muropaketti.com\/elokuvat\/elokuva-arvostelut\/arvostelu-sisu-on-paras-suomessa-koskaan-tehty-toimintaelokuva\/\" rel=\"nofollow noopener\" target=\"_blank\">Arvostelu | Sisu on paras Suomessa tehty toimintaelokuva<\/a><\/p>\n<\/blockquote>\n","protected":false},"excerpt":{"rendered":"Sisu 2 saapuu Suomen elokuvateattereihin keskiviikkona 22. lokakuuta. Pian Jalmari Helanderin ensimm\u00e4isen toimintarymistelyn voi katsoa Netflixist\u00e4. Tarjolla on&hellip;\n","protected":false},"author":2,"featured_media":55652,"comment_status":"","ping_status":"","sticky":false,"template":"","format":"standard","meta":{"footnotes":""},"categories":[130],"tags":[137,33,31,30,217,3297,32,109],"class_list":{"0":"post-55651","1":"post","2":"type-post","3":"status-publish","4":"format-standard","5":"has-post-thumbnail","7":"category-viihde","8":"tag-entertainment","9":"tag-fi","10":"tag-finland","11":"tag-finnish","12":"tag-netflix","13":"tag-sisu","14":"tag-suomi","15":"tag-viihde"},"share_on_mastodon":{"url":"","error":""},"_links":{"self":[{"href":"https:\/\/www.europesays.com\/fi\/wp-json\/wp\/v2\/posts\/55651","targetHints":{"allow":["GET"]}}],"collection":[{"href":"https:\/\/www.europesays.com\/fi\/wp-json\/wp\/v2\/posts"}],"about":[{"href":"https:\/\/www.europesays.com\/fi\/wp-json\/wp\/v2\/types\/post"}],"author":[{"embeddable":true,"href":"https:\/\/www.europesays.com\/fi\/wp-json\/wp\/v2\/users\/2"}],"replies":[{"embeddable":true,"href":"https:\/\/www.europesays.com\/fi\/wp-json\/wp\/v2\/comments?post=55651"}],"version-history":[{"count":0,"href":"https:\/\/www.europesays.com\/fi\/wp-json\/wp\/v2\/posts\/55651\/revisions"}],"wp:featuredmedia":[{"embeddable":true,"href":"https:\/\/www.europesays.com\/fi\/wp-json\/wp\/v2\/media\/55652"}],"wp:attachment":[{"href":"https:\/\/www.europesays.com\/fi\/wp-json\/wp\/v2\/media?parent=55651"}],"wp:term":[{"taxonomy":"category","embeddable":true,"href":"https:\/\/www.europesays.com\/fi\/wp-json\/wp\/v2\/categories?post=55651"},{"taxonomy":"post_tag","embeddable":true,"href":"https:\/\/www.europesays.com\/fi\/wp-json\/wp\/v2\/tags?post=55651"}],"curies":[{"name":"wp","href":"https:\/\/api.w.org\/{rel}","templated":true}]}}