{"id":55687,"date":"2025-10-08T03:16:10","date_gmt":"2025-10-08T03:16:10","guid":{"rendered":"https:\/\/www.europesays.com\/fi\/55687\/"},"modified":"2025-10-08T03:16:10","modified_gmt":"2025-10-08T03:16:10","slug":"pitka-saaennuste-tallainen-talvi-on-tulossa","status":"publish","type":"post","link":"https:\/\/www.europesays.com\/fi\/55687\/","title":{"rendered":"Pitk\u00e4 s\u00e4\u00e4ennuste \u2013 T\u00e4llainen talvi on tulossa"},"content":{"rendered":"<p>Tammikuulle asti ulottuva ennuste lupaa lauhaa talvea.<\/p>\n<p><img decoding=\"async\" class=\"image image-show image-preview\" src=\"https:\/\/www.europesays.com\/fi\/wp-content\/uploads\/2025\/10\/91712e7284ff20114c3a8f95420f034c4211b5a0c5312349388ccf1a703acb4b.jpg\" alt=\"\"\/><img decoding=\"async\" class=\"image image-show\" src=\"https:\/\/www.europesays.com\/fi\/wp-content\/uploads\/2025\/10\/1759893369_189_91712e7284ff20114c3a8f95420f034c4211b5a0c5312349388ccf1a703acb4b.jpg\" alt=\"\"\/><\/p>\n<p>Pitk\u00e4 s\u00e4\u00e4ennuste ulottuu tammikuulle asti. Kuvituskuva. PASI LIESIMAA<\/p>\n<p class=\"paragraph\">Marras\u2013tammikuun pitk\u00e4 s\u00e4\u00e4ennuste on julkaistu, kertoo <a href=\"https:\/\/www.foreca.fi\/meteorologilta\/v71fyy7q\" rel=\"noopener nofollow\" target=\"_blank\">Foreca<\/a>. Euroopan keskipitkien s\u00e4\u00e4ennusteiden keskus ECMWF:n mukaan talvikuukaudet ovat Suomessa selv\u00e4sti tavanomaista l\u00e4mpim\u00e4mpi\u00e4.<\/p>\n<p class=\"paragraph\">L\u00e4mp\u00f6tilojen ennustetaan olevan tavallista korkeampia l\u00e4hes koko Euroopassa. Ero on suurin Pohjoismaissa ja Baltiassa, eli l\u00e4mp\u00f6tilojen ennustetaan olevan 1\u20132 astetta tavanomaista korkeampia.<\/p>\n<p class=\"paragraph\">S\u00e4\u00e4ennusteen mukaan Suomeen on odotettavissa lauha ja sateinen talvi. Marraskuun ja tammikuun v\u00e4lill\u00e4 maahan tulee tavanomaista enemm\u00e4n sateita.<\/p>\n<p>Lunta ja pakkasta<\/p>\n<p class=\"paragraph\">Terminen talvi saattaa ennusteen perusteella edet\u00e4 hitaaseen tahtiin, kertoo Forecan meteorologi Joanna Rinne s\u00e4\u00e4blogissa.<\/p>\n<p class=\"paragraph\">Pitk\u00e4 s\u00e4\u00e4ennuste ei kerro yksitt\u00e4isten p\u00e4ivien s\u00e4\u00e4st\u00e4. Lumisia p\u00e4ivi\u00e4 ja kylmi\u00e4 pakkasia on todenn\u00e4k\u00f6isesti luvassa t\u00e4llekin vuodelle.<\/p>\n<p class=\"paragraph\">\u2013 Kuitenkin pitk\u00e4t eritt\u00e4in kylm\u00e4n s\u00e4\u00e4n jaksot ovat ep\u00e4todenn\u00e4k\u00f6isempi\u00e4 kuin pidempikestoinen lauha s\u00e4\u00e4, Rinne sanoo s\u00e4\u00e4blogissa.<\/p>\n<p class=\"paragraph\">Terminen talvi alkaa, kun l\u00e4mp\u00f6tilat laskevat pysyv\u00e4mmin nollan asteen alapuolelle. Lapissa terminen talvi alkaa tyypillisesti lokakuun loppupuoliskolla, ja etel\u00e4ss\u00e4 ja l\u00e4nsirannikolla marras-joulukuun vaihteessa.<\/p>\n<p><a href=\"https:\/\/www.iltalehti.fi\/parassaa?storeCampaign=ArticleBottomBanner\" rel=\"nofollow noopener\" target=\"_blank\"><img decoding=\"async\" src=\"https:\/\/www.europesays.com\/fi\/wp-content\/uploads\/2025\/08\/d0fd7860228df4fdd5fd0367e49d769aa09b08189080ddc5ccdd8c31ad63aca9.png\" alt=\"IL Paras S\u00e4\u00e4 - S\u00e4\u00e4tiedot ja s\u00e4\u00e4ennusteet\"\/><\/a><\/p>\n","protected":false},"excerpt":{"rendered":"Tammikuulle asti ulottuva ennuste lupaa lauhaa talvea. Pitk\u00e4 s\u00e4\u00e4ennuste ulottuu tammikuulle asti. Kuvituskuva. PASI LIESIMAA Marras\u2013tammikuun pitk\u00e4 s\u00e4\u00e4ennuste&hellip;\n","protected":false},"author":2,"featured_media":55688,"comment_status":"","ping_status":"","sticky":false,"template":"","format":"standard","meta":{"footnotes":""},"categories":[5],"tags":[35,22,23,26,27,33,31,30,17,713,24,25,28,29,715,15,18,21,710,714,1942,32,19,20,16],"class_list":{"0":"post-55687","1":"post","2":"type-post","3":"status-publish","4":"format-standard","5":"has-post-thumbnail","7":"category-otsikot","8":"tag-24h","9":"tag-breaking-news","10":"tag-breakingnews","11":"tag-featured-news","12":"tag-featurednews","13":"tag-fi","14":"tag-finland","15":"tag-finnish","16":"tag-headlines","17":"tag-lampotila-saa","18":"tag-latest-news","19":"tag-latestnews","20":"tag-main-news","21":"tag-mainnews","22":"tag-meteorologia","23":"tag-news","24":"tag-otsikot","25":"tag-paauutiset","26":"tag-saa","27":"tag-saaennustus","28":"tag-sateinen-saa","29":"tag-suomi","30":"tag-top-stories","31":"tag-topstories","32":"tag-uutiset"},"share_on_mastodon":{"url":"","error":""},"_links":{"self":[{"href":"https:\/\/www.europesays.com\/fi\/wp-json\/wp\/v2\/posts\/55687","targetHints":{"allow":["GET"]}}],"collection":[{"href":"https:\/\/www.europesays.com\/fi\/wp-json\/wp\/v2\/posts"}],"about":[{"href":"https:\/\/www.europesays.com\/fi\/wp-json\/wp\/v2\/types\/post"}],"author":[{"embeddable":true,"href":"https:\/\/www.europesays.com\/fi\/wp-json\/wp\/v2\/users\/2"}],"replies":[{"embeddable":true,"href":"https:\/\/www.europesays.com\/fi\/wp-json\/wp\/v2\/comments?post=55687"}],"version-history":[{"count":0,"href":"https:\/\/www.europesays.com\/fi\/wp-json\/wp\/v2\/posts\/55687\/revisions"}],"wp:featuredmedia":[{"embeddable":true,"href":"https:\/\/www.europesays.com\/fi\/wp-json\/wp\/v2\/media\/55688"}],"wp:attachment":[{"href":"https:\/\/www.europesays.com\/fi\/wp-json\/wp\/v2\/media?parent=55687"}],"wp:term":[{"taxonomy":"category","embeddable":true,"href":"https:\/\/www.europesays.com\/fi\/wp-json\/wp\/v2\/categories?post=55687"},{"taxonomy":"post_tag","embeddable":true,"href":"https:\/\/www.europesays.com\/fi\/wp-json\/wp\/v2\/tags?post=55687"}],"curies":[{"name":"wp","href":"https:\/\/api.w.org\/{rel}","templated":true}]}}