{"id":55721,"date":"2025-10-08T04:02:11","date_gmt":"2025-10-08T04:02:11","guid":{"rendered":"https:\/\/www.europesays.com\/fi\/55721\/"},"modified":"2025-10-08T04:02:11","modified_gmt":"2025-10-08T04:02:11","slug":"iina-kuustonen-kertoo-erikoisesta-lomastaan-my-kind-of-loma","status":"publish","type":"post","link":"https:\/\/www.europesays.com\/fi\/55721\/","title":{"rendered":"Iina Kuustonen kertoo erikoisesta lomastaan \u2013 \u201dMy kind of loma!\u201d"},"content":{"rendered":"<p>N\u00e4yttelij\u00e4<strong> Iina Kuustonen<\/strong> on ollut lomalla Etel\u00e4-Italiassa. H\u00e4n kertoo somejulkaisussaan sen aikana kokemistaan asioista, jotka eiv\u00e4t vaikuta ihan perinteisilt\u00e4 lomakokemuksilta. Moni viett\u00e4\u00e4 lomansa paikoissa, joissa on paljon muita ihmisi\u00e4. Iinan kohteessa heit\u00e4 ei tunnu juurikaan olleen.<\/p>\n<p>Lue my\u00f6s: <a href=\"https:\/\/www.como.fi\/uutiset\/iina-kuustonen-on-aina-tykannyt-kutoa-nyt-uusi-aluevaltaus\/\" title=\"Iina Kuustonen on aina tyk\u00e4nnyt kutoa \u2013 nyt uusi aluevaltaus!\" class=\"underline-custom !font-montserrat !font-bold !underline-offset-4 !decoration-4 !decoration-red-600 !text-md\" rel=\"nofollow noopener\" target=\"_blank\">Iina Kuustonen on aina tyk\u00e4nnyt kutoa \u2013 nyt uusi aluevaltaus!<\/a><\/p>\n<p>\u2013 P\u00e4\u00e4stiin lomalle mun yst\u00e4v\u00e4n ihanaan k\u00e4mpp\u00e4\u00e4n Etel\u00e4-Italiaan! Rannoilla ei ollut ket\u00e4\u00e4n muita, vesi oli kristallinkirkasta ja Italian kauneus ainutlaatuista, kirjoittaa Iina.<\/p>\n<p>Iina kertoo lomakohteestaan viel\u00e4 lis\u00e4\u00e4 ja se tuntuu entist\u00e4 erikoisemmalta.<\/p>\n<p>\u2013 Roseto Capo Spulicon vanhassa kaupungissa oli rauha, hiljaisuus ja kauneus l\u00e4sn\u00e4. Pelkki\u00e4 el\u00e4kel\u00e4isi\u00e4 istuskelemassa ja rupattelemassa. My kind of loma! toteaa Iina.<\/p>\n<p>Iina on k\u00e4ynyt my\u00f6s majoituksesta tunnin ajomatkan p\u00e4\u00e4ss\u00e4 sijaitsevassa Materassa, jota h\u00e4n kuvailee upeaksi paikaksi. H\u00e4nen julkaisustaan l\u00f6ytyy kuvia my\u00f6s sielt\u00e4.<\/p>\n<p>Islannissa asuva kirjailija <strong>Satu R\u00e4m\u00f6<\/strong> pit\u00e4\u00e4 Iinan lomakohdetta t\u00e4ydellisen\u00e4 paikkana ja kiitt\u00e4\u00e4 vinkist\u00e4.<\/p>\n<p>Jos upotus ei n\u00e4y, avaa se auki <a href=\"https:\/\/www.instagram.com\/p\/DPaq4bBio1J\/?utm_source=ig_web_copy_link&amp;igsh=MzRlODBiNWFlZA==\" target=\"_blank\" rel=\"noreferrer noopener nofollow\">t\u00e4st\u00e4<\/a>.<\/p>\n<p>Iina on julkaissut syyslomaltaan my\u00f6hemmin lis\u00e4\u00e4 kuvia. Kuvat on otettu rannalta ja h\u00e4n neuloo kuvissa. H\u00e4n on kertonut aiemmassa julkaisussaan olevansa intohimoinen neuloja.<\/p>\n<p>Jos upotus ei n\u00e4y, avaa se auki <a href=\"https:\/\/www.instagram.com\/p\/DPeNT7tiudE\/?utm_source=ig_web_copy_link&amp;igsh=MzRlODBiNWFlZA==\" target=\"_blank\" rel=\"noreferrer noopener nofollow\">t\u00e4st\u00e4<\/a>.<\/p>\n<p>Lue my\u00f6s: <a href=\"https:\/\/www.como.fi\/tilaa-comon-uutiskirje\/\" title=\"Tilaa Comon uutiskirje ja tied\u00e4t mist\u00e4 kahvitauolla puhutaan! Nappaa kotimaan tv-vinkit ja puheenaiheet suoraan s\u00e4hk\u00f6postiin t\u00e4st\u00e4.\" class=\"underline-custom !font-montserrat !font-bold !underline-offset-4 !decoration-4 !decoration-red-600 !text-md\" rel=\"nofollow noopener\" target=\"_blank\">Tilaa Comon uutiskirje ja tied\u00e4t mist\u00e4 kahvitauolla puhutaan! Nappaa kotimaan tv-vinkit ja puheenaiheet suoraan s\u00e4hk\u00f6postiin t\u00e4st\u00e4.<\/a><\/p>\n<p>\t\t\t<script async src=\"\/\/www.instagram.com\/embed.js\"><\/script><\/p>\n","protected":false},"excerpt":{"rendered":"N\u00e4yttelij\u00e4 Iina Kuustonen on ollut lomalla Etel\u00e4-Italiassa. H\u00e4n kertoo somejulkaisussaan sen aikana kokemistaan asioista, jotka eiv\u00e4t vaikuta ihan&hellip;\n","protected":false},"author":2,"featured_media":55722,"comment_status":"","ping_status":"","sticky":false,"template":"","format":"standard","meta":{"footnotes":""},"categories":[130],"tags":[137,33,31,30,9313,32,109],"class_list":{"0":"post-55721","1":"post","2":"type-post","3":"status-publish","4":"format-standard","5":"has-post-thumbnail","7":"category-viihde","8":"tag-entertainment","9":"tag-fi","10":"tag-finland","11":"tag-finnish","12":"tag-iina-kuustonen","13":"tag-suomi","14":"tag-viihde"},"share_on_mastodon":{"url":"","error":""},"_links":{"self":[{"href":"https:\/\/www.europesays.com\/fi\/wp-json\/wp\/v2\/posts\/55721","targetHints":{"allow":["GET"]}}],"collection":[{"href":"https:\/\/www.europesays.com\/fi\/wp-json\/wp\/v2\/posts"}],"about":[{"href":"https:\/\/www.europesays.com\/fi\/wp-json\/wp\/v2\/types\/post"}],"author":[{"embeddable":true,"href":"https:\/\/www.europesays.com\/fi\/wp-json\/wp\/v2\/users\/2"}],"replies":[{"embeddable":true,"href":"https:\/\/www.europesays.com\/fi\/wp-json\/wp\/v2\/comments?post=55721"}],"version-history":[{"count":0,"href":"https:\/\/www.europesays.com\/fi\/wp-json\/wp\/v2\/posts\/55721\/revisions"}],"wp:featuredmedia":[{"embeddable":true,"href":"https:\/\/www.europesays.com\/fi\/wp-json\/wp\/v2\/media\/55722"}],"wp:attachment":[{"href":"https:\/\/www.europesays.com\/fi\/wp-json\/wp\/v2\/media?parent=55721"}],"wp:term":[{"taxonomy":"category","embeddable":true,"href":"https:\/\/www.europesays.com\/fi\/wp-json\/wp\/v2\/categories?post=55721"},{"taxonomy":"post_tag","embeddable":true,"href":"https:\/\/www.europesays.com\/fi\/wp-json\/wp\/v2\/tags?post=55721"}],"curies":[{"name":"wp","href":"https:\/\/api.w.org\/{rel}","templated":true}]}}