{"id":55793,"date":"2025-10-08T05:27:10","date_gmt":"2025-10-08T05:27:10","guid":{"rendered":"https:\/\/www.europesays.com\/fi\/55793\/"},"modified":"2025-10-08T05:27:10","modified_gmt":"2025-10-08T05:27:10","slug":"liito-oravien-maara-romahti-pietarsaaressa-kantaa-uhkaavat-lukuisat-tekijat","status":"publish","type":"post","link":"https:\/\/www.europesays.com\/fi\/55793\/","title":{"rendered":"Liito-oravien m\u00e4\u00e4r\u00e4 romahti Pietarsaaressa \u2013 Kantaa uhkaavat lukuisat tekij\u00e4t"},"content":{"rendered":"<p>                                  Paikallisuutiset<\/p>\n<p>                <img loading=\"lazy\" decoding=\"async\" itemprop=\"contentUrl\" class=\"figure-img img-fluid\"  src=\"https:\/\/www.europesays.com\/fi\/wp-content\/uploads\/2025\/10\/1759901230_573_imengine.public.prod.hil.infomaker.io\" width=\"559\" height=\"314\"  alt=\"\"\/><\/p>\n<p>                                    Liito-orava alkaa olla niin harvinainen n\u00e4ky Pietarsaaressa, ett\u00e4 laji tulisi kartoituksen mukaan luokitella jopa \u201d\u00e4\u00e4rimm\u00e4isen uhanalaiseksi\u201d.<br \/>\n                                                    Kuva:<br \/>\n                    Henrik Lund<\/p>\n<p>      MAINOS &#8211; juttu jatkuu mainoksen j\u00e4lkeen<\/p>\n<p>      MAINOS &#8211; mainos p\u00e4\u00e4ttyy<\/p>\n<p class=\"ew-body\">Liito-orava on Pietarsaaressa k\u00e4ynyt niin harvinaiseksi, ett\u00e4 voidaan puhua kannan romahtamisesta \u2013 vuosien 1999 ja 2025 v\u00e4lill\u00e4 m\u00e4\u00e4r\u00e4 on v\u00e4hentynyt noin 70 prosenttia. Karkeiden arvioiden mukaan naaraita on j\u00e4ljell\u00e4 15\u201320, ja uroksia saman verran: liito-oravat lasketaan naaraissa, sill\u00e4 uroksia on <\/p>\n<p>  <a class=\"btn btn-secondary btn-icon-left\" href=\"#coral_thread\"><br \/>\n    <img decoding=\"async\" src=\"https:\/\/www.keskipohjanmaa.fi\/wp-content\/themes\/hilla-theme\/assets\/img\/icon_comments.svg\" alt=\"\"\/><br \/>\n    Kommentoi<br \/>\n  <\/a><\/p>\n<p>  <a class=\"btn btn-secondary btn-icon-left mailto_web\" href=\"mailto:toimitus@keskipohjanmaa.fi?subject=Ilmoita%20asiavirheest%C3%A4&amp;body=Otsikko%3A%20Liito-oravien%20m%C3%A4%C3%A4r%C3%A4%20romahti%20Pietarsaaressa%20%E2%80%93%20Kantaa%20uhkaavat%20lukuisat%20tekij%C3%A4t%0AUuid%3A%203b0e242f-2542-4669-88c1-40d83d3cf814%0AUrl%3A%20https%3A%2F%2Fwww.keskipohjanmaa.fi%2Fartikkeli%2Fliito-oravien-maara-romahti-pietarsaaressa-kantaa-uhkaavat-lukuisat-tekijat\"><br \/>\n    <img decoding=\"async\" src=\"https:\/\/www.keskipohjanmaa.fi\/wp-content\/themes\/hilla-theme\/assets\/img\/icon_feedback.svg\" alt=\"\"\/><br \/>\n    Ilmoita asiavirheest\u00e4<br \/>\n  <\/a><\/p>\n","protected":false},"excerpt":{"rendered":"Paikallisuutiset Liito-orava alkaa olla niin harvinainen n\u00e4ky Pietarsaaressa, ett\u00e4 laji tulisi kartoituksen mukaan luokitella jopa \u201d\u00e4\u00e4rimm\u00e4isen uhanalaiseksi\u201d. Kuva:&hellip;\n","protected":false},"author":2,"featured_media":55794,"comment_status":"","ping_status":"","sticky":false,"template":"","format":"standard","meta":{"footnotes":""},"categories":[117],"tags":[33,31,30,72,476,118,32,119,477],"class_list":{"0":"post-55793","1":"post","2":"type-post","3":"status-publish","4":"format-standard","5":"has-post-thumbnail","7":"category-luonto","8":"tag-fi","9":"tag-finland","10":"tag-finnish","11":"tag-luonto","12":"tag-nature","13":"tag-science","14":"tag-suomi","15":"tag-tiede","16":"tag-wildlife"},"share_on_mastodon":{"url":"","error":""},"_links":{"self":[{"href":"https:\/\/www.europesays.com\/fi\/wp-json\/wp\/v2\/posts\/55793","targetHints":{"allow":["GET"]}}],"collection":[{"href":"https:\/\/www.europesays.com\/fi\/wp-json\/wp\/v2\/posts"}],"about":[{"href":"https:\/\/www.europesays.com\/fi\/wp-json\/wp\/v2\/types\/post"}],"author":[{"embeddable":true,"href":"https:\/\/www.europesays.com\/fi\/wp-json\/wp\/v2\/users\/2"}],"replies":[{"embeddable":true,"href":"https:\/\/www.europesays.com\/fi\/wp-json\/wp\/v2\/comments?post=55793"}],"version-history":[{"count":0,"href":"https:\/\/www.europesays.com\/fi\/wp-json\/wp\/v2\/posts\/55793\/revisions"}],"wp:featuredmedia":[{"embeddable":true,"href":"https:\/\/www.europesays.com\/fi\/wp-json\/wp\/v2\/media\/55794"}],"wp:attachment":[{"href":"https:\/\/www.europesays.com\/fi\/wp-json\/wp\/v2\/media?parent=55793"}],"wp:term":[{"taxonomy":"category","embeddable":true,"href":"https:\/\/www.europesays.com\/fi\/wp-json\/wp\/v2\/categories?post=55793"},{"taxonomy":"post_tag","embeddable":true,"href":"https:\/\/www.europesays.com\/fi\/wp-json\/wp\/v2\/tags?post=55793"}],"curies":[{"name":"wp","href":"https:\/\/api.w.org\/{rel}","templated":true}]}}