{"id":55864,"date":"2025-10-08T06:56:09","date_gmt":"2025-10-08T06:56:09","guid":{"rendered":"https:\/\/www.europesays.com\/fi\/55864\/"},"modified":"2025-10-08T06:56:09","modified_gmt":"2025-10-08T06:56:09","slug":"hjallis-harkimon-harvinainen-rakkauspaljastus-jasmine-pajarista-parisuhteen-merkitys-ian-myota","status":"publish","type":"post","link":"https:\/\/www.europesays.com\/fi\/55864\/","title":{"rendered":"Hjallis Harkimon harvinainen rakkauspaljastus Jasmine Pajarista &#8211; Parisuhteen merkitys i\u00e4n my\u00f6t\u00e4"},"content":{"rendered":"<p>\n            20250203 HELSINKI. MAGNUM-LIVE. Hjallis Harkimo. KUVA: ATTE KAJOVA<br \/>\n            ATTE KAJOVA\n        <\/p>\n<p class=\"subtitle \">Hjallis kertoo oivaltaneensa i\u00e4n my\u00f6t\u00e4 uusia asioita parisuhteesta.<\/p>\n<p class=\"article-content article-content-width !bg-background\">Liikemies , 71, teki harvinaisia rakkauspaljastuksia <a href=\"https:\/\/www.is.fi\/menaiset\/\" target=\"_blank\" rel=\"nofollow noopener\">Me Naisille<\/a> antamassaan haastattelussa.<\/p>\n<p class=\"font-weight-bold m-font-weight-bold article-content article-content-width !bg-background\">Katso arkistovideo \u2013 Hjallis antoi Jasminelle kyydin Helsingiss\u00e4:<\/p>\n<p class=\"article-content article-content-width !bg-background\">Hjallis pit\u00e4\u00e4 yht\u00e4 juontaja  kanssa. Jasmine tuli suurelle yleis\u00f6lle tutuksi tullessaan Linnan juhliin Hjalliksen k\u00e4sipuolessa vuonna 2023.<\/p>\n<p>&#8221;En tied\u00e4, miten olisin selvinnyt&#8230;&#8221;<\/p>\n<p class=\"article-content article-content-width !bg-background\">Hjallis kertoo Me Naisten haastattelussa oivaltaneensa i\u00e4n my\u00f6t\u00e4, ett\u00e4 parisuhde toimii vain, jos siihen antaa kaikkensa eik\u00e4 vilkuile sivuille.<\/p>\n<p class=\"article-content article-content-width !bg-background\">\u2013 Aiemmin ty\u00f6 on mennyt rakkauden edelle, Hjallis kertoo.<\/p>\n<p>        <a itemprop=\"url\" href=\"https:\/\/www.seiska.fi\/vain-seiskassa\/amanda-harkimon-rahasotkut-paljastuivat-roy-isan-hautajaiset-maksamatta\/1931906\" rel=\"nofollow noopener\" target=\"_blank\"><\/p>\n<p>\nRaju velkakierre\n<\/p>\n<p class=\"section-date\">\n        <strong class=\"article-section\" data-section=\"vain seiskassa\"><br \/>\n            vain seiskassa<br \/>\n        <\/strong><br \/>\n        18.9. 05:00\n    <\/p>\n<p>Amanda Harkimon rahasotkut paljastuivat: Roy-is\u00e4n hautajaiset maksamatta\n    <\/p>\n<p itemprop=\"description\" class=\"subtitle \">\n    Amandan kulunut vuosi on ollut surun t\u00e4ytt\u00e4m\u00e4 ensin is\u00e4n ja sitten veljen kuoleman my\u00f6t\u00e4. Lis\u00e4\u00e4 murheita tuo talousvaikeudet, r\u00e4stiin menneit\u00e4 laskuja perit\u00e4\u00e4n jo oikeusteitse.\n<\/p>\n<p>        <\/a><\/p>\n<p class=\"article-content article-content-width !bg-background\">Parisuhteen merkitys kasvaa i\u00e4n my\u00f6t\u00e4, kun lapsetkin ovat lent\u00e4neet pes\u00e4st\u00e4.<\/p>\n<p class=\"article-content article-content-width !bg-background\">\u2013 Tunnen olevani eritt\u00e4in onnekas nykyisess\u00e4 suhteessani. Jaamme Jasminin kanssa samanlaisen arvomaailman, ja meill\u00e4 on tosi hauskaa yhdess\u00e4, Hjallis toteaa.<\/p>\n<p class=\"article-content article-content-width !bg-background\">Kulunut vuosi on ollut Harkimoille poikkeuksellisen raskas.<\/p>\n<p class=\"article-content article-content-width !bg-background\">\u2013 En tied\u00e4, miten olisin selvinnyt viime vuosista ja raskaista menetyksist\u00e4 ilman Jassua. H\u00e4n on jaksanut k\u00e4yd\u00e4 kanssani iltaisin pitki\u00e4 keskusteluita ja lohduttaa, kun olen ollut surullinen, Hjallis kertoo Me Naisille.<\/p>\n<p>                <img decoding=\"async\" src=\"https:\/\/www.europesays.com\/fi\/wp-content\/uploads\/2025\/10\/1923859.webp\" width=\"576\" height=\"720\" alt=\"Hjallis ja Jasmine Urheilugaalassa tammikuussa.\" loading=\"lazy\" \/>            <\/p>\n<p>\n            Hjallis ja Jasmine Urheilugaalassa tammikuussa.<br \/>\n            Timo Korhonen\n        <\/p>\n<p>Kaksi liittoa takana<\/p>\n<p class=\"article-content article-content-width !bg-background\">Hjallis on ollut naimisissa kahden kansanedustajan kanssa:  ja .\u00a0<\/p>\n<p>        <a itemprop=\"url\" href=\"https:\/\/www.seiska.fi\/kotimaa\/joel-harkimolta-painava-ulostulo-paihteista\/1940806\" rel=\"nofollow noopener\" target=\"_blank\"><\/p>\n<p>\nJoel Harkimo\n<\/p>\n<p class=\"section-date\">\n        <strong class=\"article-section\" data-section=\"kotimaa\"><br \/>\n            kotimaa<br \/>\n        <\/strong><br \/>\n        24.9. 17:30\n    <\/p>\n<p>Joel Harkimolta painava ulostulo p\u00e4ihteist\u00e4\n    <\/p>\n<p itemprop=\"description\" class=\"subtitle \">\n    Joelin serkkua Amanda Harkimoa syytet\u00e4\u00e4n huumausainerikoksesta. P\u00e4ihteet ovat aiheuttaneet ongelmia perheen l\u00e4hipiiriss\u00e4 aiemminkin.\n<\/p>\n<p>        <\/a><\/p>\n<p class=\"article-content article-content-width !bg-background\">Leenan kanssa h\u00e4n oli naimisissa vuosina 1989\u20132003.\u00a0Avioliitto p\u00e4\u00e4ttyi, kun Hjallis rakastui Merikukkaan vuoden 2002 lopulla.\u00a0Pari avioitui vuonna 2004, mutta erosi vajaan vuoden kuluttua.\u00a0<\/p>\n<p class=\"article-content article-content-width !bg-background\">Hjalliksella on Leenan kanssa kaksi lasta ja Merikukan kanssa yksi yhteinen lapsi.<\/p>\n<p>Rankka vuosi<\/p>\n<p class=\"article-content article-content-width !bg-background\">Vuosi 2025 on ollut Harkimon perheelle poikkeuksellisen raskas.<\/p>\n<p class=\"article-content article-content-width !bg-background\">Hjalliksen veli, , menehtyi helmikuussa pitk\u00e4n kamppailun j\u00e4lkeen maksasy\u00f6p\u00e4\u00e4n. Surut eiv\u00e4t kuitenkaan p\u00e4\u00e4ttyneet siihen \u2013 hein\u00e4kuussa Royn poika, , kuoli vain 33-vuotiaana.<\/p>\n<p>        <a itemprop=\"url\" href=\"https:\/\/www.seiska.fi\/kotimaa\/hjallis-harkimon-petipuuhat-paljastuivat\/1937878\" rel=\"nofollow noopener\" target=\"_blank\"><\/p>\n<p>\nHjallis Harkimo\n<\/p>\n<p class=\"section-date\">\n        <strong class=\"article-section\" data-section=\"kotimaa\"><br \/>\n            kotimaa<br \/>\n        <\/strong><br \/>\n        22.9. 09:58\n    <\/p>\n<p>Hjallis Harkimon petipuuhat paljastuivat\n    <\/p>\n<p itemprop=\"description\" class=\"subtitle \">\n    Aihe synnytti varsin vilkasta keskustelua Hjalliksen kommenttikent\u00e4ss\u00e4.\n<\/p>\n<p>        <\/a><\/p>\n<p class=\"article-content article-content-width !bg-background\">Hein\u00e4kuussa Hjalliksen poika \u00a0ja t\u00e4m\u00e4n vaimo\u00a0ilmoittivat,\u00a0 ett\u00e4 heid\u00e4n suhteensa on tullut p\u00e4\u00e4t\u00f6kseens\u00e4.\u00a0<\/p>\n<p>                <img decoding=\"async\" src=\"https:\/\/www.europesays.com\/fi\/wp-content\/uploads\/2025\/10\/1893818.webp\" width=\"576\" height=\"720\" alt=\"Veljekset Hjallis ja Roy vuonna 2021.\" loading=\"lazy\" \/>            <\/p>\n<p>\n            Veljekset Hjallis ja Roy vuonna 2021.<br \/>\n            Timo Korhonen\n        <\/p>\n","protected":false},"excerpt":{"rendered":"20250203 HELSINKI. MAGNUM-LIVE. Hjallis Harkimo. KUVA: ATTE KAJOVA ATTE KAJOVA Hjallis kertoo oivaltaneensa i\u00e4n my\u00f6t\u00e4 uusia asioita parisuhteesta.&hellip;\n","protected":false},"author":2,"featured_media":55865,"comment_status":"","ping_status":"","sticky":false,"template":"","format":"standard","meta":{"footnotes":""},"categories":[136],"tags":[407,137,33,31,30,2382,2175,2597,6403,3520,408,6402,8055,9182,13275,2173,651,32,1464,109],"class_list":{"0":"post-55864","1":"post","2":"type-post","3":"status-publish","4":"format-standard","5":"has-post-thumbnail","7":"category-julkkikset","8":"tag-celebrities","9":"tag-entertainment","10":"tag-fi","11":"tag-finland","12":"tag-finnish","13":"tag-haastattelu","14":"tag-hjallis-harkimo","15":"tag-janni-hussi","16":"tag-jasmine-pajari","17":"tag-joel-harkimo","18":"tag-julkkikset","19":"tag-leena-harkimo","20":"tag-me-naiset","21":"tag-menetys","22":"tag-merikukka-forsius","23":"tag-roy-harkimo","24":"tag-suhteet","25":"tag-suomi","26":"tag-suuri-suru","27":"tag-viihde"},"share_on_mastodon":{"url":"","error":""},"_links":{"self":[{"href":"https:\/\/www.europesays.com\/fi\/wp-json\/wp\/v2\/posts\/55864","targetHints":{"allow":["GET"]}}],"collection":[{"href":"https:\/\/www.europesays.com\/fi\/wp-json\/wp\/v2\/posts"}],"about":[{"href":"https:\/\/www.europesays.com\/fi\/wp-json\/wp\/v2\/types\/post"}],"author":[{"embeddable":true,"href":"https:\/\/www.europesays.com\/fi\/wp-json\/wp\/v2\/users\/2"}],"replies":[{"embeddable":true,"href":"https:\/\/www.europesays.com\/fi\/wp-json\/wp\/v2\/comments?post=55864"}],"version-history":[{"count":0,"href":"https:\/\/www.europesays.com\/fi\/wp-json\/wp\/v2\/posts\/55864\/revisions"}],"wp:featuredmedia":[{"embeddable":true,"href":"https:\/\/www.europesays.com\/fi\/wp-json\/wp\/v2\/media\/55865"}],"wp:attachment":[{"href":"https:\/\/www.europesays.com\/fi\/wp-json\/wp\/v2\/media?parent=55864"}],"wp:term":[{"taxonomy":"category","embeddable":true,"href":"https:\/\/www.europesays.com\/fi\/wp-json\/wp\/v2\/categories?post=55864"},{"taxonomy":"post_tag","embeddable":true,"href":"https:\/\/www.europesays.com\/fi\/wp-json\/wp\/v2\/tags?post=55864"}],"curies":[{"name":"wp","href":"https:\/\/api.w.org\/{rel}","templated":true}]}}