{"id":55881,"date":"2025-10-08T07:10:09","date_gmt":"2025-10-08T07:10:09","guid":{"rendered":"https:\/\/www.europesays.com\/fi\/55881\/"},"modified":"2025-10-08T07:10:09","modified_gmt":"2025-10-08T07:10:09","slug":"surullinen-tapaus-sanoo-vesilaitosyhdistyksen-toimitusjohtaja-luhangan-vesiyhtion-tilanteesta-keski-suomi","status":"publish","type":"post","link":"https:\/\/www.europesays.com\/fi\/55881\/","title":{"rendered":"\u201dSurullinen tapaus\u201d, sanoo Vesilaitos\u00adyhdistyksen toimitusjohtaja Luhangan vesiyhti\u00f6n tilanteesta | Keski-Suomi"},"content":{"rendered":"<p class=\"aw-1gybjub aw-5vja16 cmIuaG zKETg yle__article__paragraph\">Luhangassa vesihuoltoyhti\u00f6 tekee tappiota, eik\u00e4 ammattitaitoa ole, mutta investointeja pit\u00e4isi tehd\u00e4. Samoja ongelmia on my\u00f6s muualla Suomessa.<\/p>\n<p><img decoding=\"async\" alt=\"Puusta tehdyt opasteviitat osoittavat Luhangan kirkonkyl\u00e4n palveluiden suunnat ja et\u00e4isyydet.\" src=\"https:\/\/www.europesays.com\/fi\/wp-content\/uploads\/2025\/10\/39-153284768df93d504878.jpeg\" class=\"aw-1l9m598 hKVVvP\"\/><\/p>\n<p>Avaa kuvien katselu<\/p>\n<p>Vesiyhti\u00f6n tilanne puhuttaa asukkaita Luhangassa. Kuva: Jarkko Riikonen \/ Yle<\/p>\n<p class=\"aw-1gybjub aw-1p7kakr cmIuaG fmSRng yle__article__paragraph\">\u2013 Surullinen tapaus.<\/p>\n<p class=\"aw-1gybjub aw-1p7kakr cmIuaG fmSRng yle__article__paragraph\">N\u00e4in kuvailee Vesilaitosyhdistyksen toimitusjohtaja <strong class=\"aw-ak79eh KyCXm yle__article__strong\">Riku Vahala<\/strong> Luhangan vesiyhti\u00f6n tilannetta. Vesilaitosyhdistys on vesihuoltolaitosten toimialaj\u00e4rjest\u00f6.<\/p>\n<p class=\"aw-1gybjub aw-1p7kakr cmIuaG fmSRng yle__article__paragraph\">Yle uutisoi <a class=\"aw-iao6s4 iHOxEa yle__article__link\" href=\"https:\/\/yle.fi\/a\/74-20184330\" role=\"link\" rel=\"nofollow noopener\" target=\"_blank\">Luhangan vesiyhti\u00f6n ongelmista<\/a> tiistaina.<\/p>\n<p class=\"aw-1gybjub aw-1p7kakr cmIuaG fmSRng yle__article__paragraph\">Luhangan vesihuolto oy on tehnyt tappiota perustamisestaan l\u00e4htien, eik\u00e4 yhti\u00f6ss\u00e4 ole ammattitaitoa. Vahalan mukaan Luhangan tilanne on vain yksi esimerkki ongelmista, joita on monilla vesihuoltolaitoksilla ymp\u00e4ri Suomea.<\/p>\n<p class=\"aw-1gybjub aw-1p7kakr cmIuaG fmSRng yle__article__paragraph\">Vahalan mukaan perusongelma on selke\u00e4: vesihuoltoverkostojen korjaamiseen ja uusien rakentamiseen tarvittaisiin enemm\u00e4n rahaa kuin mihin tulot riitt\u00e4v\u00e4t.<\/p>\n<p class=\"aw-1gybjub aw-1p7kakr cmIuaG fmSRng yle__article__paragraph\">Vahalan mukaan ongelmat koskevat erityisesti pieni\u00e4 vesihuoltolaitoksia. H\u00e4n toteaa, ett\u00e4 osassa kuntia maksuja pit\u00e4isi korottaa niin paljon, etteiv\u00e4t korotukset ole mitenk\u00e4\u00e4n poliittisesti hyv\u00e4ksytt\u00e4viss\u00e4.<\/p>\n<p class=\"aw-1gybjub aw-1p7kakr cmIuaG fmSRng yle__article__paragraph\">Investointeja pit\u00e4isi tehd\u00e4 my\u00f6s Luhangassa, jossa veden perusmaksuun on tulossa merkitt\u00e4v\u00e4 korotus. Kunnanjohtaja <strong class=\"aw-ak79eh KyCXm yle__article__strong\">Tuomo K\u00e4rn\u00e4<\/strong> arvelee, ett\u00e4 kunnassa saattaa pian olla Suomen kalleinta vett\u00e4.<\/p>\n<p><img decoding=\"async\" alt=\"Keltainen puusta rakennettu asuintalo piharakennuksineen syksyisess\u00e4 maisemassa Luhangan kirkonkyl\u00e4ll\u00e4.\" src=\"https:\/\/www.europesays.com\/fi\/wp-content\/uploads\/2025\/10\/39-153285068df93d730631.jpeg\" loading=\"lazy\" class=\"aw-1l9m598 hKVVvP\"\/><\/p>\n<p>Avaa kuvien katselu<\/p>\n<p>Luhangassa on noin 700 asukasta, mutta Luhangan vesihuollolla on vain noin 100 asiakasta. Kuva: Jarkko Riikonen \/ Yle<\/p>\n<p class=\"aw-1gybjub aw-1p7kakr cmIuaG fmSRng yle__article__paragraph\">Vahalan mukaan kuntien kannattaisi tehd\u00e4 rohkeasti yhteisty\u00f6t\u00e4. Esimerkiksi <a class=\"aw-iao6s4 iHOxEa yle__article__link\" href=\"https:\/\/yle.fi\/a\/74-20161267\" role=\"link\" rel=\"nofollow noopener\" target=\"_blank\">Muurame on solminut vesihuoltosopimuksen<\/a> naapurikunta Jyv\u00e4skyl\u00e4n energiayhti\u00f6 Alvan kanssa.<\/p>\n<p class=\"aw-1gybjub aw-1p7kakr cmIuaG fmSRng yle__article__paragraph\">Vahalan mielest\u00e4 olisi j\u00e4rkev\u00e4\u00e4, ett\u00e4 my\u00f6s Luhangassa ammattilaiset ottaisivat vastuun vesihuollon toiminnasta. K\u00e4rn\u00e4 kertoo, ett\u00e4 Luhangan vesiyhti\u00f6lle valmistellaan parhaillaan uutta toimintamallia.<\/p>\n<p>\u201dT\u00e4m\u00e4 ei ole yksinkertaista toimintaa\u201d<\/p>\n<p class=\"aw-1gybjub aw-1p7kakr cmIuaG fmSRng yle__article__paragraph\">Vahalan mukaan Suomessa on satoja vesihuoltolaitoksia, joissa koko toiminta saattaa olla vain yhden ihmisen varassa.<\/p>\n<p class=\"aw-1gybjub aw-1p7kakr cmIuaG fmSRng yle__article__paragraph\">Luhangan vesihuolto oy:ss\u00e4 on kaksi ihmist\u00e4: hallituksen puheenjohtaja <strong class=\"aw-ak79eh KyCXm yle__article__strong\">Martti Viinikainen<\/strong> sek\u00e4 yksi hallituksen j\u00e4sen.<\/p>\n<p class=\"aw-1gybjub aw-1p7kakr cmIuaG fmSRng yle__article__paragraph\"><strong class=\"aw-ak79eh KyCXm yle__article__strong\">N\u00e4in Martti Viinikainen kommentoi yhti\u00f6n osaamista.<\/strong><\/p>\n<p>Video: Jarkko Riikonen \/ Yle<\/p>\n<p class=\"aw-1gybjub aw-1p7kakr cmIuaG fmSRng yle__article__paragraph\">Vahalan mukaan hallituksen puheenjohtaja on kunnan edustaja, jolla ei tarvitsekaan olla syv\u00e4llist\u00e4 vesiosaamista. Sen sijaan sit\u00e4 pit\u00e4isi olla toimitusjohtajalla ja henkil\u00f6kunnalla.<\/p>\n<p class=\"aw-1gybjub aw-1p7kakr cmIuaG fmSRng yle__article__paragraph\">Luhangassa ongelma on se, ettei yhti\u00f6ll\u00e4 ole kumpaakaan. Vahalan mukaan on kest\u00e4m\u00e4t\u00f6nt\u00e4, ett\u00e4 maallikko on vastuussa vesihuollosta.<\/p>\n<p class=\"aw-1gybjub aw-1p7kakr cmIuaG fmSRng yle__article__paragraph\">\u2013 T\u00e4m\u00e4 ei todellakaan ole yksinkertaista toimintaa, vaan vaatii \u00e4\u00e4rimm\u00e4isen monipuolista ja laajaa osaamista.<\/p>\n<p class=\"aw-1gybjub aw-1p7kakr cmIuaG fmSRng yle__article__paragraph\">Vesihuolto on yhteiskunnan kriittist\u00e4 infrastruktuuria, ja Vahalan mukaan tilanne Luhangassa on haavoittuva.<\/p>\n<p class=\"aw-1gybjub aw-1p7kakr cmIuaG fmSRng yle__article__paragraph\">\u2013 Jos tulee esimerkiksi iso putkirikko, tilanne kuulostaa varsin kriittiselt\u00e4.<\/p>\n<p class=\"aw-1gybjub aw-1p7kakr cmIuaG fmSRng yle__article__paragraph\">Vesihuoltolain uudistus on parhaillaan eduskunnan k\u00e4sittelyss\u00e4. Lakimuutoksen on tarkoitus turvata vesihuollon tehokkuus ja huoltovarmuus.<\/p>\n","protected":false},"excerpt":{"rendered":"Luhangassa vesihuoltoyhti\u00f6 tekee tappiota, eik\u00e4 ammattitaitoa ole, mutta investointeja pit\u00e4isi tehd\u00e4. Samoja ongelmia on my\u00f6s muualla Suomessa. Avaa&hellip;\n","protected":false},"author":2,"featured_media":55882,"comment_status":"","ping_status":"","sticky":false,"template":"","format":"standard","meta":{"footnotes":""},"categories":[5],"tags":[22,23,26,27,33,31,30,17,474,71,1833,24,25,13277,28,29,15,18,21,32,19,20,16,3587],"class_list":{"0":"post-55881","1":"post","2":"type-post","3":"status-publish","4":"format-standard","5":"has-post-thumbnail","7":"category-otsikot","8":"tag-breaking-news","9":"tag-breakingnews","10":"tag-featured-news","11":"tag-featurednews","12":"tag-fi","13":"tag-finland","14":"tag-finnish","15":"tag-headlines","16":"tag-keski-suomi","17":"tag-kotimaa","18":"tag-kunnat","19":"tag-latest-news","20":"tag-latestnews","21":"tag-luhanka","22":"tag-main-news","23":"tag-mainnews","24":"tag-news","25":"tag-otsikot","26":"tag-paauutiset","27":"tag-suomi","28":"tag-top-stories","29":"tag-topstories","30":"tag-uutiset","31":"tag-vesihuolto"},"share_on_mastodon":{"url":"","error":""},"_links":{"self":[{"href":"https:\/\/www.europesays.com\/fi\/wp-json\/wp\/v2\/posts\/55881","targetHints":{"allow":["GET"]}}],"collection":[{"href":"https:\/\/www.europesays.com\/fi\/wp-json\/wp\/v2\/posts"}],"about":[{"href":"https:\/\/www.europesays.com\/fi\/wp-json\/wp\/v2\/types\/post"}],"author":[{"embeddable":true,"href":"https:\/\/www.europesays.com\/fi\/wp-json\/wp\/v2\/users\/2"}],"replies":[{"embeddable":true,"href":"https:\/\/www.europesays.com\/fi\/wp-json\/wp\/v2\/comments?post=55881"}],"version-history":[{"count":0,"href":"https:\/\/www.europesays.com\/fi\/wp-json\/wp\/v2\/posts\/55881\/revisions"}],"wp:featuredmedia":[{"embeddable":true,"href":"https:\/\/www.europesays.com\/fi\/wp-json\/wp\/v2\/media\/55882"}],"wp:attachment":[{"href":"https:\/\/www.europesays.com\/fi\/wp-json\/wp\/v2\/media?parent=55881"}],"wp:term":[{"taxonomy":"category","embeddable":true,"href":"https:\/\/www.europesays.com\/fi\/wp-json\/wp\/v2\/categories?post=55881"},{"taxonomy":"post_tag","embeddable":true,"href":"https:\/\/www.europesays.com\/fi\/wp-json\/wp\/v2\/tags?post=55881"}],"curies":[{"name":"wp","href":"https:\/\/api.w.org\/{rel}","templated":true}]}}