{"id":55961,"date":"2025-10-08T08:42:06","date_gmt":"2025-10-08T08:42:06","guid":{"rendered":"https:\/\/www.europesays.com\/fi\/55961\/"},"modified":"2025-10-08T08:42:06","modified_gmt":"2025-10-08T08:42:06","slug":"miten-kay-suomalaisen-television-ja-elokuvan-jorma-sairanen-ja-kalle-kinnunen-avaavat-nakyman-media-alan-kulissien-taakse","status":"publish","type":"post","link":"https:\/\/www.europesays.com\/fi\/55961\/","title":{"rendered":"Miten k\u00e4y suomalaisen television ja elokuvan? Jorma Sairanen ja Kalle Kinnunen avaavat n\u00e4kym\u00e4n media-alan kulissien taakse"},"content":{"rendered":"<p>Miten k\u00e4y suomalaisen tv- ja elokuvatuotannon leikkausten ja globaalin kilpailun puristuksessa? Miten somen valta ja rahavirrat muovaavat sis\u00e4lt\u00f6j\u00e4?<\/p>\n<p>Legendaarinen MTV:n kanavajohtaja ja suomalaisen television kulissien takainen vaikuttaja <strong>Jorma Sairanen <\/strong>perkaa kirjassaan <strong>Daddy Cool \u2013 viimeinen luku. Televisiovaikuttajan lopulliset muistelmat <\/strong>suomalaisen tv- ja elokuva-alan kehityst\u00e4, ristiriitoja ja tulevaisuutta. Kirjan toinen kirjoittaja on elokuvakriitikko ja valtionpalkittu tietokirjailija <strong>Kalle Kinnunen<\/strong>.<\/p>\n<p>Kirja on<strong> arvosteluvapaa perjantaina 10.10.<\/strong><\/p>\n<p>Sairanen on yksi suomalaisen television suurista nimist\u00e4. MTV:n kanavajohtajana ja ohjelmap\u00e4\u00e4llikk\u00f6n\u00e4 h\u00e4n oli nelj\u00e4ll\u00e4 vuosikymmenell\u00e4 mukana rakentamassa suomalaista televisiokulttuuria ja vaikuttamassa siihen, mit\u00e4 Suomessa katsottiin ja mist\u00e4 puhuttiin.<\/p>\n<p>Kirja on itsen\u00e4inen jatko-osa vuonna 2017 ilmestyneelle Sairasen muistelmateokselle\u00a0Daddy Cool. Uutuus tarjoaa paitsi p\u00e4ivitetyn katsauksen median murrokseen, my\u00f6s rehellisen ja viihdytt\u00e4v\u00e4n n\u00e4kym\u00e4n vallan, rahan ja julkisuuden py\u00f6rteisiin.<\/p>\n<p><strong>Uusia nimi\u00e4, uusia n\u00e4k\u00f6kulmia<\/strong><\/p>\n<p>Uutuudessa Sairanen piirt\u00e4\u00e4 henkil\u00f6kuvia television ja elokuvan t\u00e4m\u00e4n hetken vaikuttajista. Mukana ovat muun muassa <strong>Tiina Lymi, Mikko Leppilampi, Dome Karukoski<\/strong> ja <strong>Aku Louhimies<\/strong>.<\/p>\n<p>Lis\u00e4ksi h\u00e4n pureutuu rakastettuihin ja vihattuihin ohjelmiin, valovoimaisimpiin ja kiistanalaisimpiin esiintyjiin sek\u00e4 somen valtaan media-alan sis\u00e4lt\u00f6ihin ja julkkisten urapolkuihin. Keski\u00f6ss\u00e4 on my\u00f6s kysymys rahasta: kuka hallitsee rahan virtoja suomalaisessa viihdeteollisuudessa?<\/p>\n<p>Kirja sopii kaikille, joita kiinnostaa, mihin suuntaan televisio ja elokuva Suomessa ovat menossa.<br \/>Selvi\u00e4\u00e4k\u00f6 ala leikkausten, algoritmien ja globaalien j\u00e4ttien puristuksessa?<\/p>\n<p><strong>Tekij\u00f6ist\u00e4<\/strong><strong\/><\/p>\n<p><strong>Jorma Sairanen<\/strong> on legendaarinen televisiovaikuttaja, joka on ollut suomalaisen viihteen eturiviss\u00e4 yli 30 vuotta.<\/p>\n<p><strong>Kalle Kinnunen<\/strong> on tietokirjailija ja elokuvakriitikko, jonka teoksiin kuuluu mm.\u00a0Valkokankaan valtakunta (2021), el\u00e4m\u00e4kerta Jukka M\u00e4kel\u00e4st\u00e4, \u201cSuomen viimeisest\u00e4 elokuvamogulista\u201d.<\/p>\n<p><strong>Lis\u00e4tiedot, haastattelupyynn\u00f6t ja arvostelukappaleet: <a href=\"https:\/\/www.sttinfo.fi\/tiedote\/71505810\/mailto:silja.massa@teos.fi\" rel=\"nofollow noopener\" target=\"_blank\">silja.massa@teos.fi<\/a>, +358 40 708 1323<\/strong><\/p>\n","protected":false},"excerpt":{"rendered":"Miten k\u00e4y suomalaisen tv- ja elokuvatuotannon leikkausten ja globaalin kilpailun puristuksessa? Miten somen valta ja rahavirrat muovaavat sis\u00e4lt\u00f6j\u00e4?&hellip;\n","protected":false},"author":2,"featured_media":55962,"comment_status":"","ping_status":"","sticky":false,"template":"","format":"standard","meta":{"footnotes":""},"categories":[134],"tags":[377,137,33,31,30,378,32,109],"class_list":{"0":"post-55961","1":"post","2":"type-post","3":"status-publish","4":"format-standard","5":"has-post-thumbnail","7":"category-kirjat","8":"tag-books","9":"tag-entertainment","10":"tag-fi","11":"tag-finland","12":"tag-finnish","13":"tag-kirjat","14":"tag-suomi","15":"tag-viihde"},"share_on_mastodon":{"url":"","error":""},"_links":{"self":[{"href":"https:\/\/www.europesays.com\/fi\/wp-json\/wp\/v2\/posts\/55961","targetHints":{"allow":["GET"]}}],"collection":[{"href":"https:\/\/www.europesays.com\/fi\/wp-json\/wp\/v2\/posts"}],"about":[{"href":"https:\/\/www.europesays.com\/fi\/wp-json\/wp\/v2\/types\/post"}],"author":[{"embeddable":true,"href":"https:\/\/www.europesays.com\/fi\/wp-json\/wp\/v2\/users\/2"}],"replies":[{"embeddable":true,"href":"https:\/\/www.europesays.com\/fi\/wp-json\/wp\/v2\/comments?post=55961"}],"version-history":[{"count":0,"href":"https:\/\/www.europesays.com\/fi\/wp-json\/wp\/v2\/posts\/55961\/revisions"}],"wp:featuredmedia":[{"embeddable":true,"href":"https:\/\/www.europesays.com\/fi\/wp-json\/wp\/v2\/media\/55962"}],"wp:attachment":[{"href":"https:\/\/www.europesays.com\/fi\/wp-json\/wp\/v2\/media?parent=55961"}],"wp:term":[{"taxonomy":"category","embeddable":true,"href":"https:\/\/www.europesays.com\/fi\/wp-json\/wp\/v2\/categories?post=55961"},{"taxonomy":"post_tag","embeddable":true,"href":"https:\/\/www.europesays.com\/fi\/wp-json\/wp\/v2\/tags?post=55961"}],"curies":[{"name":"wp","href":"https:\/\/api.w.org\/{rel}","templated":true}]}}