{"id":55986,"date":"2025-10-08T09:07:10","date_gmt":"2025-10-08T09:07:10","guid":{"rendered":"https:\/\/www.europesays.com\/fi\/55986\/"},"modified":"2025-10-08T09:07:10","modified_gmt":"2025-10-08T09:07:10","slug":"helsingin-etelasataman-olympiaterminaaliin-halutaan-taidemuseo","status":"publish","type":"post","link":"https:\/\/www.europesays.com\/fi\/55986\/","title":{"rendered":"Helsingin Etel\u00e4sataman Olympiaterminaaliin halutaan taidemuseo"},"content":{"rendered":"<p>Elinvoima|Taidemuseon johtaja Arja Miller pit\u00e4\u00e4 tulevan Arkkitehtuuri- ja designmuseon l\u00e4heisyytt\u00e4 inspiroivana.<\/p>\n<p>Lue tiivistelm\u00e4<\/p>\n<p>Tiivistelm\u00e4 on teko\u00e4lyn tekem\u00e4 ja ihmisen tarkistama.<\/p>\n<p class=\"article-body mb-nof-24 px-nof-16 sndp-summary-bullet-point-font\">Ty\u00f6ryhm\u00e4 ehdottaa Helsingin taidemuseon (HAM) uusiksi tiloiksi Olympiaterminaalia ja Satamataloa Olympiarannassa.<\/p>\n<p class=\"article-body mb-nof-24 px-nof-16 sndp-summary-bullet-point-font\">Kansliap\u00e4\u00e4llikk\u00f6 Jukka-Pekka Ujula perustelee valintaa kaupunkikehitt\u00e4misell\u00e4 ja konsernitaloudella.<\/p>\n<p class=\"article-body mb-nof-24 px-nof-16 sndp-summary-bullet-point-font\">Museojohtaja Arja Miller pit\u00e4\u00e4 tulevan Arkkitehtuuri- ja designmuseon l\u00e4heisyytt\u00e4 inspiroivana.<\/p>\n<p class=\"article-body mb-nof-24 px-nof-16\">Helsingin Etel\u00e4sataman Olympiaterminaaliin halutaan Helsingin taidemuseon (HAM). Suunnitelman toteutuessa taidemuseo olisi siis uuden Arkkitehtuuri- ja designmuseon naapurissa.<\/p>\n<p class=\"article-body mb-nof-24 px-nof-16\">Museotilat sijoittuisivat Olympiaterminaaliin ja Satamataloon Etel\u00e4satamassa. N\u00e4m\u00e4 tilat ovat vapautumassa kaupungin keskitt\u00e4ess\u00e4 satamatoiminnot Katajanokalle ja L\u00e4nsiterminaaliin.<\/p>\n<p class=\"article-body mb-nof-24 px-nof-16\">Tilaselvityksen loppusuoralla ty\u00f6ryhm\u00e4 vertaili my\u00f6s T\u00f6\u00f6l\u00f6nlahden sokeritehtaan tiloja sek\u00e4 maanalaista uudisrakennusta Musiikkitalon ja Oodin v\u00e4liin.<\/p>\n<p class=\"article-body mb-nof-24 px-nof-16\">Maanalaista museo- ja n\u00e4yttelytoimintaa T\u00f6\u00f6l\u00f6nlahdelle olivat hahmotelleet er\u00e4\u00e4t suomalaiset taideker\u00e4ilij\u00e4t ja -s\u00e4\u00e4ti\u00f6t.<\/p>\n<p class=\"article-body mb-nof-24 px-nof-16\">Tilaty\u00f6ryhm\u00e4 totesi k\u00e4rkivaihtoehdot vahvoiksi ja sijainneiltaan hyviksi. Niit\u00e4 kesken\u00e4\u00e4n tarkasteltaessa keskeisiksi n\u00e4k\u00f6kulmiksi\u00a0nousivat HAMin toiminnan kehitt\u00e4minen, kaupunkikehitt\u00e4minen sek\u00e4 konsernitalous.<\/p>\n<p class=\"article-body mb-nof-24 px-nof-16\">\u201dMakasiinipuiston potentiaali n\u00e4htiin vahvana, mutta Olympiarantaa puoltavat argumentit ovat kaupunkikehitt\u00e4misen ja konsernitalouden n\u00e4k\u00f6kulmasta kokonaisuudessa viel\u00e4kin vahvempia\u201d, painottaa kartoitusty\u00f6n tilannut kansliap\u00e4\u00e4llikk\u00f6 <a class=\"article-personlink\" href=\"https:\/\/www.hs.fi\/haku\/?query=Jukka-Pekka%20Ujula\" rel=\"nofollow noopener\" target=\"_blank\">Jukka-Pekka Ujula<\/a>.<\/p>\n<p class=\"article-body mb-nof-24 px-nof-16\">Museojohtaja <a class=\"article-personlink\" href=\"https:\/\/www.hs.fi\/haku\/?query=Arja%20Miller\" rel=\"nofollow noopener\" target=\"_blank\">Arja Miller <\/a>kommentoi kaupungin tiedotteessa, ett\u00e4 hyvist\u00e4 vaihtoehdoista Olympiarannassa ansiokasta on tulevan Arkkitehtuuri- ja designmuseon l\u00e4heisyys. Millerin mukaan t\u00e4m\u00e4 l\u00e4heisyys on inspiroivaa.<\/p>\n<p class=\"article-body mb-nof-24 px-nof-16\">Arkkitehtuuri- ja designmuseon on m\u00e4\u00e4r\u00e4 valmistua vuonna 2030.<\/p>\n<p class=\"article-body mb-nof-24 px-nof-16\">Maanalaisen taidemuseon konsepti oli museotoiminnalle my\u00f6s ansiokasta, koska sen kautta avautuisi ainutlaatuinen yhteisty\u00f6 suomalaisten taideker\u00e4ilij\u00f6iden ja -\u202fs\u00e4\u00e4ti\u00f6iden kanssa.<\/p>\n<p class=\"article-body mb-nof-24 px-nof-16\">\u201dToivomme, ett\u00e4 voisimme jatkaa heid\u00e4n kanssaan yhteisty\u00f6neuvotteluja my\u00f6s Olympiarantaa ajatellen\u201d, Miller sanoo kaupungin tiedotteessa.<\/p>\n<p class=\"article-body mb-nof-24 px-nof-16\">Helsingin kulttuurijohtaja <a class=\"article-personlink\" href=\"https:\/\/www.hs.fi\/haku\/?query=Mari%20M%C3%A4nnist%C3%B6n\" rel=\"nofollow noopener\" target=\"_blank\">Mari M\u00e4nnist\u00f6n<\/a> mukaan nykyisiss\u00e4 Tennispalatsin vuokratiloissa museotoiminnan kehitt\u00e4mismahdollisuudet ovat rajalliset.<\/p>\n<p class=\"article-body mb-nof-24 px-nof-16\">HAM jatkaa toistaiseksi toimintaansa Tennispalatsissa yhteisty\u00f6ss\u00e4 nykyisen vuokranantajansa kanssa.<\/p>\n<p class=\"article-body mb-nof-24 px-nof-16\">Helsingin apulaispormestari <a class=\"article-personlink\" href=\"https:\/\/www.hs.fi\/haku\/?query=Paavo%20Arhinm%C3%A4ki\" rel=\"nofollow noopener\" target=\"_blank\">Paavo Arhinm\u00e4ki <\/a>(vas) arvioi, ett\u00e4 HAM voisi sijoittua Olympiaterminaalille vuoden 2035 paikkeilla, jos satamatoiminnot saataisiin siirretty\u00e4 siihen menness\u00e4. Arhinm\u00e4en mukaan olisi kuitenkin kaupungin etu kiirehti\u00e4 taidemuseon muuttoa.<\/p>\n<p class=\"article-body mb-nof-24 px-nof-16\">\u201dHelsingin satamalle voisi olla hy\u00f6dyllist\u00e4 venytt\u00e4\u00e4 l\u00e4ht\u00f6\u00e4\u00e4n Olympiaterminaalista siihen asti, kun satamatunneli L\u00e4nsisatamassa on valmis. Mutta tunnelin kaavoitukseen, valituksiin ja rakentamiseen, jos se rakennetaan, menee aikaa. Ei ole hyv\u00e4 alku uudelle Arkkitehtuuri- ja designmuseolle, jos sen vieress\u00e4 on aidattu turva-alue ja raskasta liikennett\u00e4 kulkee vieress\u00e4.\u201d<\/p>\n<p class=\"article-body mb-nof-24 px-nof-16\">Helsingin kaupunginvaltuusto teki vuonna 2021 linjaratkaisun, jonka mukaan ruotsinlaivat siirtyv\u00e4t Katajanokalle ja Tallinnan liikenne keskitett\u00e4isiin L\u00e4nsisatamaan.<\/p>\n","protected":false},"excerpt":{"rendered":"Elinvoima|Taidemuseon johtaja Arja Miller pit\u00e4\u00e4 tulevan Arkkitehtuuri- ja designmuseon l\u00e4heisyytt\u00e4 inspiroivana. Lue tiivistelm\u00e4 Tiivistelm\u00e4 on teko\u00e4lyn tekem\u00e4 ja&hellip;\n","protected":false},"author":2,"featured_media":55987,"comment_status":"","ping_status":"","sticky":false,"template":"","format":"standard","meta":{"footnotes":""},"categories":[135],"tags":[389,387,388,390,137,33,31,30,46,32,394,393,391,392,109],"class_list":{"0":"post-55986","1":"post","2":"type-post","3":"status-publish","4":"format-standard","5":"has-post-thumbnail","7":"category-taiteet-ja-suunnittelu","8":"tag-arts","9":"tag-arts-and-design","10":"tag-artsanddesign","11":"tag-design","12":"tag-entertainment","13":"tag-fi","14":"tag-finland","15":"tag-finnish","16":"tag-helsingin-sanomat","17":"tag-suomi","18":"tag-suunnittelu","19":"tag-taiteet","20":"tag-taiteet-ja-suunnittelu","21":"tag-taiteetsuunnittelu","22":"tag-viihde"},"share_on_mastodon":{"url":"","error":""},"_links":{"self":[{"href":"https:\/\/www.europesays.com\/fi\/wp-json\/wp\/v2\/posts\/55986","targetHints":{"allow":["GET"]}}],"collection":[{"href":"https:\/\/www.europesays.com\/fi\/wp-json\/wp\/v2\/posts"}],"about":[{"href":"https:\/\/www.europesays.com\/fi\/wp-json\/wp\/v2\/types\/post"}],"author":[{"embeddable":true,"href":"https:\/\/www.europesays.com\/fi\/wp-json\/wp\/v2\/users\/2"}],"replies":[{"embeddable":true,"href":"https:\/\/www.europesays.com\/fi\/wp-json\/wp\/v2\/comments?post=55986"}],"version-history":[{"count":0,"href":"https:\/\/www.europesays.com\/fi\/wp-json\/wp\/v2\/posts\/55986\/revisions"}],"wp:featuredmedia":[{"embeddable":true,"href":"https:\/\/www.europesays.com\/fi\/wp-json\/wp\/v2\/media\/55987"}],"wp:attachment":[{"href":"https:\/\/www.europesays.com\/fi\/wp-json\/wp\/v2\/media?parent=55986"}],"wp:term":[{"taxonomy":"category","embeddable":true,"href":"https:\/\/www.europesays.com\/fi\/wp-json\/wp\/v2\/categories?post=55986"},{"taxonomy":"post_tag","embeddable":true,"href":"https:\/\/www.europesays.com\/fi\/wp-json\/wp\/v2\/tags?post=55986"}],"curies":[{"name":"wp","href":"https:\/\/api.w.org\/{rel}","templated":true}]}}