{"id":55988,"date":"2025-10-08T09:08:08","date_gmt":"2025-10-08T09:08:08","guid":{"rendered":"https:\/\/www.europesays.com\/fi\/55988\/"},"modified":"2025-10-08T09:08:08","modified_gmt":"2025-10-08T09:08:08","slug":"runoja-urbaanin-ja-luonnonvaraisen-rajapinnoista","status":"publish","type":"post","link":"https:\/\/www.europesays.com\/fi\/55988\/","title":{"rendered":"Runoja urbaanin ja luonnonvaraisen rajapinnoista"},"content":{"rendered":"<p>Porilaisen \u00e4idinkielenopettajan runokokoelma voitti perinteikk\u00e4\u00e4n runokilpailun.<\/p>\n<p class=\"article-body mb-nof-24 px-nof-16\">Annimaria Laukola-Lehtonen: Juurakko, jonkun katto. Kaarinan kaupungin runokirjat 34\/2025. 65 s.<\/p>\n<p><img decoding=\"async\" src=\"https:\/\/www.europesays.com\/fi\/wp-content\/uploads\/2025\/10\/1759914488_104_320.jpg\" alt=\"Annimaria Laukola-Lehtonen.\" class=\"_Img_1rerz_1\" style=\"aspect-ratio:0.6666666666666666\" loading=\"eager\"\/><\/p>\n<p class=\"article-picture-caption\">Annimaria Laukola-Lehtonen. Kuva:\u00a0Nyblin Studiot<\/p>\n<p class=\"article-body mb-nof-24 px-nof-16\">Kuninkaanhaan yl\u00e4koulun \u00e4idinkielen lehtori <a class=\"article-personlink\" href=\"https:\/\/www.satakunnankansa.fi\/haku\/?query=Annimaria%20Laukola-Lehtonen\" rel=\"nofollow noopener\" target=\"_blank\">Annimaria Laukola-Lehtonen<\/a> voitti kes\u00e4n alussa perinteikk\u00e4\u00e4n Runo-Kaarina-runokilpailun. P\u00f6yt\u00e4laatikkorunoista ja p\u00e4iv\u00e4kirjoista alkanut kirjoittamisharrastus konkretisoitui esikoisrunokokoelman julkaisuun.<\/p>\n<p class=\"article-body mb-nof-24 px-nof-16\">Laukola-Lehtonen kirjoitti teoksestaan monia versioita. Lopputulema oli pitk\u00e4n prosessin tulos. Kokoelma Juurakko, jonkun katto julkaistiin Turun kirjamessuilla 3.10. Kustantajana on Kaarinan kaupunki.<\/p>\n<p class=\"article-body mb-nof-24 px-nof-16\">Runo-Kaarina-kirjojen kansien kuvituksena on k\u00e4ytetty Kaarinan kaupungin taidekokoelman teoskuvia. Kirjailija valitsi kansikuvaksi taidemaalari <a class=\"article-personlink\" href=\"https:\/\/www.satakunnankansa.fi\/haku\/?query=Ari%20Laitisen\" rel=\"nofollow noopener\" target=\"_blank\">Ari Laitisen <\/a>Allegretto grazioson (1990), voimakkaan sinisen kansikuvan. Valintaa voi pit\u00e4\u00e4 tyylillisesti onnistuneena.<\/p>\n<p class=\"article-body mb-nof-24 px-nof-16\">Laukola-Lehtosen runoteksti kulkee urbaanin ja luonnonvaraisen rajapinnoissa. Runopuhuja asuu kerrostalossa ja tarkkailee luontoa ikkunasta. H\u00e4n n\u00e4kee ulkona lintuja, puurunkoja, toistuvaa liikett\u00e4 ja muita luonnonoikkuja. V\u00e4hitellen katse nousee ylemm\u00e4s taivasta kohti:<\/p>\n<p class=\"article-body mb-nof-24 px-nof-16\">\u201dYlimp\u00e4n\u00e4, pisteen\u00e4, siipien yl\u00e4puolella, maailmankaikkeuden laella,\/ taivaanlaajuinen kuu \/ loistaa \/ avaruuksien valoja \/\/ kuin s\u00e4hk\u00f6varausta, etenevi\u00e4 poreita mannerlaattojen pinnoille.\u201d<\/p>\n<p class=\"article-body mb-nof-24 px-nof-16\">Runoilija onnistuu hienosti havainnollistamaan urbaanin maailman ja villin luonnon v\u00e4lisi\u00e4 eroja. Kauttaaltaan valaistussa talossa ei asukkaalle tulee uni, vaikka h\u00e4n haluaisi nukkua. Koneellinen ilmastointi puhaltaa hiekkaa seisovaan sis\u00e4ilmaan, jota on vaikeata hengitt\u00e4\u00e4.<\/p>\n<p class=\"article-body mb-nof-24 px-nof-16\">Kerrostalo on t\u00e4ynn\u00e4 hienovaraista tekniikkaa, joka odottaa aikaansa menn\u00e4 ep\u00e4kuntoon. Asunto n\u00e4ytt\u00e4ytyy varastona huonekaluja ja vaatteita sek\u00e4 kaupunki-ihmisen normaalia tarpeistoa: s\u00e4hk\u00f6johtoja, pistorasioita, it-kytkent\u00f6j\u00e4, hajulukkoja jne.<\/p>\n<p class=\"article-body mb-nof-24 px-nof-16\">Asukas pohtii tavaroidensa keskell\u00e4 el\u00e4m\u00e4\u00e4 itse\u00e4ns\u00e4 eik\u00e4 tahdo uskoa niihin rajattomiin mahdollisuuksiin, joita median mainospuheet mielell\u00e4\u00e4n tarjoilevat.<\/p>\n<p class=\"article-body mb-nof-24 px-nof-16\">V\u00e4lill\u00e4 asukas erottaa s\u00e4lekaihtimien l\u00e4pi suuren ihmeen, hehkuvan auringon. H\u00e4nelle aukeaa kuva maailmasta, joka on suurempi urbaania todellisuutta ja esinelistoja. V\u00e4lill\u00e4 puhuja menee todella pieneen kiinni, el\u00e4m\u00e4n ydinmuotoihin solutasolle.<\/p>\n<p class=\"article-body mb-nof-24 px-nof-16\">Laukola-Lehtosen v\u00e4h\u00e4eleinen runokerronta k\u00e4tkee sis\u00e4\u00e4ns\u00e4 komean tarinan ja ison m\u00e4\u00e4r\u00e4n kuvauskohteita. V\u00e4h\u00e4sanainen, minimalistinen tyyli on muodostunut kyps\u00e4ksi, elinvoimaiseksi ja vertailukelpoiseksi. Se on esikoisrunoilijalla enemm\u00e4n kuin tavatonta.<\/p>\n","protected":false},"excerpt":{"rendered":"Porilaisen \u00e4idinkielenopettajan runokokoelma voitti perinteikk\u00e4\u00e4n runokilpailun. Annimaria Laukola-Lehtonen: Juurakko, jonkun katto. Kaarinan kaupungin runokirjat 34\/2025. 65 s. Annimaria&hellip;\n","protected":false},"author":2,"featured_media":55989,"comment_status":"","ping_status":"","sticky":false,"template":"","format":"standard","meta":{"footnotes":""},"categories":[134],"tags":[377,137,33,31,30,378,80,32,109],"class_list":{"0":"post-55988","1":"post","2":"type-post","3":"status-publish","4":"format-standard","5":"has-post-thumbnail","7":"category-kirjat","8":"tag-books","9":"tag-entertainment","10":"tag-fi","11":"tag-finland","12":"tag-finnish","13":"tag-kirjat","14":"tag-satakunnan-kansa","15":"tag-suomi","16":"tag-viihde"},"share_on_mastodon":{"url":"","error":""},"_links":{"self":[{"href":"https:\/\/www.europesays.com\/fi\/wp-json\/wp\/v2\/posts\/55988","targetHints":{"allow":["GET"]}}],"collection":[{"href":"https:\/\/www.europesays.com\/fi\/wp-json\/wp\/v2\/posts"}],"about":[{"href":"https:\/\/www.europesays.com\/fi\/wp-json\/wp\/v2\/types\/post"}],"author":[{"embeddable":true,"href":"https:\/\/www.europesays.com\/fi\/wp-json\/wp\/v2\/users\/2"}],"replies":[{"embeddable":true,"href":"https:\/\/www.europesays.com\/fi\/wp-json\/wp\/v2\/comments?post=55988"}],"version-history":[{"count":0,"href":"https:\/\/www.europesays.com\/fi\/wp-json\/wp\/v2\/posts\/55988\/revisions"}],"wp:featuredmedia":[{"embeddable":true,"href":"https:\/\/www.europesays.com\/fi\/wp-json\/wp\/v2\/media\/55989"}],"wp:attachment":[{"href":"https:\/\/www.europesays.com\/fi\/wp-json\/wp\/v2\/media?parent=55988"}],"wp:term":[{"taxonomy":"category","embeddable":true,"href":"https:\/\/www.europesays.com\/fi\/wp-json\/wp\/v2\/categories?post=55988"},{"taxonomy":"post_tag","embeddable":true,"href":"https:\/\/www.europesays.com\/fi\/wp-json\/wp\/v2\/tags?post=55988"}],"curies":[{"name":"wp","href":"https:\/\/api.w.org\/{rel}","templated":true}]}}