{"id":56051,"date":"2025-10-08T10:12:08","date_gmt":"2025-10-08T10:12:08","guid":{"rendered":"https:\/\/www.europesays.com\/fi\/56051\/"},"modified":"2025-10-08T10:12:08","modified_gmt":"2025-10-08T10:12:08","slug":"israelin-ja-hamasin-valilla-kaytavat-neuvottelut-jatkuvat-trumpin-edustajat-saapuneet-egyptiin","status":"publish","type":"post","link":"https:\/\/www.europesays.com\/fi\/56051\/","title":{"rendered":"Israelin ja Hamasin v\u00e4lill\u00e4 k\u00e4yt\u00e4v\u00e4t neuvottelut jatkuvat \u2013 Trumpin edustajat saapuneet Egyptiin"},"content":{"rendered":"<p>Kahden ensimm\u00e4isen neuvottelup\u00e4iv\u00e4n aikana ei saavutettu merkitt\u00e4v\u00e4\u00e4 edistyst\u00e4.<\/p>\n<p class=\"article-body mb-nof-24 px-nof-16\">Israelin ja Hamasin v\u00e4lill\u00e4 k\u00e4yt\u00e4v\u00e4t neuvottelut jatkuvat t\u00e4n\u00e4\u00e4n Egyptiss\u00e4. Yhdysvaltain presidentin <a class=\"article-personlink\" href=\"https:\/\/www.satakunnankansa.fi\/haku\/?query=Donald%20Trumpin\" rel=\"nofollow noopener\" target=\"_blank\">Donald Trumpin <\/a>erityisl\u00e4hettil\u00e4s <a class=\"article-personlink\" href=\"https:\/\/www.satakunnankansa.fi\/haku\/?query=Steve%20Witkoff\" rel=\"nofollow noopener\" target=\"_blank\">Steve Witkoff <\/a>saapui t\u00e4n\u00e4 aamuna Sharm el-Sheikhiin osallistuakseen neuvotteluihin, kertoi muun muassa <a class=\"article-genericlink\" href=\"https:\/\/www.haaretz.com\/israel-news\/2025-10-08\/ty-article-live\/president-trump-meets-freed-hostage-edan-alexander-as-witkoff-heads-to-cease-fire-talks\/00000199-c1aa-db47-a1fd-f7fb9fd30000?liveBlogItemId=1649984697&amp;utm_source=site&amp;utm_medium=button&amp;utm_campaign=live_blog_item#1649984697\" rel=\"nofollow noopener\" target=\"_blank\">israelilaislehti Haaretz<\/a>.<\/p>\n<p class=\"article-body mb-nof-24 px-nof-16\">Egyptiin niin ik\u00e4\u00e4n saapuneen Trumpin v\u00e4vyn <a class=\"article-personlink\" href=\"https:\/\/www.satakunnankansa.fi\/haku\/?query=Jared%20Kushnerin\" rel=\"nofollow noopener\" target=\"_blank\">Jared Kushnerin<\/a> on m\u00e4\u00e4r\u00e4 osallistua neuvotteluihin, jotka jatkuvat t\u00e4n\u00e4\u00e4n kolmatta p\u00e4iv\u00e4\u00e4.<\/p>\n<p class=\"article-body mb-nof-24 px-nof-16\"><a class=\"article-genericlink\" href=\"https:\/\/www.bbc.com\/news\/articles\/cdjzvlxp8mjo\" rel=\"nofollow noopener\" target=\"_blank\">BBC:n <\/a>palestiinalaisl\u00e4hteen mukaan kahden ensimm\u00e4isen neuvottelup\u00e4iv\u00e4n aikana ei saavutettu merkitt\u00e4v\u00e4\u00e4 edistyst\u00e4. Mediatietojen mukaan keskustelut ovat kest\u00e4neet useita tunteja kerrallaan.<\/p>\n<p class=\"article-body mb-nof-24 px-nof-16\">Trump sen sijaan sanoi eilen Gazan konfliktin toisena vuosip\u00e4iv\u00e4n\u00e4, ett\u00e4 rauhaan johtava ratkaisu voisi olla hyvin l\u00e4hell\u00e4. Israelin p\u00e4\u00e4ministeri <a class=\"article-personlink\" href=\"https:\/\/www.satakunnankansa.fi\/haku\/?query=Benjamin%20Netanjahu\" rel=\"nofollow noopener\" target=\"_blank\">Benjamin Netanjahu <\/a>ei ole kommentoinut neuvottelujen sis\u00e4lt\u00f6\u00e4 julkisesti, mutta BBC:n mukaan h\u00e4n on kertonut israelilaisille, ett\u00e4 p\u00e4\u00e4t\u00f6ksen aikaan saamisessa &#8221;kohtalon hetket&#8221; olisivat l\u00e4hell\u00e4.<\/p>\n<p class=\"article-body mb-nof-24 px-nof-16\">Neuvottelujen pohjana on Trumpin viime viikolla esittelem\u00e4 20 kohdan suunnitelma, joka t\u00e4ht\u00e4\u00e4 pysyv\u00e4\u00e4n rauhanj\u00e4rjestelyyn Gazan kaistalla.<\/p>\n<p class=\"article-body mb-nof-24 px-nof-16\">Julkisissa puheissaan sek\u00e4 Israel ett\u00e4 Hamas ovat pit\u00e4ytyneet tavoitteissaan. Hamas on sanonut haluavansa jonkinlaiset takuut siit\u00e4, ett\u00e4 mahdollinen sopimus johtaisi pysyv\u00e4\u00e4n rauhanratkaisuun.<\/p>\n<p class=\"article-body mb-nof-24 px-nof-16\">Trump on sanonut, ett\u00e4 jos Hamas ja Israel saavat aikaan sopimuksen sodan p\u00e4\u00e4tt\u00e4v\u00e4st\u00e4 aselevosta, Yhdysvallat tekee kaiken mahdollisen varmistaakseen, ett\u00e4 sit\u00e4 noudatetaan.<\/p>\n","protected":false},"excerpt":{"rendered":"Kahden ensimm\u00e4isen neuvottelup\u00e4iv\u00e4n aikana ei saavutettu merkitt\u00e4v\u00e4\u00e4 edistyst\u00e4. Israelin ja Hamasin v\u00e4lill\u00e4 k\u00e4yt\u00e4v\u00e4t neuvottelut jatkuvat t\u00e4n\u00e4\u00e4n Egyptiss\u00e4. Yhdysvaltain&hellip;\n","protected":false},"author":2,"featured_media":2527,"comment_status":"","ping_status":"","sticky":false,"template":"","format":"standard","meta":{"footnotes":""},"categories":[14],"tags":[22,23,26,27,33,31,30,17,24,25,28,29,15,18,21,80,32,19,20,56,16,59,60,61],"class_list":{"0":"post-56051","1":"post","2":"type-post","3":"status-publish","4":"format-standard","5":"has-post-thumbnail","7":"category-ulkomaat","8":"tag-breaking-news","9":"tag-breakingnews","10":"tag-featured-news","11":"tag-featurednews","12":"tag-fi","13":"tag-finland","14":"tag-finnish","15":"tag-headlines","16":"tag-latest-news","17":"tag-latestnews","18":"tag-main-news","19":"tag-mainnews","20":"tag-news","21":"tag-otsikot","22":"tag-paauutiset","23":"tag-satakunnan-kansa","24":"tag-suomi","25":"tag-top-stories","26":"tag-topstories","27":"tag-ulkomaat","28":"tag-uutiset","29":"tag-world","30":"tag-world-news","31":"tag-worldnews"},"share_on_mastodon":{"url":"","error":""},"_links":{"self":[{"href":"https:\/\/www.europesays.com\/fi\/wp-json\/wp\/v2\/posts\/56051","targetHints":{"allow":["GET"]}}],"collection":[{"href":"https:\/\/www.europesays.com\/fi\/wp-json\/wp\/v2\/posts"}],"about":[{"href":"https:\/\/www.europesays.com\/fi\/wp-json\/wp\/v2\/types\/post"}],"author":[{"embeddable":true,"href":"https:\/\/www.europesays.com\/fi\/wp-json\/wp\/v2\/users\/2"}],"replies":[{"embeddable":true,"href":"https:\/\/www.europesays.com\/fi\/wp-json\/wp\/v2\/comments?post=56051"}],"version-history":[{"count":0,"href":"https:\/\/www.europesays.com\/fi\/wp-json\/wp\/v2\/posts\/56051\/revisions"}],"wp:featuredmedia":[{"embeddable":true,"href":"https:\/\/www.europesays.com\/fi\/wp-json\/wp\/v2\/media\/2527"}],"wp:attachment":[{"href":"https:\/\/www.europesays.com\/fi\/wp-json\/wp\/v2\/media?parent=56051"}],"wp:term":[{"taxonomy":"category","embeddable":true,"href":"https:\/\/www.europesays.com\/fi\/wp-json\/wp\/v2\/categories?post=56051"},{"taxonomy":"post_tag","embeddable":true,"href":"https:\/\/www.europesays.com\/fi\/wp-json\/wp\/v2\/tags?post=56051"}],"curies":[{"name":"wp","href":"https:\/\/api.w.org\/{rel}","templated":true}]}}