{"id":56052,"date":"2025-10-08T10:13:09","date_gmt":"2025-10-08T10:13:09","guid":{"rendered":"https:\/\/www.europesays.com\/fi\/56052\/"},"modified":"2025-10-08T10:13:09","modified_gmt":"2025-10-08T10:13:09","slug":"han-on-trumpin-uusi-suomen-suurlahettilas","status":"publish","type":"post","link":"https:\/\/www.europesays.com\/fi\/56052\/","title":{"rendered":"H\u00e4n on Trumpin uusi Suomen-suurl\u00e4hettil\u00e4s"},"content":{"rendered":"<p>Senaatti hyv\u00e4ksyi nimityksen niukasti.<\/p>\n<p><img decoding=\"async\" class=\"image image-show image-preview\" src=\"https:\/\/www.europesays.com\/fi\/wp-content\/uploads\/2025\/10\/bb40a39de6604033deaca43ab62f09ca9632826abc8161cc3317c56d70eebe36.jpg\" alt=\"\"\/><img decoding=\"async\" class=\"image image-show\" src=\"https:\/\/www.europesays.com\/fi\/wp-content\/uploads\/2025\/10\/1759918389_744_bb40a39de6604033deaca43ab62f09ca9632826abc8161cc3317c56d70eebe36.jpg\" alt=\"\"\/><\/p>\n<p>Howard Brodie on Yhdysvaltain uusi Suomen-suurl\u00e4hettil\u00e4s. Brodie Generational Capital Partners<\/p>\n<p class=\"paragraph\">Yhdysvaltain senaatti on vahvistanut <strong>Howard Brodien<\/strong> nimityksen Yhdysvaltain uudeksi Suomen-suurl\u00e4hettil\u00e4\u00e4ksi.<\/p>\n<p class=\"paragraph\">Nimitys vahvistettiin tiistaina osana laajempaa nimityspakettia. Se meni l\u00e4pi niukasti \u00e4\u00e4nin 51\u201347 eli t\u00e4ysin puolueiden voimasuhteita noudatellen. Kaksi republikaanisenaattoria oli poissa \u00e4\u00e4nestyksest\u00e4.<\/p>\n<p class=\"paragraph\">Presidentti <a href=\"https:\/\/www.iltalehti.fi\/henkilot\/Donald Trump\" class=\"article-link-person-page\" rel=\"nofollow noopener\" target=\"_blank\">Donald Trump<\/a> ilmoitti Brodien olevan valintansa suurl\u00e4hettil\u00e4\u00e4ksi <a href=\"https:\/\/www.iltalehti.fi\/ulkomaat\/5cade2c1-e440-4b0f-9953-09f3848be46a\" rel=\"nofollow noopener\" target=\"_blank\">jo helmikuussa<\/a>. T\u00e4m\u00e4n j\u00e4lkeen asiaa on k\u00e4sitelty muun muassa senaatin ulkoasiainvaliokunnassa.<\/p>\n<p class=\"paragraph\">Brodie <a href=\"https:\/\/www.iltalehti.fi\/ulkomaat\/3925497f-dc46-4202-8792-4e7ea0601d3a\" rel=\"nofollow noopener\" target=\"_blank\">on ty\u00f6skennellyt<\/a> aiemmin pennsylvanialaisen sijoitusyhti\u00f6n johtajana. H\u00e4n on koulutukseltaan juristi ja toiminut vierailevana tutkijana Ven\u00e4j\u00e4n Pietarissa. H\u00e4net tunnetaan my\u00f6s avok\u00e4tisist\u00e4 lahjoituksistaan hyv\u00e4ntekev\u00e4isyyteen ja republikaanipoliitikoille.<\/p>\n<p class=\"paragraph\">Nimityskuulemisessaan kes\u00e4kuussa Brodie kehui muun muassa Suomen puolustuspanostuksia ja arktista osaamista sek\u00e4 suomalaisyritysten aktiivisuutta Yhdysvaltojen markkinoilla.<\/p>\n<p class=\"paragraph\">Brodien mukana Suomeen muuttaa meksikolainen <strong>Jimena<\/strong>-vaimo.<\/p>\n<p class=\"paragraph\">Suomen Yhdysvaltain-suurl\u00e4hettil\u00e4s <a href=\"https:\/\/www.iltalehti.fi\/henkilot\/Leena-Kaisa Mikkola\" class=\"article-link-person-page\" rel=\"nofollow noopener\" target=\"_blank\">Leena-Kaisa Mikkola<\/a> onnittelee Brodiea viestipalvelu <a href=\"https:\/\/x.com\/FINambUS\/status\/1975690226619007058\" rel=\"noopener nofollow\">X:ss\u00e4<\/a>.<\/p>\n<p class=\"paragraph\">\u2013 Odotan yhdess\u00e4 ty\u00f6skentely\u00e4 syvent\u00e4\u00e4ksemme edelleen vahvoja siteit\u00e4 maidemme v\u00e4lill\u00e4, Mikkola kirjoittaa.<\/p>\n<p class=\"paragraph\">Tasavallan presidentti <a href=\"https:\/\/www.iltalehti.fi\/henkilot\/Alexander Stubb\" class=\"article-link-person-page\" rel=\"nofollow noopener\" target=\"_blank\">Alexander Stubb<\/a> ja p\u00e4\u00e4ministeri <a href=\"https:\/\/www.iltalehti.fi\/henkilot\/Petteri Orpo\" class=\"article-link-person-page\" rel=\"nofollow noopener\" target=\"_blank\">Petteri Orpo<\/a> (kok) tapaavat Trumpin Valkoisessa talossa huomenna torstaina.<\/p>\n<p>Donald Trumpin suurl\u00e4hettil\u00e4snimitys meni l\u00e4pi. ZUMAWIRE\/MVPHOTOS<\/p>\n","protected":false},"excerpt":{"rendered":"Senaatti hyv\u00e4ksyi nimityksen niukasti. Howard Brodie on Yhdysvaltain uusi Suomen-suurl\u00e4hettil\u00e4s. Brodie Generational Capital Partners Yhdysvaltain senaatti on vahvistanut&hellip;\n","protected":false},"author":2,"featured_media":56053,"comment_status":"","ping_status":"","sticky":false,"template":"","format":"standard","meta":{"footnotes":""},"categories":[12],"tags":[35,22,23,26,27,33,31,30,17,24,25,28,29,15,18,21,142,637,144,886,32,19,20,16,638],"class_list":{"0":"post-56052","1":"post","2":"type-post","3":"status-publish","4":"format-standard","5":"has-post-thumbnail","7":"category-suomi","8":"tag-24h","9":"tag-breaking-news","10":"tag-breakingnews","11":"tag-featured-news","12":"tag-featurednews","13":"tag-fi","14":"tag-finland","15":"tag-finnish","16":"tag-headlines","17":"tag-latest-news","18":"tag-latestnews","19":"tag-main-news","20":"tag-mainnews","21":"tag-news","22":"tag-otsikot","23":"tag-paauutiset","24":"tag-poliitikot","25":"tag-politiikka","26":"tag-presidentti","27":"tag-puolueet","28":"tag-suomi","29":"tag-top-stories","30":"tag-topstories","31":"tag-uutiset","32":"tag-valtiovalta"},"share_on_mastodon":{"url":"","error":""},"_links":{"self":[{"href":"https:\/\/www.europesays.com\/fi\/wp-json\/wp\/v2\/posts\/56052","targetHints":{"allow":["GET"]}}],"collection":[{"href":"https:\/\/www.europesays.com\/fi\/wp-json\/wp\/v2\/posts"}],"about":[{"href":"https:\/\/www.europesays.com\/fi\/wp-json\/wp\/v2\/types\/post"}],"author":[{"embeddable":true,"href":"https:\/\/www.europesays.com\/fi\/wp-json\/wp\/v2\/users\/2"}],"replies":[{"embeddable":true,"href":"https:\/\/www.europesays.com\/fi\/wp-json\/wp\/v2\/comments?post=56052"}],"version-history":[{"count":0,"href":"https:\/\/www.europesays.com\/fi\/wp-json\/wp\/v2\/posts\/56052\/revisions"}],"wp:featuredmedia":[{"embeddable":true,"href":"https:\/\/www.europesays.com\/fi\/wp-json\/wp\/v2\/media\/56053"}],"wp:attachment":[{"href":"https:\/\/www.europesays.com\/fi\/wp-json\/wp\/v2\/media?parent=56052"}],"wp:term":[{"taxonomy":"category","embeddable":true,"href":"https:\/\/www.europesays.com\/fi\/wp-json\/wp\/v2\/categories?post=56052"},{"taxonomy":"post_tag","embeddable":true,"href":"https:\/\/www.europesays.com\/fi\/wp-json\/wp\/v2\/tags?post=56052"}],"curies":[{"name":"wp","href":"https:\/\/api.w.org\/{rel}","templated":true}]}}