{"id":56077,"date":"2025-10-08T10:54:36","date_gmt":"2025-10-08T10:54:36","guid":{"rendered":"https:\/\/www.europesays.com\/fi\/56077\/"},"modified":"2025-10-08T10:54:36","modified_gmt":"2025-10-08T10:54:36","slug":"katajanokan-laituri-voitti-arkkitehtuurin-finlandia-palkinnon-savo","status":"publish","type":"post","link":"https:\/\/www.europesays.com\/fi\/56077\/","title":{"rendered":"Katajanokan Laituri voitti arkkitehtuurin Finlandia -palkinnon | Savo"},"content":{"rendered":"<p>T\u00e4m\u00e4n vuoden Arkkitehtuurin Finlandia -palkinnon voittaja on Katajanokan Laituri.<\/p>\n<p>Voittajan valitsi arkkipiispa <strong>Tapio Luoma<\/strong> nelj\u00e4n finalistin joukosta. Luoma kertoo vaikuttuneensa rakennuksen muotokielest\u00e4, valoisuudesta ja puun k\u00e4yt\u00f6st\u00e4.<\/p>\n<p>Katajanokan Laituri on Helsingin Katajanokalla sijaitseva <a href=\"https:\/\/toimitilat.varma.fi\/katajanokan-laituri\/\" rel=\"nofollow noopener\" target=\"_blank\">monitoimitalo<\/a>, joka valmistui vuosi sitten kes\u00e4ll\u00e4. Valkoisesta rakennuksesta l\u00f6ytyy hotelli sek\u00e4 muun muassa mets\u00e4yhti\u00f6 Stora Enson p\u00e4\u00e4konttori.<\/p>\n<p>Rakennus on avoin kaikille. Sen alimmassa kerroksessa sijaitsevat yleis\u00f6lle avoimet aulatilat, kahvila ja ravintolat ja sen kattoterassilla oleskelualueet ja baari.<\/p>\n<p>Arkkitehtuurin Finlandia -palkinnon my\u00f6nt\u00e4\u00e4 Suomen Arkkitehtiliitto.<\/p>\n<p>Ehdolla palkinnon saajaksi olivat t\u00e4n\u00e4 vuonna my\u00f6s Finlandia-talon peruskorjaus, asuinkerrostalo Meander T\u00f6\u00f6l\u00f6ss\u00e4 ja Vuosaaren biol\u00e4mp\u00f6laitos.<\/p>\n<p>\t\t\t\t\t<img class=\"diks-card__image\" src=\"https:\/\/www.europesays.com\/fi\/wp-content\/uploads\/2025\/10\/10523265.jpg\"   loading=\"lazy\" decoding=\"sync\" alt=\"\"\/><\/p>\n<p>\t\t\t\t\t<img class=\"diks-card__image\" src=\"https:\/\/www.europesays.com\/fi\/wp-content\/uploads\/2025\/10\/11025567.jpg\"   loading=\"lazy\" decoding=\"sync\" alt=\"\"\/><\/p>\n","protected":false},"excerpt":{"rendered":"T\u00e4m\u00e4n vuoden Arkkitehtuurin Finlandia -palkinnon voittaja on Katajanokan Laituri. Voittajan valitsi arkkipiispa Tapio Luoma nelj\u00e4n finalistin joukosta. Luoma&hellip;\n","protected":false},"author":2,"featured_media":56078,"comment_status":"","ping_status":"","sticky":false,"template":"","format":"standard","meta":{"footnotes":""},"categories":[135],"tags":[7816,389,387,388,390,137,33,31,30,104,13301,108,32,394,485,393,391,392,109],"class_list":{"0":"post-56077","1":"post","2":"type-post","3":"status-publish","4":"format-standard","5":"has-post-thumbnail","7":"category-taiteet-ja-suunnittelu","8":"tag-arkkitehtuurin-finlandia-palkinto","9":"tag-arts","10":"tag-arts-and-design","11":"tag-artsanddesign","12":"tag-design","13":"tag-entertainment","14":"tag-fi","15":"tag-finland","16":"tag-finnish","17":"tag-helsinki","18":"tag-katajanokka","19":"tag-kulttuuri","20":"tag-suomi","21":"tag-suunnittelu","22":"tag-taide-yleista","23":"tag-taiteet","24":"tag-taiteet-ja-suunnittelu","25":"tag-taiteetsuunnittelu","26":"tag-viihde"},"share_on_mastodon":{"url":"","error":""},"_links":{"self":[{"href":"https:\/\/www.europesays.com\/fi\/wp-json\/wp\/v2\/posts\/56077","targetHints":{"allow":["GET"]}}],"collection":[{"href":"https:\/\/www.europesays.com\/fi\/wp-json\/wp\/v2\/posts"}],"about":[{"href":"https:\/\/www.europesays.com\/fi\/wp-json\/wp\/v2\/types\/post"}],"author":[{"embeddable":true,"href":"https:\/\/www.europesays.com\/fi\/wp-json\/wp\/v2\/users\/2"}],"replies":[{"embeddable":true,"href":"https:\/\/www.europesays.com\/fi\/wp-json\/wp\/v2\/comments?post=56077"}],"version-history":[{"count":0,"href":"https:\/\/www.europesays.com\/fi\/wp-json\/wp\/v2\/posts\/56077\/revisions"}],"wp:featuredmedia":[{"embeddable":true,"href":"https:\/\/www.europesays.com\/fi\/wp-json\/wp\/v2\/media\/56078"}],"wp:attachment":[{"href":"https:\/\/www.europesays.com\/fi\/wp-json\/wp\/v2\/media?parent=56077"}],"wp:term":[{"taxonomy":"category","embeddable":true,"href":"https:\/\/www.europesays.com\/fi\/wp-json\/wp\/v2\/categories?post=56077"},{"taxonomy":"post_tag","embeddable":true,"href":"https:\/\/www.europesays.com\/fi\/wp-json\/wp\/v2\/tags?post=56077"}],"curies":[{"name":"wp","href":"https:\/\/api.w.org\/{rel}","templated":true}]}}