{"id":56139,"date":"2025-10-08T12:11:09","date_gmt":"2025-10-08T12:11:09","guid":{"rendered":"https:\/\/www.europesays.com\/fi\/56139\/"},"modified":"2025-10-08T12:11:09","modified_gmt":"2025-10-08T12:11:09","slug":"karita-tykka-kertoo-avoimesti-terapiastaan","status":"publish","type":"post","link":"https:\/\/www.europesays.com\/fi\/56139\/","title":{"rendered":"Karita Tykk\u00e4 kertoo avoimesti terapiastaan"},"content":{"rendered":"<p>\n            20250909, Helsinki. The Box Suomi-ohjelman pressi. Kuvassa Karita Tykk\u00e4.<br \/>\n            Timo Korhonen\n        <\/p>\n<p class=\"subtitle \">Karita Tykk\u00e4 kertoi kirjoitusprosessistaan Huomenta Suomessa.<\/p>\n<p class=\"article-content article-content-width !bg-background\">Hyvinvointivalmentaja  vieraili\u00a0Huomenta Suomen suorassa l\u00e4hetyksess\u00e4 8. lokakuuta.<\/p>\n<p class=\"italic m-italic article-content article-content-width !bg-background\">Videolla Tuukka Temonen kertoo Olga Temosen tilanteesta:<\/p>\n<p class=\"article-content article-content-width !bg-background\">Karita kertoi l\u00e4hetyksess\u00e4 tuoreesta kirjastaan Kaikki rohkeus meiss\u00e4, jossa h\u00e4n k\u00e4sittelee suuria teemoja omien tarinoidensa kautta. Pohjavireelt\u00e4\u00e4n teos on henkil\u00f6kohtainen, sill\u00e4 h\u00e4n avaa itsest\u00e4\u00e4n asioita, joita ei ehk\u00e4 aiemmin julkisuudessa ole kuultu. Kirjoittaminen on entiselle Miss Suomelle tapa k\u00e4sitell\u00e4 tunteita ja omaa el\u00e4m\u00e4\u00e4.<\/p>\n<p class=\"article-content article-content-width !bg-background\">Karita mainitsee, ett\u00e4 on k\u00e4ynyt viimeisen kahden vuoden ajan viikoittain terapiassa, jossa h\u00e4n on joutunut istumaan itsens\u00e4 \u00e4\u00e4relle. Terapia onkin ollut Karitan mukaan hirvitt\u00e4v\u00e4n iso ty\u00f6kalu kirjan kirjoitusprosessin aikana.<\/p>\n<p class=\"article-content article-content-width !bg-background\">\u2013 Se on ollut kyll\u00e4 sellainen matka, joka on ollut superhyv\u00e4, koska olen psyykkinen valmentaja yhdelt\u00e4 ammatiltani, ja olen \u00e4lytt\u00f6m\u00e4n hyv\u00e4 valehtelemaan itselleni, Karita kertoo ja jatkaa:<\/p>\n<p class=\"article-content article-content-width !bg-background\">\u2013 Sitten kun olen siin\u00e4 terapeutin penkiss\u00e4, niin en voikaan valehdella en\u00e4\u00e4, vaan menn\u00e4\u00e4n sinne naamarin toiselle puolelle, mit\u00e4 en edes itse halua katsoa. H\u00e4n haastaa minut menem\u00e4\u00e4n sinne jonnekin, kyselee niin kauan, ett\u00e4 menn\u00e4\u00e4n sinne, Karita sanoo.<\/p>\n<p>                <img decoding=\"async\" src=\"https:\/\/www.europesays.com\/fi\/wp-content\/uploads\/2025\/10\/1758623.webp\" width=\"576\" height=\"274\" alt=\"Karita Tykk\u00e4 kruunattiin Miss Suomeksi vuonna 1997. H\u00e4n on sittemmin tehnyt muun muassa tv-juontajan, mallin ja hyvinvointivalmentajan t\u00f6it\u00e4.\" loading=\"lazy\" \/>            <\/p>\n<p>\n            Karita Tykk\u00e4 kruunattiin Miss Suomeksi vuonna 1997. H\u00e4n on sittemmin tehnyt muun muassa tv-juontajan, mallin ja hyvinvointivalmentajan t\u00f6it\u00e4.<br \/>\n            Heikki Y. Rissanen\n        <\/p>\n<p>        <a itemprop=\"url\" href=\"https:\/\/www.seiska.fi\/kotimaa\/karita-tykalta-hurja-terveyspaljastus\/1950028\" rel=\"nofollow noopener\" target=\"_blank\"><\/p>\n<p>\nOhhoh!\n<\/p>\n<p class=\"section-date\">\n        <strong class=\"article-section\" data-section=\"kotimaa\"><br \/>\n            kotimaa<br \/>\n        <\/strong><br \/>\n        3.10. 08:56\n    <\/p>\n<p>Karita Tyk\u00e4lt\u00e4 hurja terveyspaljastus\n    <\/p>\n<p itemprop=\"description\" class=\"subtitle \">\n    Hyvinvointivalmentaja ei piilottele tilannettaan.\n<\/p>\n<p>        <\/a><\/p>\n<p>Yksi suurimmista opeista<\/p>\n<p class=\"article-content article-content-width !bg-background\">Karitan mukaan yksin\u00e4\u00e4n traumojen tai muiden suurien asioiden k\u00e4sittely on vaikeaa, mutta ei t\u00e4ysin mahdotonta.\u00a0<\/p>\n<p class=\"article-content article-content-width !bg-background\">H\u00e4n kertoo oppivansa itsest\u00e4\u00e4n joka p\u00e4iv\u00e4 jotain. Yksi suurimmista on se, ett\u00e4 asiat l\u00e4htev\u00e4t l\u00e4ht\u00f6kohtaisesti itsest\u00e4.<\/p>\n<p class=\"article-content article-content-width !bg-background\">\u2013 Se ei ole koskaan se toinen tai ulkoinen, vaan kaikki on meiss\u00e4. Jos me haemme turvaa, rakkautta, onnea tai iloa, niin se on aina meiss\u00e4. Se ei tule ulkopuolelta, kaikki rohkeus on meiss\u00e4, Karita toteaa.<\/p>\n<p>Vaikeat ajat<\/p>\n<p class=\"article-content article-content-width !bg-background\">Kirjassa Karita k\u00e4sittelee my\u00f6s rohkeutta el\u00e4m\u00e4ntilanteissa, jossa t\u00e4ytyy p\u00e4\u00e4st\u00e4\u00e4 irti. Karitan omakohtaiset kokemukset koskevat hetki\u00e4, joissa h\u00e4n on menett\u00e4nyt l\u00e4heisi\u00e4\u00e4n.<\/p>\n<p class=\"article-content article-content-width !bg-background\">Karitan \u00e4iti menehtyi ALS-sairauden my\u00f6t\u00e4 nelj\u00e4 vuotta sitten. H\u00e4nen perusturvallisuutensa j\u00e4rkkyi merkitt\u00e4v\u00e4sti. Menetyksen seurauksena muutosprosessi Karitassa l\u00e4hti liikkeelle.<\/p>\n<p class=\"article-content article-content-width !bg-background\">\u2013 Aloin kyseenalaistamaan, tai en kyseenalaistamaan vaan miettim\u00e4\u00e4n, ett\u00e4 olenko onnellinen. Onko t\u00e4m\u00e4 sellaista el\u00e4m\u00e4\u00e4, mit\u00e4 haluan el\u00e4\u00e4? L\u00e4hin penkomaan sit\u00e4 kaikkea, mit\u00e4 on, Karita pohtii.<\/p>\n<p class=\"article-content article-content-width !bg-background\">Kuolemattomuuden illuusio karisi, sill\u00e4 el\u00e4m\u00e4n rajallisuus \u00e4idin menehtymisen my\u00f6t\u00e4 iski hyvinvointivalmentajan silmille.<\/p>\n<p class=\"article-content article-content-width !bg-background\">\u2013 Ja tavallaan se, miten kontrolli on t\u00e4ysi illuusio \u2013 ei sit\u00e4 ole. Sitten kun siit\u00e4 kontrollintarpeesta uskaltaa p\u00e4\u00e4st\u00e4\u00e4 irti, ainoa mihin minulla on kontrollia, on se, miten valitsen reagoida siihen, mit\u00e4 tapahtuu ymp\u00e4rill\u00e4ni tai minussa, mutta ei mit\u00e4 tapahtuu, Karita toteaa.<\/p>\n<p class=\"article-content article-content-width !bg-background\">\u2013 Se on ollut tosi vapauttavaa. Se on vaatinut rohkeutta. Se, ett\u00e4 uskaltaa p\u00e4\u00e4st\u00e4\u00e4 irti, hyp\u00e4t\u00e4 tuntemattomaan, uskaltaa olla se, mit\u00e4 on ilman mit\u00e4\u00e4n filttereit\u00e4 tai naamioita, on tosi vapauttavaa, mutta se vaatii pirusti rohkeutta.<\/p>\n<p>        <a itemprop=\"url\" href=\"https:\/\/www.seiska.fi\/katso\/karita-tykka-palasi-televisioon-tassa-syy\/1927288\" rel=\"nofollow noopener\" target=\"_blank\"><\/p>\n<p>\nKarita Tykk\u00e4\n<\/p>\n<p class=\"section-date\">\n        <strong class=\"article-section\" data-section=\"katso\"><br \/>\n            katso<br \/>\n        <\/strong><br \/>\n        27.9. 16:15\n    <\/p>\n<p>Karita Tykk\u00e4 palasi televisioon \u2013 t\u00e4ss\u00e4 syy\n    <\/p>\n<p itemprop=\"description\" class=\"subtitle \">\n    Karita Tykk\u00e4 haluaa n\u00e4ytt\u00e4\u00e4, ett\u00e4 viisikymppinenkin uskaltaa.\n<\/p>\n<p>        <\/a><\/p>\n<p>Avioero<\/p>\n<p class=\"article-content article-content-width !bg-background\">Karita haki avioeroa miehest\u00e4\u00e4n  t\u00e4m\u00e4n vuoden maaliskuussa. Pari ehti olla pit\u00e4\u00e4 yht\u00e4 20 vuoden ajan ja olla avioliitossa 16 vuotta. Karitalla ja Petrill\u00e4 on yksi yhteinen lapsi.<\/p>\n<p>                <img loading=\"lazy\" decoding=\"async\" src=\"https:\/\/www.europesays.com\/fi\/wp-content\/uploads\/2025\/10\/1402152.webp\" width=\"576\" height=\"274\" alt=\"Karita ja Petri juhlivat h\u00e4it\u00e4\u00e4n vuonna 2008.\" \/>            <\/p>\n<p>\n            Karita ja Petri juhlivat h\u00e4it\u00e4\u00e4n vuonna 2008.<br \/>\n            Allerin arkisto\n        <\/p>\n<p>        <a itemprop=\"url\" href=\"https:\/\/www.seiska.fi\/kotimaa\/missista-miljonaariksi-karita-tykka-iski-kultasuoneen-firma-takoo-jattitulosta\/1926942\" rel=\"nofollow noopener\" target=\"_blank\"><\/p>\n<p>\nFirma takoo j\u00e4ttitulosta\n<\/p>\n<p class=\"section-date\">\n        <strong class=\"article-section\" data-section=\"kotimaa\"><br \/>\n            kotimaa<br \/>\n        <\/strong><br \/>\n        13.9. 09:00\n    <\/p>\n<p>Missist\u00e4 miljon\u00e4\u00e4riksi! Karita Tykk\u00e4 iski kultasuoneen \u2013 firma takoo j\u00e4ttitulosta\n    <\/p>\n<p itemprop=\"description\" class=\"subtitle \">\n    Kaiken kansan tuntema ex-missi tuli miljon\u00e4\u00e4riksi vain muutamassa vuodessa.\n<\/p>\n<p>        <\/a><\/p>\n<p class=\"italic m-italic article-content article-content-width !bg-background\">Huomenta Suomi p\u00e4ivitt\u00e4in MTV3:lla ja MTV Katsomossa.<\/p>\n","protected":false},"excerpt":{"rendered":"20250909, Helsinki. The Box Suomi-ohjelman pressi. Kuvassa Karita Tykk\u00e4. Timo Korhonen Karita Tykk\u00e4 kertoi kirjoitusprosessistaan Huomenta Suomessa. Hyvinvointivalmentaja&hellip;\n","protected":false},"author":2,"featured_media":56140,"comment_status":"","ping_status":"","sticky":false,"template":"","format":"standard","meta":{"footnotes":""},"categories":[136],"tags":[2759,407,137,33,31,30,9835,408,13309,4835,32,1652,109],"class_list":{"0":"post-56139","1":"post","2":"type-post","3":"status-publish","4":"format-standard","5":"has-post-thumbnail","7":"category-julkkikset","8":"tag-avioero","9":"tag-celebrities","10":"tag-entertainment","11":"tag-fi","12":"tag-finland","13":"tag-finnish","14":"tag-hyvinvointivalmentaja","15":"tag-julkkikset","16":"tag-kaikki-rohkeus-meissa","17":"tag-karita-tykka","18":"tag-suomi","19":"tag-terapia","20":"tag-viihde"},"share_on_mastodon":{"url":"","error":""},"_links":{"self":[{"href":"https:\/\/www.europesays.com\/fi\/wp-json\/wp\/v2\/posts\/56139","targetHints":{"allow":["GET"]}}],"collection":[{"href":"https:\/\/www.europesays.com\/fi\/wp-json\/wp\/v2\/posts"}],"about":[{"href":"https:\/\/www.europesays.com\/fi\/wp-json\/wp\/v2\/types\/post"}],"author":[{"embeddable":true,"href":"https:\/\/www.europesays.com\/fi\/wp-json\/wp\/v2\/users\/2"}],"replies":[{"embeddable":true,"href":"https:\/\/www.europesays.com\/fi\/wp-json\/wp\/v2\/comments?post=56139"}],"version-history":[{"count":0,"href":"https:\/\/www.europesays.com\/fi\/wp-json\/wp\/v2\/posts\/56139\/revisions"}],"wp:featuredmedia":[{"embeddable":true,"href":"https:\/\/www.europesays.com\/fi\/wp-json\/wp\/v2\/media\/56140"}],"wp:attachment":[{"href":"https:\/\/www.europesays.com\/fi\/wp-json\/wp\/v2\/media?parent=56139"}],"wp:term":[{"taxonomy":"category","embeddable":true,"href":"https:\/\/www.europesays.com\/fi\/wp-json\/wp\/v2\/categories?post=56139"},{"taxonomy":"post_tag","embeddable":true,"href":"https:\/\/www.europesays.com\/fi\/wp-json\/wp\/v2\/tags?post=56139"}],"curies":[{"name":"wp","href":"https:\/\/api.w.org\/{rel}","templated":true}]}}