{"id":56163,"date":"2025-10-08T12:42:07","date_gmt":"2025-10-08T12:42:07","guid":{"rendered":"https:\/\/www.europesays.com\/fi\/56163\/"},"modified":"2025-10-08T12:42:07","modified_gmt":"2025-10-08T12:42:07","slug":"terminator-2-tahti-haluaa-palata-the-x-filesiin-se-hahmo-on-kaikkien-aikojen-suosikkini","status":"publish","type":"post","link":"https:\/\/www.europesays.com\/fi\/56163\/","title":{"rendered":"Terminator 2 -t\u00e4hti haluaa palata The X-Filesiin: \u201cSe hahmo on kaikkien aikojen suosikkini\u201d"},"content":{"rendered":"<p>Sinners-ohjaaja Ryan Coogler ty\u00f6st\u00e4\u00e4 uutta X-Files-sarjaa.<\/p>\n<p>Robert Patrick promoaa <a href=\"https:\/\/screenrant.com\/x-files-reboot-john-doggett-return-robert-patrick-response\" target=\"_blank\" rel=\"noreferrer noopener nofollow\">Screenrantin<\/a> jutussa Tulsa King -sarjan kolmoskautta, jota esitt\u00e4\u00e4 Suomessa SkyShowtime-palvelu. Patrick on mukana my\u00f6s HBO Maxin Peacemaker-supersankarisatiirissa, jonka kakkoskauden viimeinen jakso n\u00e4hd\u00e4\u00e4n t\u00e4m\u00e4n viikon perjantaina.<\/p>\n<p>Patrickilta kysyttiin jutussa my\u00f6s onko h\u00e4n kiinnostunut palaamaan agentti Doggettin rooliin Ryan Cooglerin puuhaamasssa <a href=\"https:\/\/muropaketti.com\/avainsana\/the-x-files\/\" rel=\"nofollow noopener\" target=\"_blank\">The X-Files<\/a> -rebootissa. <\/p>\n<p>\u201dSe hahmo on kaikkien aikojen suosikkini. Olisi todella kiinnostavaa n\u00e4hd\u00e4 mit\u00e4 John Doggetille on tapahtunut kaikkien n\u00e4iden vuosien aikana. Min\u00e4 en ehtinyt muilta kiireilt\u00e4ni mukaan sarjan aiempiin jatkoihin, olin aina muissa t\u00f6iss\u00e4.\u201d<\/p>\n<p>\u201dAgentti Dogget on kuitenkin aina ollut l\u00e4hinn\u00e4 syd\u00e4nt\u00e4ni. Pidin h\u00e4nest\u00e4, koska Dogget oli vahva kovis, jolla oli kultainen syd\u00e4n.\u201d<\/p>\n<p>Sek\u00e4 David Duchovny ett\u00e4 Gillian Anderson ovat aiemmin kertoneet olevansa valmiita mukaan The X-Files -uusintaan, mutta tietyin ehdoin:<\/p>\n<p><a href=\"https:\/\/muropaketti.com\/wp-content\/uploads\/2025\/09\/tulsa-king-season-3-sylvester-stallone-robert-patrick.jpg\" rel=\"nofollow noopener\" target=\"_blank\"><img fetchpriority=\"high\" decoding=\"async\" width=\"1024\" height=\"683\" alt=\"Tulsa King season 3 \/ Sylvester Stallone, Robert Patrick\" class=\"wp-image-890218 awpo-lazy\"  data- src=\"https:\/\/www.europesays.com\/fi\/wp-content\/uploads\/2025\/10\/tulsa-king-season-3-sylvester-stallone-robert-patrick-1024x683.jpg\"\/><\/a>Kuva: SkyShowtime<\/p>\n","protected":false},"excerpt":{"rendered":"Sinners-ohjaaja Ryan Coogler ty\u00f6st\u00e4\u00e4 uutta X-Files-sarjaa. Robert Patrick promoaa Screenrantin jutussa Tulsa King -sarjan kolmoskautta, jota esitt\u00e4\u00e4 Suomessa&hellip;\n","protected":false},"author":2,"featured_media":56164,"comment_status":"","ping_status":"","sticky":false,"template":"","format":"standard","meta":{"footnotes":""},"categories":[131],"tags":[155,137,33,173,31,30,172,12425,13317,32,13318,109],"class_list":{"0":"post-56163","1":"post","2":"type-post","3":"status-publish","4":"format-standard","5":"has-post-thumbnail","7":"category-elokuvat","8":"tag-elokuvat","9":"tag-entertainment","10":"tag-fi","11":"tag-film","12":"tag-finland","13":"tag-finnish","14":"tag-movies","15":"tag-robert-patrick","16":"tag-ryan-coogler","17":"tag-suomi","18":"tag-the-x-files","19":"tag-viihde"},"share_on_mastodon":{"url":"","error":""},"_links":{"self":[{"href":"https:\/\/www.europesays.com\/fi\/wp-json\/wp\/v2\/posts\/56163","targetHints":{"allow":["GET"]}}],"collection":[{"href":"https:\/\/www.europesays.com\/fi\/wp-json\/wp\/v2\/posts"}],"about":[{"href":"https:\/\/www.europesays.com\/fi\/wp-json\/wp\/v2\/types\/post"}],"author":[{"embeddable":true,"href":"https:\/\/www.europesays.com\/fi\/wp-json\/wp\/v2\/users\/2"}],"replies":[{"embeddable":true,"href":"https:\/\/www.europesays.com\/fi\/wp-json\/wp\/v2\/comments?post=56163"}],"version-history":[{"count":0,"href":"https:\/\/www.europesays.com\/fi\/wp-json\/wp\/v2\/posts\/56163\/revisions"}],"wp:featuredmedia":[{"embeddable":true,"href":"https:\/\/www.europesays.com\/fi\/wp-json\/wp\/v2\/media\/56164"}],"wp:attachment":[{"href":"https:\/\/www.europesays.com\/fi\/wp-json\/wp\/v2\/media?parent=56163"}],"wp:term":[{"taxonomy":"category","embeddable":true,"href":"https:\/\/www.europesays.com\/fi\/wp-json\/wp\/v2\/categories?post=56163"},{"taxonomy":"post_tag","embeddable":true,"href":"https:\/\/www.europesays.com\/fi\/wp-json\/wp\/v2\/tags?post=56163"}],"curies":[{"name":"wp","href":"https:\/\/api.w.org\/{rel}","templated":true}]}}