{"id":56179,"date":"2025-10-08T13:06:08","date_gmt":"2025-10-08T13:06:08","guid":{"rendered":"https:\/\/www.europesays.com\/fi\/56179\/"},"modified":"2025-10-08T13:06:08","modified_gmt":"2025-10-08T13:06:08","slug":"erikoisjoukot-robert-helenius-ja-iida-ketola-joutuvat-aarimmaisen-paniikin-valtaan","status":"publish","type":"post","link":"https:\/\/www.europesays.com\/fi\/56179\/","title":{"rendered":"Erikoisjoukot: Robert Helenius ja Iida Ketola joutuvat \u00e4\u00e4rimm\u00e4isen paniikin valtaan"},"content":{"rendered":"<p>\n            Erikoisjoukot<br \/>\n            Jere Hietala \/ Sanoma\n        <\/p>\n<p class=\"subtitle \">\u2013 Tuollainen ulina aiheuttaa paniikkia koko ryhm\u00e4ss\u00e4. Lopeta se, Janne Lehtonen t\u00e4r\u00e4ytt\u00e4\u00e4 Iida Ketolalle Erikoisjoukot-jaksossa.<\/p>\n<p class=\"article-content article-content-width !bg-background\">Erikoisjoukot-kokelaan joutuvat veden varaan 9. lokakuuta n\u00e4ht\u00e4v\u00e4ss\u00e4 jaksossa, joka on jo katsottavissa Ruutu+-tilauksella. <\/p>\n<p class=\"article-content article-content-width !bg-background\">Videolla Erikoisjoukot-kouluttajien nopeat vastaukset:<\/p>\n<p class=\"article-content article-content-width !bg-background\">\u2013 Vesi on armoton elementti. Siell\u00e4 tulee kaikki tunteet esille. Pelkoa, ahdistusta, jos siihen ei ole tottunut tai sen kanssa ole sinut, p\u00e4\u00e4kouluttaja  sanoo.<\/p>\n<p class=\"article-content article-content-width !bg-background\">\u2013 Meill\u00e4 on ollut operaatioissa tai harjoituksissa hukkumiskokemuksia, joista emme olisi selvinneet ilman sit\u00e4 koulutusta, h\u00e4n jatkaa.<\/p>\n<p class=\"article-content article-content-width !bg-background\">Kokelaat saavat pintaraapaisun allaskoulutuksesta. Ensin heid\u00e4n on sukellettava m\u00e4\u00e4r\u00e4tty matka. T\u00e4m\u00e4n j\u00e4lkeen he kaikki hypp\u00e4\u00e4v\u00e4t yht\u00e4 aikaa altaaseen. Heid\u00e4n on uitava varvasuintia lipulle ja takaisin, mik\u00e4 tarkoittaa sit\u00e4, ett\u00e4 ainoastaan varpaat ja p\u00e4\u00e4 saavat n\u00e4ky\u00e4 pinnan yl\u00e4puolella.<\/p>\n<p>        <a itemprop=\"url\" href=\"https:\/\/www.seiska.fi\/katso\/erikoisjoukoissa-vaaratilanne-laakari-paikalle\/1947441\" rel=\"nofollow noopener\" target=\"_blank\"><\/p>\n<p>\nErikoisjoukot\n<\/p>\n<p class=\"section-date\">\n        <strong class=\"article-section\" data-section=\"katso\"><br \/>\n            katso<br \/>\n        <\/strong><br \/>\n        1.10. 10:51\n    <\/p>\n<p>Erikoisjoukoissa vaaratilanne! L\u00e4\u00e4k\u00e4ri paikalle\n    <\/p>\n<p itemprop=\"description\" class=\"subtitle \">\n    Kaksi kokelasta joutuu keskeytt\u00e4m\u00e4\u00e4n teht\u00e4v\u00e4n Erikoisjoukot-kauden tuoreessa jaksossa.\n<\/p>\n<p>        <\/a><\/p>\n<p class=\"article-content article-content-width !bg-background\">Kokelas numero 13 eli  ei tahdo pysy\u00e4 annetussa teht\u00e4v\u00e4ss\u00e4. H\u00e4n n\u00e4ytt\u00e4\u00e4 kamppailevan vesielementin kanssa.<\/p>\n<p class=\"article-content article-content-width !bg-background\">\u2013 Rauhoitu! kouluttaja  huutaa.<\/p>\n<p class=\"article-content article-content-width !bg-background\">Kokelas numero kuudella eli  ei suju juurikaan paremmin.<\/p>\n<p class=\"article-content article-content-width !bg-background\">\u2013 Kutonen harrastaa omaa kuviokelluntaa, Janne toteaa.<\/p>\n<p class=\"article-content article-content-width !bg-background\">Seuraavaksi kokelaiden on sukellettava 10 metri\u00e4 lipulle ja takaisin. Robert ei pysy muiden mukana, ja my\u00f6s Iida alkaa v\u00e4sy\u00e4 harjoituksen jatkuessa.<\/p>\n<p>Paniikki iskee kahteen<\/p>\n<p class=\"article-content article-content-width !bg-background\">Kaikki m\u00e4\u00e4r\u00e4t\u00e4\u00e4n yl\u00f6s altaasta. Heid\u00e4t m\u00e4\u00e4r\u00e4t\u00e4\u00e4n j\u00e4lleen altaaseen.<\/p>\n<p class=\"article-content article-content-width !bg-background\">\u2013 Teid\u00e4n on pakko pysy\u00e4 vedess\u00e4 rauhallisena. Vesi on elementti, joka kostaa saman tien, jos menette paniikkiin. Kun rupeaa happi loppua, palleanne nykii, koska se haluaa lis\u00e4\u00e4 happea. Mit\u00e4 sitten. Antaa sen saatana nyki\u00e4, Janne toteaa.<\/p>\n<p class=\"article-content article-content-width !bg-background\">Kokelaiden on sukellettava pohjaan vuorollaan, kun muut polkevat pinnalla vett\u00e4. Iida Ketola ei p\u00e4\u00e4se pohjaan. H\u00e4n n\u00e4ytt\u00e4\u00e4 pinnalle noustessaan ep\u00e4toivoiselta. Janne k\u00e4skee h\u00e4nt\u00e4 rauhoittumaan ja m\u00e4\u00e4r\u00e4\u00e4 uudelleen pohjaan. Iida ei tottele. Janne m\u00e4\u00e4r\u00e4\u00e4 uudelleen. Iida ei toimi.<\/p>\n<p class=\"article-content article-content-width !bg-background\">\u2013 Odota ihan hetki, yrit\u00e4n tasata hengitykseni, Iida sanoo.<\/p>\n<p class=\"article-content article-content-width !bg-background\">\u2013 Ei t\u00e4ss\u00e4 mit\u00e4\u00e4n odotella hetke\u00e4, Janne sanoo.<\/p>\n<p>        <a itemprop=\"url\" href=\"https:\/\/www.seiska.fi\/katso\/sonja-aiellolta-suorat-sanat-erikoisjoukot-kouluttajista\/1953678\" rel=\"nofollow noopener\" target=\"_blank\"><\/p>\n<p>\nSonja Aiello\n<\/p>\n<p class=\"section-date\">\n        <strong class=\"article-section\" data-section=\"katso\"><br \/>\n            katso<br \/>\n        <\/strong><br \/>\n        7.10. 09:15\n    <\/p>\n<p>Sonja Aiellolta suorat sanat Erikoisjoukot-kouluttajista\n    <\/p>\n<p itemprop=\"description\" class=\"subtitle \">\n    Erikoisjoukot-sarjan nelj\u00e4s tuotantokausi py\u00f6rii t\u00e4ll\u00e4 hetkell\u00e4 tv:ss\u00e4. Sonja Aiellon mukaan leiri oli rankempi kuin h\u00e4n saattoi kuvitella.\n<\/p>\n<p>        <\/a><\/p>\n<p>                <img decoding=\"async\" src=\"https:\/\/www.europesays.com\/fi\/wp-content\/uploads\/2025\/10\/1955027.webp\" width=\"576\" height=\"274\" title=\"Paniikki paistaa Iidan kasvoilta.\" alt=\"Erikoisjoukot: Iida Ketola\" loading=\"lazy\" \/>            <\/p>\n<p>\n            Paniikki paistaa Iidan kasvoilta.<br \/>\n            Jere Hietala \/ Sanoma\n        <\/p>\n<p class=\"article-content article-content-width !bg-background\">Iida yritt\u00e4\u00e4, mutta ei k\u00e4y pohjassa.<\/p>\n<p class=\"article-content article-content-width !bg-background\">\u2013 Ei mennyt pohjaan! \u00c4l\u00e4 tule siihen rappusille. Jos kosket rappusiin, l\u00e4hdet himaan, kouluttaja  huutaa, kun Iida pyrkii pois altaasta.<\/p>\n<p class=\"article-content article-content-width !bg-background\">Iida k\u00e4\u00e4ntyy k\u00e4rvistellen. Jan neuvoo, ett\u00e4 kahdella vedolla Iida on k\u00e4ynyt pohjassa. Iida yritt\u00e4\u00e4, mutta ei p\u00e4\u00e4se pohjaan saakka. H\u00e4n nousee pintaan haukkoen happea ja \u00e4\u00e4nnellen h\u00e4diss\u00e4\u00e4n.<\/p>\n<p class=\"article-content article-content-width !bg-background\">\u2013 Rauhoitu! Et koske portaisiin! Jan huutaa Iidalle.<\/p>\n<p class=\"article-content article-content-width !bg-background\">Iida kelluu sel\u00e4ll\u00e4\u00e4n altaassa. Janne m\u00e4\u00e4r\u00e4\u00e4 mukaan simuloidut myrskyaallot. Iida pyyt\u00e4\u00e4 j\u00e4lleen p\u00e4\u00e4st\u00e4 hengitt\u00e4m\u00e4\u00e4n.<\/p>\n<p class=\"article-content article-content-width !bg-background\">\u2013 Et! Tuollainen ulina aiheuttaa paniikkia koko ryhm\u00e4ss\u00e4. Lopeta se, Janne t\u00e4r\u00e4ytt\u00e4\u00e4.<\/p>\n<p class=\"article-content article-content-width !bg-background\">\u2013 M\u00e4 en pysty olemaan t\u00e4\u00e4ll\u00e4, Iida huutaa altaasta, kun aallot kovenevat.<\/p>\n<p class=\"article-content article-content-width !bg-background\">\u2013 S\u00e4h\u00e4n olet siell\u00e4 koko ajan, Janne vastaa.<\/p>\n<p>        <a itemprop=\"url\" href=\"https:\/\/www.seiska.fi\/katso\/erikoisjoukot-kokelas-avautuu-jarkyttavasta-perhetragediastaan-murtuu-kuulustelussa\/1947817\" rel=\"nofollow noopener\" target=\"_blank\"><\/p>\n<p>\nErikoisjoukot-kokelas\n<\/p>\n<p class=\"section-date\">\n        <strong class=\"article-section\" data-section=\"katso\"><br \/>\n            katso<br \/>\n        <\/strong><br \/>\n        2.10. 06:15\n    <\/p>\n<p>Erikoisjoukot-kokelas avautuu j\u00e4rkytt\u00e4v\u00e4st\u00e4 perhetragediastaan \u2013 murtuu kuulustelussa\n    <\/p>\n<p itemprop=\"description\" class=\"subtitle \">\n    Kokelas kokee uudessa jaksossa kovaa simputusta Erikoisjoukot-kouluttajilta.\n<\/p>\n<p>        <\/a><\/p>\n<p>Vastustavat ohjeita<\/p>\n<p class=\"article-content article-content-width !bg-background\">Paniikissa oleva Iida ui vastoin kouluttajien ohjeita kohti altaan portaita kesken koulutuksen.<\/p>\n<p class=\"article-content article-content-width !bg-background\">Robert on my\u00f6s vaikeuksissa. H\u00e4n ei tahdo pysy\u00e4 muodostelmassa. Robertin ilme kielii siit\u00e4, ett\u00e4 paniikki alkaa iske\u00e4 mieheen. Janne m\u00e4\u00e4r\u00e4\u00e4 Robertia sukeltamaan pohjaan, mutta t\u00e4m\u00e4 ei pysty.<\/p>\n<p class=\"article-content article-content-width !bg-background\">My\u00f6s Robert l\u00e4htee uimaan kohti altaan reunaa ja portaita. H\u00e4n haukkoo happeaan paniikinomaisesti.<\/p>\n<p>                <img decoding=\"async\" src=\"https:\/\/www.europesays.com\/fi\/wp-content\/uploads\/2025\/10\/1955029.webp\" width=\"576\" height=\"274\" title=\"Robertin on vaikea kuunnella ohjeita ja pysy\u00e4 rauhallisena.\" alt=\"Erikoisjoukot: Robert Helenius\" loading=\"lazy\" \/>            <\/p>\n<p>\n            Robertin on vaikea kuunnella ohjeita ja pysy\u00e4 rauhallisena.<br \/>\n            Jere Hietala \/ Sanoma\n        <\/p>\n<p class=\"article-content article-content-width !bg-background\">Molemmat m\u00e4\u00e4r\u00e4t\u00e4\u00e4n pois altaasta. Muut kokelaat viimeistelev\u00e4t harjoituksen, jonka j\u00e4lkeen he saavat l\u00e4hte\u00e4. Iida ja Robert joutuvat j\u00e4\u00e4m\u00e4\u00e4n muista j\u00e4lkeen. Kouluttajat antavat heille mahdollisuuden viel\u00e4 n\u00e4ytt\u00e4\u00e4. He joutuvat takaisin altaaaseen.<\/p>\n<p class=\"italic m-italic article-content article-content-width !bg-background\">Erikoisjoukot torstaisin Nelosella ja Ruudussa.<\/p>\n","protected":false},"excerpt":{"rendered":"Erikoisjoukot Jere Hietala \/ Sanoma \u2013 Tuollainen ulina aiheuttaa paniikkia koko ryhm\u00e4ss\u00e4. Lopeta se, Janne Lehtonen t\u00e4r\u00e4ytt\u00e4\u00e4 Iida&hellip;\n","protected":false},"author":2,"featured_media":56180,"comment_status":"","ping_status":"","sticky":false,"template":"","format":"standard","meta":{"footnotes":""},"categories":[133],"tags":[137,2159,33,31,30,3274,2155,1758,13324,5232,2158,32,206,1318,156,109],"class_list":{"0":"post-56179","1":"post","2":"type-post","3":"status-publish","4":"format-standard","5":"has-post-thumbnail","7":"category-televisiot","8":"tag-entertainment","9":"tag-erikoisjoukot","10":"tag-fi","11":"tag-finland","12":"tag-finnish","13":"tag-iida-ketola","14":"tag-janne-lehtonen","15":"tag-nelonen","16":"tag-paniikki","17":"tag-robert-helenius","18":"tag-ruutu","19":"tag-suomi","20":"tag-televisiot","21":"tag-tv-ohjelma","22":"tag-tv","23":"tag-viihde"},"share_on_mastodon":{"url":"","error":""},"_links":{"self":[{"href":"https:\/\/www.europesays.com\/fi\/wp-json\/wp\/v2\/posts\/56179","targetHints":{"allow":["GET"]}}],"collection":[{"href":"https:\/\/www.europesays.com\/fi\/wp-json\/wp\/v2\/posts"}],"about":[{"href":"https:\/\/www.europesays.com\/fi\/wp-json\/wp\/v2\/types\/post"}],"author":[{"embeddable":true,"href":"https:\/\/www.europesays.com\/fi\/wp-json\/wp\/v2\/users\/2"}],"replies":[{"embeddable":true,"href":"https:\/\/www.europesays.com\/fi\/wp-json\/wp\/v2\/comments?post=56179"}],"version-history":[{"count":0,"href":"https:\/\/www.europesays.com\/fi\/wp-json\/wp\/v2\/posts\/56179\/revisions"}],"wp:featuredmedia":[{"embeddable":true,"href":"https:\/\/www.europesays.com\/fi\/wp-json\/wp\/v2\/media\/56180"}],"wp:attachment":[{"href":"https:\/\/www.europesays.com\/fi\/wp-json\/wp\/v2\/media?parent=56179"}],"wp:term":[{"taxonomy":"category","embeddable":true,"href":"https:\/\/www.europesays.com\/fi\/wp-json\/wp\/v2\/categories?post=56179"},{"taxonomy":"post_tag","embeddable":true,"href":"https:\/\/www.europesays.com\/fi\/wp-json\/wp\/v2\/tags?post=56179"}],"curies":[{"name":"wp","href":"https:\/\/api.w.org\/{rel}","templated":true}]}}