{"id":56193,"date":"2025-10-08T13:17:08","date_gmt":"2025-10-08T13:17:08","guid":{"rendered":"https:\/\/www.europesays.com\/fi\/56193\/"},"modified":"2025-10-08T13:17:08","modified_gmt":"2025-10-08T13:17:08","slug":"helsingin-poliisi-tutkii-kymmenen-alaikaista-kavi-yhden-15-vuotiaan-kimppuun-uusimaa","status":"publish","type":"post","link":"https:\/\/www.europesays.com\/fi\/56193\/","title":{"rendered":"Helsingin poliisi tutkii: Kymmenen alaik\u00e4ist\u00e4 k\u00e4vi yhden 15-vuotiaan kimppuun | Uusimaa"},"content":{"rendered":"<p class=\"aw-1gybjub aw-5vja16 cmIuaG zKETg yle__article__paragraph\">Poliisipartio sai viime perjantaina h\u00e4t\u00e4keskukselta teht\u00e4v\u00e4n ep\u00e4illyst\u00e4 ry\u00f6st\u00f6st\u00e4 ennen iltakuutta. Tapahtumat alkoivat Pukinm\u00e4ess\u00e4 ja jatkuivat Malmilla. <\/p>\n<p><img decoding=\"async\" alt=\"Mies, jonka liivin sel\u00e4ss\u00e4 lukee Poliisi.\" src=\"https:\/\/www.europesays.com\/fi\/wp-content\/uploads\/2025\/10\/39-151423468b147bda013a.jpeg\" class=\"aw-1l9m598 hKVVvP\"\/><\/p>\n<p>Avaa kuvien katselu<\/p>\n<p>Alaik\u00e4iset ry\u00f6stiv\u00e4t ja pahoinpiteliv\u00e4t 15-vuotiaan pojan, ep\u00e4ilee poliisi. Kuva: Juha-Petri Koponen \/ Yle<\/p>\n<p class=\"aw-1gybjub aw-1p7kakr cmIuaG fmSRng yle__article__paragraph\">Helsingin poliisi tutkii 15-vuotiaan pojan ep\u00e4ilty\u00e4 ry\u00f6st\u00f6\u00e4. Pojan kimppuun k\u00e4vi kaikkiaan kymmenkunta alaik\u00e4ist\u00e4 Pukinm\u00e4ess\u00e4 ja Malmilla.<\/p>\n<p class=\"aw-1gybjub aw-1p7kakr cmIuaG fmSRng yle__article__paragraph\">Poliisipartio sai viime perjantaina h\u00e4t\u00e4keskukselta teht\u00e4v\u00e4n ep\u00e4illyst\u00e4 ry\u00f6st\u00f6st\u00e4 ennen iltakuutta.<\/p>\n<p class=\"aw-1gybjub aw-1p7kakr cmIuaG fmSRng yle__article__paragraph\">Poliisin ep\u00e4ilyn mukaan tapahtumat alkoivat Pukinm\u00e4en juna-asemalla, jossa uhrilta vietiin rahaa. T\u00e4m\u00e4n j\u00e4lkeen samat henkil\u00f6t tapasivat taas junassa, ja siell\u00e4 15-vuotiaalta ry\u00f6stettiin puhelin. H\u00e4nt\u00e4 my\u00f6s ly\u00f6tiin.<\/p>\n<p class=\"aw-1gybjub aw-1p7kakr cmIuaG fmSRng yle__article__paragraph\">Malmilla kaikki n\u00e4m\u00e4 alaik\u00e4iset j\u00e4iv\u00e4t pois junasta ja siirtyiv\u00e4t parkkihalliin. Siell\u00e4 noin kymmenen alaik\u00e4isen henkil\u00f6n ep\u00e4ill\u00e4\u00e4n pahoinpidelleen 15-vuotiasta poikaa eri tavoin. Yhdell\u00e4 ep\u00e4illyll\u00e4 tekij\u00e4ll\u00e4 oli ter\u00e4ase, jota h\u00e4n k\u00e4ytti.<\/p>\n<p class=\"aw-1gybjub aw-1p7kakr cmIuaG fmSRng yle__article__paragraph\">Poliisi tiedottaa, ett\u00e4 ensimm\u00e4inen ry\u00f6st\u00f6 tapahtui noin kello 16.00 Pukinm\u00e4ess\u00e4 ja viimeinen noin kello 16.30 Malmilla. Uhri p\u00e4\u00e4si itse pois parkkihallista ja hakeutui sairaalaan.<\/p>\n<p class=\"aw-1gybjub aw-1p7kakr cmIuaG fmSRng yle__article__paragraph\">\u2013 Poliisi tutkii tapausta nimikkeill\u00e4 t\u00f6rke\u00e4 ry\u00f6st\u00f6 ja ry\u00f6st\u00f6. Osa ep\u00e4illyist\u00e4 tekij\u00f6ist\u00e4 on poliisin tiedossa, ja heit\u00e4 on kuultu. Ep\u00e4illyt ovat alaik\u00e4isi\u00e4 ja suunnilleen uhrin ik\u00e4isi\u00e4, kertoo tutkinnanjohtajan sijainen, rikoskomisario <strong class=\"aw-ak79eh KyCXm yle__article__strong\">Tapio Hyv\u00f6nen<\/strong>.<\/p>\n<p class=\"aw-1gybjub aw-1p7kakr cmIuaG fmSRng yle__article__paragraph\">H\u00e4nen mukaansa motiivina on anastus, muusta ei ole tietoa.<\/p>\n<p class=\"aw-1gybjub aw-1p7kakr cmIuaG fmSRng yle__article__paragraph\">\u2013 Kyseess\u00e4 ei ole lastensuojeluasia vaan poliisiasia, sanoo rikoskomisario.<\/p>\n<p class=\"aw-1gybjub aw-1p7kakr cmIuaG fmSRng yle__article__paragraph\">Hyv\u00f6sen mukaan vastaavia rikoksia on sattunut ennenkin. H\u00e4nen arvionsa mukaan Pukinm\u00e4ki tai Malmi eiv\u00e4t nykyisin ole sen levottomampia kuin aiemminkaan.<\/p>\n","protected":false},"excerpt":{"rendered":"Poliisipartio sai viime perjantaina h\u00e4t\u00e4keskukselta teht\u00e4v\u00e4n ep\u00e4illyst\u00e4 ry\u00f6st\u00f6st\u00e4 ennen iltakuutta. Tapahtumat alkoivat Pukinm\u00e4ess\u00e4 ja jatkuivat Malmilla. Avaa kuvien&hellip;\n","protected":false},"author":2,"featured_media":56194,"comment_status":"","ping_status":"","sticky":false,"template":"","format":"standard","meta":{"footnotes":""},"categories":[5],"tags":[22,23,26,27,33,31,30,17,104,71,100,24,25,28,29,15,18,21,52,1263,4678,32,19,20,1168,16],"class_list":{"0":"post-56193","1":"post","2":"type-post","3":"status-publish","4":"format-standard","5":"has-post-thumbnail","7":"category-otsikot","8":"tag-breaking-news","9":"tag-breakingnews","10":"tag-featured-news","11":"tag-featurednews","12":"tag-fi","13":"tag-finland","14":"tag-finnish","15":"tag-headlines","16":"tag-helsinki","17":"tag-kotimaa","18":"tag-lapset-ja-nuoret","19":"tag-latest-news","20":"tag-latestnews","21":"tag-main-news","22":"tag-mainnews","23":"tag-news","24":"tag-otsikot","25":"tag-paauutiset","26":"tag-poliisi","27":"tag-rikosepailyt","28":"tag-ryosto","29":"tag-suomi","30":"tag-top-stories","31":"tag-topstories","32":"tag-uusimaa","33":"tag-uutiset"},"share_on_mastodon":{"url":"","error":""},"_links":{"self":[{"href":"https:\/\/www.europesays.com\/fi\/wp-json\/wp\/v2\/posts\/56193","targetHints":{"allow":["GET"]}}],"collection":[{"href":"https:\/\/www.europesays.com\/fi\/wp-json\/wp\/v2\/posts"}],"about":[{"href":"https:\/\/www.europesays.com\/fi\/wp-json\/wp\/v2\/types\/post"}],"author":[{"embeddable":true,"href":"https:\/\/www.europesays.com\/fi\/wp-json\/wp\/v2\/users\/2"}],"replies":[{"embeddable":true,"href":"https:\/\/www.europesays.com\/fi\/wp-json\/wp\/v2\/comments?post=56193"}],"version-history":[{"count":0,"href":"https:\/\/www.europesays.com\/fi\/wp-json\/wp\/v2\/posts\/56193\/revisions"}],"wp:featuredmedia":[{"embeddable":true,"href":"https:\/\/www.europesays.com\/fi\/wp-json\/wp\/v2\/media\/56194"}],"wp:attachment":[{"href":"https:\/\/www.europesays.com\/fi\/wp-json\/wp\/v2\/media?parent=56193"}],"wp:term":[{"taxonomy":"category","embeddable":true,"href":"https:\/\/www.europesays.com\/fi\/wp-json\/wp\/v2\/categories?post=56193"},{"taxonomy":"post_tag","embeddable":true,"href":"https:\/\/www.europesays.com\/fi\/wp-json\/wp\/v2\/tags?post=56193"}],"curies":[{"name":"wp","href":"https:\/\/api.w.org\/{rel}","templated":true}]}}