{"id":56269,"date":"2025-10-08T14:59:08","date_gmt":"2025-10-08T14:59:08","guid":{"rendered":"https:\/\/www.europesays.com\/fi\/56269\/"},"modified":"2025-10-08T14:59:08","modified_gmt":"2025-10-08T14:59:08","slug":"eurooppa-ei-pystyisi-pysayttamaan-venajaa-rajoilleen-sanoo-arvostettu-tanskalaisprofessori-politiikka","status":"publish","type":"post","link":"https:\/\/www.europesays.com\/fi\/56269\/","title":{"rendered":"Eurooppa ei pystyisi pys\u00e4ytt\u00e4m\u00e4\u00e4n Ven\u00e4j\u00e4\u00e4 rajoilleen, sanoo arvostettu tanskalaisprofessori | Politiikka"},"content":{"rendered":"<p class=\"aw-1gybjub aw-1p7kakr cmIuaG fmSRng yle__article__paragraph\"><strong class=\"aw-ak79eh KyCXm yle__article__strong\">Donald Trump<\/strong> pit\u00e4\u00e4 Eurooppaa otteessaan. H\u00e4n voi tehd\u00e4 niin, koska Yhdysvalloilla on jotain, mit\u00e4 Euroopalla ei ole: kyky iske\u00e4 syv\u00e4lle Ven\u00e4j\u00e4lle. N\u00e4in sanoo arvostettu tanskalainen professori <strong class=\"aw-ak79eh KyCXm yle__article__strong\">Sten Rynning<\/strong>.<\/p>\n<p class=\"aw-1gybjub aw-1p7kakr cmIuaG fmSRng yle__article__paragraph\">Rynning on sotatieteen professori, ja h\u00e4n on yksi parhaiten Natoa tuntevista tutkijoista. H\u00e4n vieraili Suomessa Atlantti-seuran kutsumana.<\/p>\n<p class=\"aw-1gybjub aw-1p7kakr cmIuaG fmSRng yle__article__paragraph\">Trumpin valinta toistamiseen Yhdysvaltain presidentiksi tuntuu sekoittaneen Naton ja Euroopan kuviot. T\u00e4st\u00e4 esimerkkin\u00e4 oli Haagin huippukokous, jossa Nato-johtajat keskittyiv\u00e4t tekem\u00e4\u00e4n Trumpia miellytt\u00e4vi\u00e4 ratkaisuja.<\/p>\n<p class=\"aw-1gybjub aw-1p7kakr cmIuaG fmSRng yle__article__paragraph\">\u2013 Se oli transatlanttisen suhteen paikkaamista. Sen varmistamista, ettei Trump riko mit\u00e4\u00e4n.<\/p>\n<p class=\"aw-1gybjub aw-1p7kakr cmIuaG fmSRng yle__article__paragraph\">Pahimmillaan Trumpin pel\u00e4ttiin kyseenalaistavan Naton yhteisen puolustuksen artiklan eli vitosartiklan, mutta niin ei k\u00e4ynyt. Mutta liittolaiset lupautuivat vahvistamaan puolustustaan kasvattamalla puolustusbudjettejaan Trumpin vaatimaan viiteen prosenttiin bruttokansantuotteesta.<\/p>\n<p class=\"aw-1gybjub aw-1p7kakr cmIuaG fmSRng yle__article__paragraph\">Todellisia puolustusmenoja t\u00e4st\u00e4 olisi 3,5 prosenttia bruttokansantuotteesta, mik\u00e4 oli Naton oma arvio rahantarpeesta jo ennen Trumpia.<\/p>\n<p class=\"aw-1gybjub aw-1p7kakr cmIuaG fmSRng yle__article__paragraph\">Turvallisuustilannetta ovat heikent\u00e4neet Ven\u00e4j\u00e4n aggressiivinen k\u00e4yt\u00f6s ja hy\u00f6kk\u00e4yssota Ukrainaan. Yhdysvalloilla on Natossa paljon valtaa, mutta Trump ei ole k\u00e4ytt\u00e4nyt sit\u00e4 liittolaisten rauhoittelemiseen uhkaavassa tilanteessa.<\/p>\n<p class=\"aw-1gybjub aw-1p7kakr cmIuaG fmSRng yle__article__paragraph\">Trump ei ole rakentanut yhteist\u00e4 n\u00e4kemyst\u00e4 Naton sis\u00e4ll\u00e4 tai koordinoinut, Rynning sanoo. Sen sijaan h\u00e4n tapasi Alaskassa Ven\u00e4j\u00e4n presidentin <strong class=\"aw-ak79eh KyCXm yle__article__strong\">Vladimir Putinin<\/strong> \u2013 mink\u00e4 j\u00e4lkeen Euroopan isot maat tapasivat Trumpin Valkoisessa talossa, kriisitunnelmissa.<\/p>\n<p>Vain Yhdysvallat pystyisi uhkaamaan Ven\u00e4j\u00e4\u00e4 vastaiskuilla<\/p>\n<p class=\"aw-1gybjub aw-1p7kakr cmIuaG fmSRng yle__article__paragraph\">Eurooppa on vakavasti riippuvainen Yhdysvaltojen puolustusavusta ja Yhdysvaltojen aseiden varaan rakentuvasta pelotteesta.<\/p>\n<p class=\"aw-1gybjub aw-1p7kakr cmIuaG fmSRng yle__article__paragraph\">Samaan aikaan Trump antaa ymm\u00e4rt\u00e4\u00e4 Euroopan olevan enemm\u00e4n tai v\u00e4hemm\u00e4n omillaan ja Ukrainan olevan Euroopan huoli. Yhdysvaltain puolustusministeri <strong class=\"aw-ak79eh KyCXm yle__article__strong\">Pete Hegseth<\/strong> ilmoitti helmikuussa, ett\u00e4 Euroopan pit\u00e4\u00e4 pysty\u00e4 vastaamaan itse tavanomaisin asein tapahtuvasta puolustuksestaan.<\/p>\n<p class=\"aw-1gybjub aw-1p7kakr cmIuaG fmSRng yle__article__paragraph\">Moni Euroopan valtio kokee olevansa uhan alla tai haavoittuvassa asemassa.<\/p>\n<p class=\"aw-1gybjub aw-1p7kakr cmIuaG fmSRng yle__article__paragraph\">\u2013 Eurooppa ei ole valmis pysty\u00e4kseen pit\u00e4m\u00e4\u00e4n Ven\u00e4j\u00e4\u00e4 rajojensa ulkopuolella, tapahtui se sitten Baltiassa, Suomessa tai Romaniassa, Rynning sanoo.<\/p>\n<p class=\"aw-1gybjub aw-1p7kakr cmIuaG fmSRng yle__article__paragraph\">Euroopalta puuttuu monenlaisia sotilaallisia kykyj\u00e4, eiv\u00e4tk\u00e4 kaikki palat sovi yhteen.<\/p>\n<p class=\"aw-1gybjub aw-1p7kakr cmIuaG fmSRng yle__article__paragraph\">\u2013 Me vain emme emme pystyisi pelottamaan Ven\u00e4j\u00e4\u00e4 ja vakuuttamaan, ett\u00e4 hoidamme t\u00e4m\u00e4n.<\/p>\n<p class=\"aw-1gybjub aw-1p7kakr cmIuaG fmSRng yle__article__paragraph\">Jos Eurooppa ei pysty pit\u00e4m\u00e4\u00e4n Ven\u00e4j\u00e4\u00e4 rajojensa ulkopuolella uskottavalla pelotteella ja puolustuksella, sen pit\u00e4isi pysty\u00e4 uhkaamaan rangaistuksella, joka seuraa rajojen rikkomisesta.<\/p>\n<p class=\"aw-1gybjub aw-1p7kakr cmIuaG fmSRng yle__article__paragraph\">Tehokas rangaistusuhka olisi isku syv\u00e4lle Ven\u00e4j\u00e4lle, Ven\u00e4j\u00e4n sotilaskohteisiin, p\u00e4\u00e4kaupunkiin tai komentokeskuksiin, Rynning sanoo. Mutta Euroopalla ei ole tarvittavia kykyj\u00e4.<\/p>\n<p class=\"aw-1gybjub aw-1p7kakr cmIuaG fmSRng yle__article__paragraph\">\u2013 Syv\u00e4lle Ven\u00e4j\u00e4lle iskemiseen tarvittaisiin muskeleita, joita t\u00e4ll\u00e4 hetkell\u00e4 on vain Yhdysvalloilla. Ja t\u00e4m\u00e4 antaa Yhdysvalloilla paljon valtaa Euroopan poliittisiin ratkaisuihin.<\/p>\n<p><img decoding=\"async\" alt=\" Sten Rynning k\u00e4velee ulkoministeri\u00f6n pihalla.\" src=\"https:\/\/www.europesays.com\/fi\/wp-content\/uploads\/2025\/10\/39-153413868e3c5ec8f65f.jpeg\" loading=\"lazy\" class=\"aw-1l9m598 hKVVvP\"\/><\/p>\n<p>Avaa kuvien katselu<\/p>\n<p>Euroopalta puuttuu muskeleita. Siksi se joutuu turvautumaan Yhdysvaltain lihaksiin &#8211; eli tehokkaiden aseiden muodostamaan pelotteeseen, sanoo Sten Rynning, tanskalainen sotatieteen professori.  Kuva: M\u00e5rten Lamp\u00e9n \/ YleGr\u00f6nlanti: Tanskan j\u00e4ttim\u00e4inen turvallisuushuoli<\/p>\n<p class=\"aw-1gybjub aw-1p7kakr cmIuaG fmSRng yle__article__paragraph\">Yksi asia Naton ja Yhdysvaltain keskusteluista loistaa poissaoloillaan. Se on kysymys, joka on tanskalaistutkijaa l\u00e4hell\u00e4: Gr\u00f6nlanti.<\/p>\n<p class=\"aw-1gybjub aw-1p7kakr cmIuaG fmSRng yle__article__paragraph\">Gr\u00f6nlanti ei ole Nato-asia vaan kansallista politiikkaa, Rynning sanoo.<\/p>\n<p class=\"aw-1gybjub aw-1p7kakr cmIuaG fmSRng yle__article__paragraph\">Mutta Tanskassa se on j\u00e4ttim\u00e4inen turvallisuuspoliittinen huoli. Yhdysvallat vaatii Gr\u00f6nlantia edelleen ja kampanjoi Gr\u00f6nlannissa k\u00e4\u00e4nnytt\u00e4\u00e4kseen mielipiteet Tanskaa vastaan. Tanska yritt\u00e4\u00e4 pit\u00e4\u00e4 matalaa profiilia, ettei se joutuisi Trumpin kanssa \u201dkatutappeluun\u201d, Rynning sanoo. Sill\u00e4 sen taistelun Tanska h\u00e4vi\u00e4isi.<\/p>\n<p class=\"aw-1gybjub aw-1p7kakr cmIuaG fmSRng yle__article__paragraph\">Euroopan pit\u00e4isi pysty\u00e4 l\u00f6yt\u00e4m\u00e4\u00e4n tapa pit\u00e4\u00e4 yht\u00e4 Yhdysvaltojen kanssa. Miten se voisi onnistua?<\/p>\n<p class=\"aw-1gybjub aw-1p7kakr cmIuaG fmSRng yle__article__paragraph\">Rynning arvelee, ett\u00e4 Yhdysvallat hakee \u201duutta transatlanttista diili\u00e4\u201d. Se voisi koostua investoinneista, kaupasta ja sotilaallisesta taakanjaosta. Aloitteen pit\u00e4isi tulla Euroopasta, mutta sit\u00e4 tuskin keksit\u00e4\u00e4n Natossa tai Euroopan unionissa.<\/p>\n<p class=\"aw-1gybjub aw-1p7kakr cmIuaG fmSRng yle__article__paragraph\">Ehk\u00e4 Suomen presidentti <strong class=\"aw-ak79eh KyCXm yle__article__strong\">Alexander Stubb<\/strong>, Rynning ehdottaa. Tai joku muu eurooppalainen. Ranskan presidentti <strong class=\"aw-ak79eh KyCXm yle__article__strong\">Emmanuel Macron<\/strong> se tuskin on, sill\u00e4 h\u00e4nen on nyt sammutettava tulipaloja kotimaassaank, kuten monen muunkin eurooppalaisen johtajan.<\/p>\n<p class=\"aw-1gybjub aw-1p7kakr cmIuaG fmSRng yle__article__paragraph\">Presidentti Alexander Stubb ja p\u00e4\u00e4ministeri <strong class=\"aw-ak79eh KyCXm yle__article__strong\">Petteri Orpo<\/strong> (kok.) tapaavat Trumpin Valkoisessa talossa torstaina.<\/p>\n","protected":false},"excerpt":{"rendered":"Donald Trump pit\u00e4\u00e4 Eurooppaa otteessaan. H\u00e4n voi tehd\u00e4 niin, koska Yhdysvalloilla on jotain, mit\u00e4 Euroopalla ei ole: kyky&hellip;\n","protected":false},"author":2,"featured_media":56270,"comment_status":"","ping_status":"","sticky":false,"template":"","format":"standard","meta":{"footnotes":""},"categories":[14],"tags":[22,23,585,26,27,33,31,30,17,70,24,25,28,29,2579,15,18,21,637,32,19,20,546,56,16,987,59,60,61],"class_list":{"0":"post-56269","1":"post","2":"type-post","3":"status-publish","4":"format-standard","5":"has-post-thumbnail","7":"category-ulkomaat","8":"tag-breaking-news","9":"tag-breakingnews","10":"tag-donald-trump","11":"tag-featured-news","12":"tag-featurednews","13":"tag-fi","14":"tag-finland","15":"tag-finnish","16":"tag-headlines","17":"tag-kansainvalinen-politiikka","18":"tag-latest-news","19":"tag-latestnews","20":"tag-main-news","21":"tag-mainnews","22":"tag-nato","23":"tag-news","24":"tag-otsikot","25":"tag-paauutiset","26":"tag-politiikka","27":"tag-suomi","28":"tag-top-stories","29":"tag-topstories","30":"tag-turvallisuus","31":"tag-ulkomaat","32":"tag-uutiset","33":"tag-venajan-hyokkays","34":"tag-world","35":"tag-world-news","36":"tag-worldnews"},"share_on_mastodon":{"url":"","error":""},"_links":{"self":[{"href":"https:\/\/www.europesays.com\/fi\/wp-json\/wp\/v2\/posts\/56269","targetHints":{"allow":["GET"]}}],"collection":[{"href":"https:\/\/www.europesays.com\/fi\/wp-json\/wp\/v2\/posts"}],"about":[{"href":"https:\/\/www.europesays.com\/fi\/wp-json\/wp\/v2\/types\/post"}],"author":[{"embeddable":true,"href":"https:\/\/www.europesays.com\/fi\/wp-json\/wp\/v2\/users\/2"}],"replies":[{"embeddable":true,"href":"https:\/\/www.europesays.com\/fi\/wp-json\/wp\/v2\/comments?post=56269"}],"version-history":[{"count":0,"href":"https:\/\/www.europesays.com\/fi\/wp-json\/wp\/v2\/posts\/56269\/revisions"}],"wp:featuredmedia":[{"embeddable":true,"href":"https:\/\/www.europesays.com\/fi\/wp-json\/wp\/v2\/media\/56270"}],"wp:attachment":[{"href":"https:\/\/www.europesays.com\/fi\/wp-json\/wp\/v2\/media?parent=56269"}],"wp:term":[{"taxonomy":"category","embeddable":true,"href":"https:\/\/www.europesays.com\/fi\/wp-json\/wp\/v2\/categories?post=56269"},{"taxonomy":"post_tag","embeddable":true,"href":"https:\/\/www.europesays.com\/fi\/wp-json\/wp\/v2\/tags?post=56269"}],"curies":[{"name":"wp","href":"https:\/\/api.w.org\/{rel}","templated":true}]}}