{"id":56275,"date":"2025-10-08T15:13:07","date_gmt":"2025-10-08T15:13:07","guid":{"rendered":"https:\/\/www.europesays.com\/fi\/56275\/"},"modified":"2025-10-08T15:13:07","modified_gmt":"2025-10-08T15:13:07","slug":"heidi-foxell-pyytaa-anteeksi-en-oo-ikina-mokannut-nain-pahasti","status":"publish","type":"post","link":"https:\/\/www.europesays.com\/fi\/56275\/","title":{"rendered":"Heidi Foxell pyyt\u00e4\u00e4 anteeksi: \u201dEn oo ikin\u00e4 mokannut n\u00e4in pahasti\u201d"},"content":{"rendered":"<p>Ampumav\u00e4likohtauksessa vuonna 2011 loukkaantunut <strong>Heidi Foxell <\/strong>on matkustanut Poriin. H\u00e4n on tehnyt sielt\u00e4 k\u00e4sin majoitukseen ja kahvilaan liittyvi\u00e4 julkaisuja. Nyt h\u00e4n on julkaissut anteeksipyynn\u00f6n, koska h\u00e4nell\u00e4 ovat menneet aikataulut sekaisin.<\/p>\n<p>\u2013 En oo ikin\u00e4 mokannut n\u00e4in pahasti. Anteeks kaikki nuorisoty\u00f6ntekij\u00e4t ketk\u00e4 odottivat mun luentoa. M\u00e4 oon niin pahoillani, kirjoittaa Heidi.<\/p>\n<p>Lue my\u00f6s: <a href=\"https:\/\/www.como.fi\/uutiset\/heidi-foxellilta-onnea-pursuava-paivitys\/\" title=\"Heidi Foxellilta onnea pursuava p\u00e4ivitys\" class=\"underline-custom !font-montserrat !font-bold !underline-offset-4 !decoration-4 !decoration-red-600 !text-md\" rel=\"nofollow noopener\" target=\"_blank\">Heidi Foxellilta onnea pursuava p\u00e4ivitys<\/a><\/p>\n<p>Heidi kertoo videossaan luennon olleen tuntia aiemmin, mit\u00e4 h\u00e4n luuli. Heidi p\u00e4\u00e4si vasta sairaalasta kotiin, joten ajatukset ovat voineet olla muualla kuin aikatauluissa.<\/p>\n<p>\u2013 Se on j\u00e4nn\u00e4 miten kaikki paha ja muistot pyyhkiytyy heti pois, kun p\u00e4\u00e4sen Nooran luo kotiin, kirjoitti Heidin sairaalareissun j\u00e4lkeen.<\/p>\n<p>Jos upotus ei n\u00e4y, avaa se auki <a href=\"https:\/\/www.instagram.com\/p\/DPVfn65jRCB\/?utm_source=ig_web_copy_link&amp;igsh=MzRlODBiNWFlZA==\" target=\"_blank\" rel=\"noreferrer noopener nofollow\">t\u00e4st\u00e4<\/a>.<\/p>\n<p>Lue my\u00f6s: <a href=\"https:\/\/www.como.fi\/tilaa-comon-uutiskirje\/\" title=\"Tilaa Comon uutiskirje ja tied\u00e4t mist\u00e4 kahvitauolla puhutaan! Nappaa kotimaan tv-vinkit ja puheenaiheet suoraan s\u00e4hk\u00f6postiin t\u00e4st\u00e4.\" class=\"underline-custom !font-montserrat !font-bold !underline-offset-4 !decoration-4 !decoration-red-600 !text-md\" rel=\"nofollow noopener\" target=\"_blank\">Tilaa Comon uutiskirje ja tied\u00e4t mist\u00e4 kahvitauolla puhutaan! Nappaa kotimaan tv-vinkit ja puheenaiheet suoraan s\u00e4hk\u00f6postiin t\u00e4st\u00e4.<\/a><\/p>\n<p>\t\t\t<script async src=\"\/\/www.instagram.com\/embed.js\"><\/script><\/p>\n","protected":false},"excerpt":{"rendered":"Ampumav\u00e4likohtauksessa vuonna 2011 loukkaantunut Heidi Foxell on matkustanut Poriin. H\u00e4n on tehnyt sielt\u00e4 k\u00e4sin majoitukseen ja kahvilaan liittyvi\u00e4&hellip;\n","protected":false},"author":2,"featured_media":56276,"comment_status":"","ping_status":"","sticky":false,"template":"","format":"standard","meta":{"footnotes":""},"categories":[136],"tags":[407,137,33,31,30,2894,408,32,109],"class_list":{"0":"post-56275","1":"post","2":"type-post","3":"status-publish","4":"format-standard","5":"has-post-thumbnail","7":"category-julkkikset","8":"tag-celebrities","9":"tag-entertainment","10":"tag-fi","11":"tag-finland","12":"tag-finnish","13":"tag-heidi-foxell","14":"tag-julkkikset","15":"tag-suomi","16":"tag-viihde"},"share_on_mastodon":{"url":"","error":""},"_links":{"self":[{"href":"https:\/\/www.europesays.com\/fi\/wp-json\/wp\/v2\/posts\/56275","targetHints":{"allow":["GET"]}}],"collection":[{"href":"https:\/\/www.europesays.com\/fi\/wp-json\/wp\/v2\/posts"}],"about":[{"href":"https:\/\/www.europesays.com\/fi\/wp-json\/wp\/v2\/types\/post"}],"author":[{"embeddable":true,"href":"https:\/\/www.europesays.com\/fi\/wp-json\/wp\/v2\/users\/2"}],"replies":[{"embeddable":true,"href":"https:\/\/www.europesays.com\/fi\/wp-json\/wp\/v2\/comments?post=56275"}],"version-history":[{"count":0,"href":"https:\/\/www.europesays.com\/fi\/wp-json\/wp\/v2\/posts\/56275\/revisions"}],"wp:featuredmedia":[{"embeddable":true,"href":"https:\/\/www.europesays.com\/fi\/wp-json\/wp\/v2\/media\/56276"}],"wp:attachment":[{"href":"https:\/\/www.europesays.com\/fi\/wp-json\/wp\/v2\/media?parent=56275"}],"wp:term":[{"taxonomy":"category","embeddable":true,"href":"https:\/\/www.europesays.com\/fi\/wp-json\/wp\/v2\/categories?post=56275"},{"taxonomy":"post_tag","embeddable":true,"href":"https:\/\/www.europesays.com\/fi\/wp-json\/wp\/v2\/tags?post=56275"}],"curies":[{"name":"wp","href":"https:\/\/api.w.org\/{rel}","templated":true}]}}