{"id":56292,"date":"2025-10-08T15:26:09","date_gmt":"2025-10-08T15:26:09","guid":{"rendered":"https:\/\/www.europesays.com\/fi\/56292\/"},"modified":"2025-10-08T15:26:09","modified_gmt":"2025-10-08T15:26:09","slug":"pornovideoita-tehneen-opettajan-olisi-kuulunut-ilmoittaa-sivubisneksistaan-tyonantajalle-varsinais-suomi","status":"publish","type":"post","link":"https:\/\/www.europesays.com\/fi\/56292\/","title":{"rendered":"Pornovideoita tehneen opettajan olisi kuulunut ilmoittaa sivu\u00adbisnek\u00adsist\u00e4\u00e4n ty\u00f6nantajalle | Varsinais-Suomi"},"content":{"rendered":"<p class=\"aw-1gybjub aw-5vja16 cmIuaG zKETg yle__article__paragraph\">Viranhaltijoita koskevia velvotteita vapaa-ajan k\u00e4yt\u00adt\u00e4y\u00adty\u00admi\u00adsest\u00e4 ei ole tarkasti m\u00e4\u00e4ritelty. Ty\u00f6ajan ulkopuolella teht\u00e4v\u00e4st\u00e4 ansioty\u00f6st\u00e4 on kuitenkin ilmoitettava.<\/p>\n<p><img decoding=\"async\" alt=\"Kolmiosainen kollaasikuva, jossa liitutaululle kirjoittavan opettajan k\u00e4si, poliisin huomioliivin selk\u00e4mys sek\u00e4 stetoskooppi l\u00e4\u00e4k\u00e4rin kaulalla.\" src=\"https:\/\/www.europesays.com\/fi\/wp-content\/uploads\/2025\/10\/39-153519868e64d572c0b4.jpeg\" class=\"aw-1l9m598 hKVVvP\"\/><\/p>\n<p>Avaa kuvien katselu<\/p>\n<p>Teht\u00e4v\u00e4t, joissa k\u00e4ytet\u00e4\u00e4n osaksikin julkista valtaa, hoidetaan virkasuhteessa. Kuvituskuva. Kuva: Kati Rantala \/Yle, Paula Collin \/ Yle ja Esa Huuhko \/ Yle, kuvan koosto: Jouni Koutonen \/ Yle<\/p>\n<p class=\"aw-1gybjub aw-1p7kakr cmIuaG fmSRng yle__article__paragraph\">Varsinaissuomalaisessa yl\u00e4koulussa paljastunut luokanopettajan pornoura her\u00e4tt\u00e4\u00e4 monenlaisia kysymyksi\u00e4.<\/p>\n<p class=\"aw-1gybjub aw-1p7kakr cmIuaG fmSRng yle__article__paragraph\">Tiistaina julkisuuteen tulleiden tietojen mukaan <a class=\"aw-iao6s4 iHOxEa yle__article__link\" href=\"https:\/\/yle.fi\/a\/74-20187123\" role=\"link\" rel=\"nofollow noopener\" target=\"_blank\">opettaja on vapaa-ajallaan tehnyt rajuja aikuisviihdesis\u00e4lt\u00f6j\u00e4<\/a> muun muassa Onlyfansiin ja Pornhubiin.<\/p>\n<p class=\"aw-1gybjub aw-1p7kakr cmIuaG fmSRng yle__article__paragraph\">Opettaja on julkisuuden my\u00f6t\u00e4 irtisanoutunut teht\u00e4v\u00e4st\u00e4\u00e4n, vaikka katsoi Ylen haastattelussa, <a class=\"aw-iao6s4 iHOxEa yle__article__link\" href=\"https:\/\/yle.fi\/a\/74-20187297\" role=\"link\" rel=\"nofollow noopener\" target=\"_blank\">ettei ole tehnyt mit\u00e4\u00e4n v\u00e4\u00e4r\u00e4\u00e4<\/a>. Pornografisen sis\u00e4ll\u00f6n tuottaminen t\u00e4ysi-ik\u00e4isten kesken yhteisell\u00e4 suostumuksella ei sin\u00e4ns\u00e4 ole laitonta.<\/p>\n<p class=\"aw-1gybjub aw-1p7kakr cmIuaG fmSRng yle__article__paragraph\">\u2013 Aikuinen ihminen saa tehd\u00e4 mit\u00e4 haluaa yksityisel\u00e4m\u00e4ss\u00e4\u00e4n, opettaja sanoi.<\/p>\n<p class=\"aw-1gybjub aw-1p7kakr cmIuaG fmSRng yle__article__paragraph\">Kunta- ja hyvinvointialuety\u00f6nantajat KT:n johtava ty\u00f6markkinajuristi <strong class=\"aw-ak79eh KyCXm yle__article__strong\">Teija Mets\u00e4ranta<\/strong> totesi tiistaina Ylelle, ett\u00e4 opettajat ovat virkasuhteessa, ja heill\u00e4 on laajempi k\u00e4ytt\u00e4ytymisvelvoite vapaa-aikaan liittyen.<\/p>\n<p class=\"aw-1gybjub aw-1p7kakr cmIuaG fmSRng yle__article__paragraph\">T\u00e4ss\u00e4 artikkelissa Mets\u00e4ranta avaa tarkemmin, mit\u00e4 tuo vapaa-ajan k\u00e4ytt\u00e4ytymisvelvoite k\u00e4yt\u00e4nn\u00f6ss\u00e4 tarkoittaa.<\/p>\n<p>Kielletyist\u00e4 ja sallituista asioista ei ole listoja<\/p>\n<p class=\"aw-1gybjub aw-1p7kakr cmIuaG fmSRng yle__article__paragraph\">Viranhaltijan yleisist\u00e4 velvollisuuksista s\u00e4\u00e4det\u00e4\u00e4n viranhaltijalaissa, jonka mukaan h\u00e4nen on toimittava teht\u00e4v\u00e4ss\u00e4\u00e4n tasapuolisesti ja k\u00e4ytt\u00e4ydytt\u00e4v\u00e4 asemansa ja teht\u00e4v\u00e4ns\u00e4 edellytt\u00e4m\u00e4ll\u00e4 tavalla.<\/p>\n<p class=\"aw-1gybjub aw-1p7kakr cmIuaG fmSRng yle__article__paragraph\">Mets\u00e4ranta painottaa lainkirjauksen loppuosaa virkasuhteen asianmukaisesta hoidosta.<\/p>\n<p class=\"aw-1gybjub aw-1p7kakr cmIuaG fmSRng yle__article__paragraph\">\u2013 Se on ik\u00e4\u00e4n kuin k\u00e4ytt\u00e4ytymisvelvoitetta my\u00f6s vapaa-ajan puolelle, vaikka toki ty\u00f6nantaja ei anna mit\u00e4\u00e4n m\u00e4\u00e4r\u00e4yksi\u00e4 tai virkak\u00e4skyj\u00e4 vapaa-ajalle. Se voi kuitenkin tulla arvioitavaksi sit\u00e4 kautta, ett\u00e4 k\u00e4ytt\u00e4ytyminen ei ole asianmukaista hoidettavaan virkasuhteeseen liittyen.<\/p>\n<p class=\"aw-1gybjub aw-1p7kakr cmIuaG fmSRng yle__article__paragraph\">Konkreettisia esimerkkej\u00e4 on vaikea mainita, sill\u00e4 viranhoitom\u00e4\u00e4r\u00e4yksiin sellaisia ei ole luetteloitu, ja asia riippuu virkasuhteen laadusta.<\/p>\n<p class=\"aw-1gybjub aw-1p7kakr cmIuaG fmSRng yle__article__paragraph\">Yleens\u00e4 Mets\u00e4rannan mukaan kyse on jostain yleisen k\u00e4sityksen mukaan vahvasti moitittavasta toiminnasta.<\/p>\n<p class=\"aw-1gybjub aw-1p7kakr cmIuaG fmSRng yle__article__paragraph\">\u2013 Tietysti rikoksiin syyllistyminen on ihan oma oma asiansa. Jos lasten kanssa ty\u00f6skentelev\u00e4\u00e4 opettajaa ep\u00e4ill\u00e4\u00e4n selke\u00e4sti lainvastaisesta toiminnasta, ty\u00f6nantajan reagointikynnys on hyvin matala.<\/p>\n<p class=\"aw-1gybjub aw-1p7kakr cmIuaG fmSRng yle__article__paragraph\">Virkasuhteen solmimisen yhteydess\u00e4 annettaviin viranhoitom\u00e4\u00e4r\u00e4yksiin ei yleens\u00e4 listata sen tarkemmin, mik\u00e4 on sopimatonta, vaan k\u00e4ytt\u00e4ytymisvelvoite on tavallaan sis\u00e4\u00e4nkirjoitettu.<\/p>\n<p class=\"aw-1gybjub aw-1p7kakr cmIuaG fmSRng yle__article__paragraph\">\u2013 Luulen, ett\u00e4 tyhjent\u00e4viin luetteloihin pyrkiminen on kuolleena syntynyt ajatus. Mutta varmaankin yhteiskunnalliset normit hyv\u00e4ksytt\u00e4v\u00e4st\u00e4 tai viranhoitoon vaikuttavista esteist\u00e4 el\u00e4\u00e4 ajassa.<\/p>\n<p>Sivutoimista tulee ilmoittaa<\/p>\n<p class=\"aw-1gybjub aw-1p7kakr cmIuaG fmSRng yle__article__paragraph\">Irtisanomistilanteessa perusteiden kest\u00e4vyytt\u00e4 puntaroidaan viime k\u00e4dess\u00e4 oikeussalissa. Teija Mets\u00e4rannan tiedossa ei ole juuri vapaa-ajan sopimattomaan k\u00e4yt\u00f6kseen liittyvi\u00e4 oikeustapauksia.<\/p>\n<p class=\"aw-1gybjub aw-1p7kakr cmIuaG fmSRng yle__article__paragraph\">\u2013 Yleens\u00e4 ty\u00f6nantajan perusteet ovat pit\u00e4neet niiss\u00e4 tapauksissa, mit\u00e4 on mennyt tuomioistuimeen.<\/p>\n<p class=\"aw-1gybjub aw-1p7kakr cmIuaG fmSRng yle__article__paragraph\">Oma asiansa on p\u00e4\u00e4ty\u00f6n ohella ansaittavat tienestit. Vaikka varsinaista ty\u00f6aikaa ei k\u00e4ytt\u00e4isi elinkeinon harjoittamiseen, tulee viranhaltijan tehd\u00e4 sivutoimi-ilmoitus.<\/p>\n<p class=\"aw-1gybjub aw-1p7kakr cmIuaG fmSRng yle__article__paragraph\">N\u00e4in olisi pornoa sivubisneksen\u00e4 tehneen opettajankin kuulunut toimia.<\/p>\n<p class=\"aw-1gybjub aw-1p7kakr cmIuaG fmSRng yle__article__paragraph\">\u2013 Varmasti helpommin ilmoittaa, jos kyse on kenneltoiminnasta tai toimii personal trainerina toiminimen kautta. Mutta tietysti voi ajatella, ett\u00e4 ei kuulu ty\u00f6nantajalle, mit\u00e4 vapaa-ajalla teen, jos se ei vaikuta ty\u00f6h\u00f6n mitenk\u00e4\u00e4n. Henkil\u00f6n arvio voi olla erilainen kuin ty\u00f6nantajan.<\/p>\n<p class=\"aw-1gybjub aw-1p7kakr cmIuaG fmSRng yle__article__paragraph\">KT:n johtava ty\u00f6markkinajuristi Teija Mets\u00e4ranta muistuttaa kuitenkin, ett\u00e4 ty\u00f6nantaja nimenomaan arvioi vapaa-ajan puuhia sit\u00e4 kautta, horjuttavatko ne luottamusta virkateht\u00e4vien asianmukaiseen hoitoon.<\/p>\n","protected":false},"excerpt":{"rendered":"Viranhaltijoita koskevia velvotteita vapaa-ajan k\u00e4yt\u00adt\u00e4y\u00adty\u00admi\u00adsest\u00e4 ei ole tarkasti m\u00e4\u00e4ritelty. Ty\u00f6ajan ulkopuolella teht\u00e4v\u00e4st\u00e4 ansioty\u00f6st\u00e4 on kuitenkin ilmoitettava. Avaa kuvien&hellip;\n","protected":false},"author":2,"featured_media":56293,"comment_status":"","ping_status":"","sticky":false,"template":"","format":"standard","meta":{"footnotes":""},"categories":[12],"tags":[22,23,26,27,33,31,30,17,71,1833,24,25,28,29,15,18,21,32,19,20,16,663],"class_list":{"0":"post-56292","1":"post","2":"type-post","3":"status-publish","4":"format-standard","5":"has-post-thumbnail","7":"category-suomi","8":"tag-breaking-news","9":"tag-breakingnews","10":"tag-featured-news","11":"tag-featurednews","12":"tag-fi","13":"tag-finland","14":"tag-finnish","15":"tag-headlines","16":"tag-kotimaa","17":"tag-kunnat","18":"tag-latest-news","19":"tag-latestnews","20":"tag-main-news","21":"tag-mainnews","22":"tag-news","23":"tag-otsikot","24":"tag-paauutiset","25":"tag-suomi","26":"tag-top-stories","27":"tag-topstories","28":"tag-uutiset","29":"tag-varsinais-suomi"},"share_on_mastodon":{"url":"","error":""},"_links":{"self":[{"href":"https:\/\/www.europesays.com\/fi\/wp-json\/wp\/v2\/posts\/56292","targetHints":{"allow":["GET"]}}],"collection":[{"href":"https:\/\/www.europesays.com\/fi\/wp-json\/wp\/v2\/posts"}],"about":[{"href":"https:\/\/www.europesays.com\/fi\/wp-json\/wp\/v2\/types\/post"}],"author":[{"embeddable":true,"href":"https:\/\/www.europesays.com\/fi\/wp-json\/wp\/v2\/users\/2"}],"replies":[{"embeddable":true,"href":"https:\/\/www.europesays.com\/fi\/wp-json\/wp\/v2\/comments?post=56292"}],"version-history":[{"count":0,"href":"https:\/\/www.europesays.com\/fi\/wp-json\/wp\/v2\/posts\/56292\/revisions"}],"wp:featuredmedia":[{"embeddable":true,"href":"https:\/\/www.europesays.com\/fi\/wp-json\/wp\/v2\/media\/56293"}],"wp:attachment":[{"href":"https:\/\/www.europesays.com\/fi\/wp-json\/wp\/v2\/media?parent=56292"}],"wp:term":[{"taxonomy":"category","embeddable":true,"href":"https:\/\/www.europesays.com\/fi\/wp-json\/wp\/v2\/categories?post=56292"},{"taxonomy":"post_tag","embeddable":true,"href":"https:\/\/www.europesays.com\/fi\/wp-json\/wp\/v2\/tags?post=56292"}],"curies":[{"name":"wp","href":"https:\/\/api.w.org\/{rel}","templated":true}]}}