{"id":56318,"date":"2025-10-08T16:05:08","date_gmt":"2025-10-08T16:05:08","guid":{"rendered":"https:\/\/www.europesays.com\/fi\/56318\/"},"modified":"2025-10-08T16:05:08","modified_gmt":"2025-10-08T16:05:08","slug":"sanna-marin-teki-ilmoituksen","status":"publish","type":"post","link":"https:\/\/www.europesays.com\/fi\/56318\/","title":{"rendered":"Sanna Marin teki ilmoituksen"},"content":{"rendered":"<p>Sanna Marinin kirja julkaistaan marraskuussa.<\/p>\n<p><img decoding=\"async\" class=\"image image-show image-preview\" src=\"https:\/\/www.europesays.com\/fi\/wp-content\/uploads\/2025\/10\/5fa669c9f093db40f8b5bb6edf013f4de6998af9e850eae10310b21132460e96.jpg\" alt=\"\"\/><img decoding=\"async\" class=\"image image-show\" src=\"https:\/\/www.europesays.com\/fi\/wp-content\/uploads\/2025\/10\/1759939508_410_5fa669c9f093db40f8b5bb6edf013f4de6998af9e850eae10310b21132460e96.jpg\" alt=\"\"\/><\/p>\n<p>Sanna Marinin kirja julkaistaan 17 maassa. Miia Sir\u00e9n<\/p>\n<p class=\"paragraph\">Suomen entisen p\u00e4\u00e4ministeri <a href=\"https:\/\/www.iltalehti.fi\/henkilot\/Sanna Marin\" class=\"article-link-person-page\" rel=\"nofollow noopener\" target=\"_blank\">Sanna Marinin<\/a> muistelmateos Hope in Action: A Memoir About the Courage to Lead (Scribner) julkaistaan marraskuussa. Marin kertoo nyt <a href=\"https:\/\/www.instagram.com\/p\/DPjUdgQDNGQ\/\" rel=\"noopener nofollow\" target=\"_blank\">Instagram-tilill\u00e4\u00e4n<\/a> kirjaansa liittyv\u00e4n uutisen.<\/p>\n<p class=\"paragraph\">\u2013 Olen enemm\u00e4n kuin innoissani saadessani jakaa j\u00e4nnitt\u00e4v\u00e4n uutisen! Kuten saatatte tiet\u00e4\u00e4, olen ty\u00f6skennellyt intensiivisesti tulevan kirjani parissa. Iloisena ilmoitan, ett\u00e4 Hope in Action julkaistaan 17 maassa.<\/p>\n<p class=\"paragraph\">Marinin muistelmateos on tarkoitus julkaista Yhdysvalloissa, Isossa-Britanniassa, Suomessa, Ruotsissa, Saksassa, Ranskassa, Virossa, Ukrainassa, Portugalissa, T\u0161ekiss\u00e4, Alankomaissa, Unkarissa, Puolassa, Turkissa, Slovakiassa, Brasiliassa ja Japanissa.<\/p>\n<p class=\"paragraph\">Marinin julkaisun mukaan osa painoksista julkaistaan marraskuussa, osa my\u00f6hemmin.<\/p>\n<p class=\"paragraph\">Suomeksi kirja julkaistaan nimell\u00e4 Toivo on tekoja. Sen kustantaa Gummerus.<\/p>\n<p><script async src=\"\/\/www.instagram.com\/embed.js\"><\/script><\/p>\n","protected":false},"excerpt":{"rendered":"Sanna Marinin kirja julkaistaan marraskuussa. Sanna Marinin kirja julkaistaan 17 maassa. Miia Sir\u00e9n Suomen entisen p\u00e4\u00e4ministeri Sanna Marinin&hellip;\n","protected":false},"author":2,"featured_media":56319,"comment_status":"","ping_status":"","sticky":false,"template":"","format":"standard","meta":{"footnotes":""},"categories":[136],"tags":[35,407,137,33,31,30,408,1706,142,637,888,887,32,109],"class_list":{"0":"post-56318","1":"post","2":"type-post","3":"status-publish","4":"format-standard","5":"has-post-thumbnail","7":"category-julkkikset","8":"tag-24h","9":"tag-celebrities","10":"tag-entertainment","11":"tag-fi","12":"tag-finland","13":"tag-finnish","14":"tag-julkkikset","15":"tag-paaministeri","16":"tag-poliitikot","17":"tag-politiikka","18":"tag-suomalaiset-poliitikot","19":"tag-suomen-politiikka","20":"tag-suomi","21":"tag-viihde"},"share_on_mastodon":{"url":"","error":""},"_links":{"self":[{"href":"https:\/\/www.europesays.com\/fi\/wp-json\/wp\/v2\/posts\/56318","targetHints":{"allow":["GET"]}}],"collection":[{"href":"https:\/\/www.europesays.com\/fi\/wp-json\/wp\/v2\/posts"}],"about":[{"href":"https:\/\/www.europesays.com\/fi\/wp-json\/wp\/v2\/types\/post"}],"author":[{"embeddable":true,"href":"https:\/\/www.europesays.com\/fi\/wp-json\/wp\/v2\/users\/2"}],"replies":[{"embeddable":true,"href":"https:\/\/www.europesays.com\/fi\/wp-json\/wp\/v2\/comments?post=56318"}],"version-history":[{"count":0,"href":"https:\/\/www.europesays.com\/fi\/wp-json\/wp\/v2\/posts\/56318\/revisions"}],"wp:featuredmedia":[{"embeddable":true,"href":"https:\/\/www.europesays.com\/fi\/wp-json\/wp\/v2\/media\/56319"}],"wp:attachment":[{"href":"https:\/\/www.europesays.com\/fi\/wp-json\/wp\/v2\/media?parent=56318"}],"wp:term":[{"taxonomy":"category","embeddable":true,"href":"https:\/\/www.europesays.com\/fi\/wp-json\/wp\/v2\/categories?post=56318"},{"taxonomy":"post_tag","embeddable":true,"href":"https:\/\/www.europesays.com\/fi\/wp-json\/wp\/v2\/tags?post=56318"}],"curies":[{"name":"wp","href":"https:\/\/api.w.org\/{rel}","templated":true}]}}