{"id":56354,"date":"2025-10-08T16:39:11","date_gmt":"2025-10-08T16:39:11","guid":{"rendered":"https:\/\/www.europesays.com\/fi\/56354\/"},"modified":"2025-10-08T16:39:11","modified_gmt":"2025-10-08T16:39:11","slug":"jouko-turkka-oli-kuin-kulttijohtaja-sanoo-elamakerran-kirjoittanut-hannu-harju-kulttuuri","status":"publish","type":"post","link":"https:\/\/www.europesays.com\/fi\/56354\/","title":{"rendered":"\u201dJouko Turkka oli kuin kulttijohtaja\u201d, sanoo el\u00e4m\u00e4kerran kirjoittanut Hannu Harju | Kulttuuri"},"content":{"rendered":"<p class=\"aw-1gybjub aw-1p7kakr cmIuaG fmSRng yle__article__paragraph\">Kahdeksankymment\u00e4luvun alkupuolella Suomen teatterimaailmaa hallitsi hahmo, joka tuntui valtaavan koko ilmatilan.<\/p>\n<p class=\"aw-1gybjub aw-1p7kakr cmIuaG fmSRng yle__article__paragraph\">H\u00e4n oli ohjaaja <strong class=\"aw-ak79eh KyCXm yle__article__strong\">Jouko Turkka<\/strong>, joka johti tuolloin teatterikorkeakoulua Helsingiss\u00e4.<\/p>\n<p class=\"aw-1gybjub aw-1p7kakr cmIuaG fmSRng yle__article__paragraph\">Turkka oli ehtinyt toimia ohjaajana useissa maakuntateattereissa sek\u00e4 Helsingin kaupunginteatterissa. Joka paikkakunnalla h\u00e4nt\u00e4 seurasivat kohut ja k\u00e4rh\u00e4m\u00e4t. Sen sijaan h\u00e4nen luomansa teatteritaide oli joka kaikkialla p\u00e4\u00e4osin kiinnostavaa.<\/p>\n<p><img decoding=\"async\" alt=\"Kaksi henkil\u00f6\u00e4 poseeraa yhdess\u00e4 muodollisissa ja tyylikk\u00e4iss\u00e4 vaatteissa nostalgisessa mustavalkovalokuvassa.\" src=\"https:\/\/www.europesays.com\/fi\/wp-content\/uploads\/2025\/10\/39-153491668e6180f4276f.jpeg\" loading=\"lazy\" class=\"aw-1l9m598 hKVVvP\"\/><\/p>\n<p>Avaa kuvien katselu<\/p>\n<p>Jouko Turkka oli my\u00f6s taitava n\u00e4yttelij\u00e4. T\u00e4ss\u00e4 Eeva-Liisa Haimelinin esitt\u00e4m\u00e4n Julian kanssa Romeona vuonna 1968 Sein\u00e4joella. Kuva: Siltala Kustannus<\/p>\n<p class=\"aw-1gybjub aw-1p7kakr cmIuaG fmSRng yle__article__paragraph\">T\u00e4m\u00e4 yht\u00e4l\u00f6 osoittautui ainakin julkisuuden kannalta hedelm\u00e4lliseksi. Turkka pysyi otsikoissa koko aktiivisen aikansa ja viel\u00e4 senkin j\u00e4lkeen, kun oli vet\u00e4ytynyt <a class=\"aw-iao6s4 iHOxEa yle__article__link\" href=\"https:\/\/www.is.fi\/viihde\/art-2000001232387.html\" role=\"link\" rel=\"nofollow noopener\" target=\"_blank\">viett\u00e4m\u00e4\u00e4n el\u00e4kep\u00e4ivi\u00e4 kotitaloonsa <\/a>Pirkanmaalle.<\/p>\n<p class=\"aw-1gybjub aw-1p7kakr cmIuaG fmSRng yle__article__paragraph\">T\u00e4n\u00e4 syksyn\u00e4 Turkasta ilmestyy per\u00e4ti kolme kirjaa. <strong class=\"aw-ak79eh KyCXm yle__article__strong\">Hannu Harjun<\/strong> Jouko Turkka &#8211; narri, nero, n\u00f6yryytt\u00e4j\u00e4, <strong class=\"aw-ak79eh KyCXm yle__article__strong\">Kai H\u00e4ggmanin<\/strong> Pahansisuinen &#8211; Jouko Turkan el\u00e4m\u00e4 sek\u00e4 <strong class=\"aw-ak79eh KyCXm yle__article__strong\">Tiina Raudaskosken<\/strong> autofiktio Ilmiantaja.<\/p>\n<p><img decoding=\"async\" alt=\"Hannu Harju Helsingin kaupunginteatterin aulassa.\" src=\"https:\/\/www.europesays.com\/fi\/wp-content\/uploads\/2025\/10\/39-153070568dbca3ae8a32.jpeg\" loading=\"lazy\" class=\"aw-1l9m598 hKVVvP\"\/><\/p>\n<p>Avaa kuvien katselu<\/p>\n<p>El\u00e4m\u00e4kerran kirjoittaja Hannu Harju seurasi Turkan uraa teatterikriitikkona ja toimittajana. Kuva: Jussi Koivunoro \/ Yle<\/p>\n<p class=\"aw-1gybjub aw-1p7kakr cmIuaG fmSRng yle__article__paragraph\">Harva teatteriohjaaja her\u00e4tt\u00e4\u00e4 sellaisia intohimoja kuin Jouko Turkka, jonka kuolemasta on nyt kulunut liki kymmenen ja viimeisest\u00e4 teatterin ensi-illasta jo parikymment\u00e4 vuotta.<\/p>\n<p class=\"aw-1gybjub aw-1p7kakr cmIuaG fmSRng yle__article__paragraph\">Jouko Turkasta el\u00e4m\u00e4kerran kirjoittanut Hannu Harju sanoo, ett\u00e4 kiivas ohjaaja ei halunnut t\u00f6ittens\u00e4 j\u00e4\u00e4v\u00e4n teatteritalon seinien sis\u00e4\u00e4n.<\/p>\n<p class=\"aw-1gybjub aw-1p7kakr cmIuaG fmSRng yle__article__paragraph\">&#8211; Esityksen pit\u00e4\u00e4 aiheuttaa p\u00f6rin\u00e4\u00e4, keskustelua ja parhaimmillaan skandaali. Parasta olisi, jos se p\u00e4\u00e4sisi iltap\u00e4iv\u00e4lehden l\u00f6\u00f6ppiin, Harju pohtii Turkan aivoituksia.<\/p>\n<p>Turkkaa kutsuttiin neroksi, narriksi, valtakunnansaatanaksi ja n\u00f6yryytt\u00e4j\u00e4ksi.Veikko Sinisalon oppiin<\/p>\n<p class=\"aw-1gybjub aw-1p7kakr cmIuaG fmSRng yle__article__paragraph\">Nyt julkaistut el\u00e4m\u00e4kerrat piirt\u00e4v\u00e4t esiin kuvan ihmisest\u00e4, joka oli ehdoton alusta asti. Jouko Veli Turkka suhtautui torjuvasti, jopa vihamielisesti omiin vanhempiinsa, mutta heitt\u00e4ytyi t\u00e4ysill\u00e4 omien kiinnostuksenkohteittensa viet\u00e4v\u00e4ksi.<\/p>\n<p class=\"aw-1gybjub aw-1p7kakr cmIuaG fmSRng yle__article__paragraph\">Turkan is\u00e4 oli lentokonetehtaan ty\u00f6njohtaja ja \u00e4iti konttoristi. Perhe asui omakotitalossa Pirkkalassa l\u00e4hell\u00e4 Tamperetta, jonne Jouko haki oppikouluun, Klassilliseen lyseoon. H\u00e4n kirjoitti ylioppilaaksi 1963.<\/p>\n<p class=\"aw-1gybjub aw-1p7kakr cmIuaG fmSRng yle__article__paragraph\">Turkka ryhtyi harrastamaan lausuntaa. Tuon ajan Tampereella se oli suosittu ja maskuliininenkin harrastus. Elettiinh\u00e4n <strong class=\"aw-ak79eh KyCXm yle__article__strong\">V\u00e4in\u00f6 Linnan<\/strong> ja <strong class=\"aw-ak79eh KyCXm yle__article__strong\">Lauri Viidan<\/strong> kaupungissa.<\/p>\n<p><img decoding=\"async\" alt=\"Teatterilava, jossa esiintyy useita n\u00e4yttelij\u00f6it\u00e4 monitasoisessa lavasteessa. \" src=\"https:\/\/www.europesays.com\/fi\/wp-content\/uploads\/2025\/10\/39-153491768e6180f5e9ac.jpeg\" loading=\"lazy\" class=\"aw-1l9m598 hKVVvP\"\/><\/p>\n<p>Avaa kuvien katselu<\/p>\n<p>Tamperelainen Hannu Salama oli Turkan luottokirjoittajia. T\u00e4ss\u00e4 n\u00e4ytt\u00e4m\u00f6ll\u00e4 Siin\u00e4 n\u00e4kij\u00e4, miss\u00e4 tekij\u00e4 vuonna 1976 Helsingin kaupunginteatterissa. Kuva: Siltala Kustannus<\/p>\n<p class=\"aw-1gybjub aw-1p7kakr cmIuaG fmSRng yle__article__paragraph\">Turkka piti yll\u00e4 vahvaa tampereen murretta ja j\u00e4tk\u00e4m\u00e4ist\u00e4 asennetta koko el\u00e4m\u00e4ns\u00e4, vaikka ty\u00f6skenteli ja asui pitk\u00e4\u00e4n Helsingiss\u00e4.<\/p>\n<p class=\"aw-1gybjub aw-1p7kakr cmIuaG fmSRng yle__article__paragraph\">Tamperelaisen teatterivaikuttajan <strong class=\"aw-ak79eh KyCXm yle__article__strong\">Veikko Sinisalon<\/strong> lausuntaopit lenn\u00e4ttiv\u00e4t Jouko Turkan ensiyritt\u00e4m\u00e4ll\u00e4 teatterikoulun ohjaajalinjalle.<\/p>\n<p>Elannon hajuvesiosastolle<\/p>\n<p class=\"aw-1gybjub aw-1p7kakr cmIuaG fmSRng yle__article__paragraph\">Jouko Turkan mielest\u00e4 Kansallisteatteri oli hienostunut kuin Stockmannin tavaratalo, kun taas Helsingin kaupunginteatteri vain Elannon hajuvesiosasto.<\/p>\n<p class=\"aw-1gybjub aw-1p7kakr cmIuaG fmSRng yle__article__paragraph\">Turkka tuli kutsutuksi hajuvesiosaston apulaisjohtajaksi ja ohjaajaksi vuonna 1975.<\/p>\n<p class=\"aw-1gybjub aw-1p7kakr cmIuaG fmSRng yle__article__paragraph\">Helsingiss\u00e4 Turkka jatkoi jo <a class=\"aw-iao6s4 iHOxEa yle__article__link\" href=\"https:\/\/yle.fi\/a\/20-84985\" role=\"link\" rel=\"nofollow noopener\" target=\"_blank\">maakuntateattereista tuttua r\u00e4v\u00e4kk\u00e4\u00e4 tyyli\u00e4\u00e4n<\/a>. P\u00e4\u00e4kaupungin kriitikot ja toimittajat olivat seuranneet kiinnostavaa h\u00e4mment\u00e4j\u00e4\u00e4 koko ajan. Nyt heid\u00e4n ei en\u00e4\u00e4 tarvinnut matkustaa Turkan per\u00e4ss\u00e4 satoja kilometrej\u00e4.<\/p>\n<p><img decoding=\"async\" alt=\"Ryhm\u00e4 sotilaita esitt\u00e4vi\u00e4 n\u00e4yttelij\u00f6it\u00e4 seisoo rauhallisesti aseiden kanssa teatterilavalla. Yksi heist\u00e4 istuu etualalla \" src=\"https:\/\/www.europesays.com\/fi\/wp-content\/uploads\/2025\/10\/39-153491968e61810849f8.jpeg\" loading=\"lazy\" class=\"aw-1l9m598 hKVVvP\"\/><\/p>\n<p>Avaa kuvien katselu<\/p>\n<p>Turkka oli radikaali, mutta niin vain h\u00e4n versioi Tuntemattoman sotilaan n\u00e4ytt\u00e4m\u00f6lle kaksi kertaa. T\u00e4ss\u00e4 kaupunginteatterin n\u00e4yttelij\u00f6it\u00e4 vuodelta 1979. Kuva: Siltala Kustannus<\/p>\n<p class=\"aw-1gybjub aw-1p7kakr cmIuaG fmSRng yle__article__paragraph\">Kaupunginteatterin n\u00e4yttelij\u00f6iden keskuuteen syntyi pian kahtiajako. Siell\u00e4 olivat Joukon n\u00e4yttelij\u00e4t ja sitten muut.<\/p>\n<p class=\"aw-1gybjub aw-1p7kakr cmIuaG fmSRng yle__article__paragraph\">Turkka halusi ajaa omat n\u00e4yttelij\u00e4ns\u00e4 \u00e4\u00e4rirajoille ja siten tikist\u00e4\u00e4 heist\u00e4 jotain ainutlaatuista.<\/p>\n<p class=\"aw-1gybjub aw-1p7kakr cmIuaG fmSRng yle__article__paragraph\">\u2013 H\u00e4nell\u00e4 oli taito l\u00f6yt\u00e4\u00e4 n\u00e4yttelij\u00e4st\u00e4 sellaisia puolia, joita kukaan ei ollut aikaisemmin n\u00e4hnyt. Ja uhraus on se, ett\u00e4 harjoitusprosessin aikana saattoi saada aika lailla henkisesti turpaan, jonkinlainen Faustinen sopimus siis, tuumaa Hannu Harju.<\/p>\n<p><img decoding=\"async\" alt=\"Kuvassa on kirja &quot;Jouko Turkka&quot; kirjoittanut Hannu Harju. Kirjan alaotsikko on &quot;Narri, Nero, N\u00f6yryytt\u00e4j\u00e4&quot;.\" src=\"https:\/\/www.europesays.com\/fi\/wp-content\/uploads\/2025\/10\/39-153070268dbca395abef.jpeg\" loading=\"lazy\" class=\"aw-1l9m598 hKVVvP\"\/><\/p>\n<p>Avaa kuvien katselu<\/p>\n<p>Jouko Turkka julisti  1970-luvulla pit\u00e4v\u00e4ns\u00e4 ty\u00f6ll\u00e4\u00e4n haavoja auki kansakunnan ruumiissa. Kuva: Jussi Koivunoro \/ Yle<\/p>\n<p class=\"aw-1gybjub aw-1p7kakr cmIuaG fmSRng yle__article__paragraph\">Kaikille t\u00e4llainen ty\u00f6skentelytapa ei sopinut. Aina oli my\u00f6s joku, joka luuli jaksavansa, mutta l\u00e4hti kuitenkin kesken harjoitusprosessin pois. Keskeytykset ruokkivat yleis\u00f6n uteliaisuutta.<\/p>\n<p class=\"aw-1gybjub aw-1p7kakr cmIuaG fmSRng yle__article__paragraph\">Harjun mukaan Turkan ohjaukset kaihtoivat kaikkea pikkusiev\u00e4\u00e4 hienostuneisuutta.<\/p>\n<p class=\"aw-1gybjub aw-1p7kakr cmIuaG fmSRng yle__article__paragraph\">\u2013 Turkan kohdalla usein unohtuu, ett\u00e4 h\u00e4nen esityksens\u00e4 olivat usein my\u00f6s helkkarin hauskoja. H\u00e4nell\u00e4 oli hyv\u00e4 huumori ja tarttuva nauru. Kuva h\u00e4nest\u00e4 on v\u00e4h\u00e4n turhankin tosikkomainen, Hannu Harju sanoo.<\/p>\n<p>Kapinallisesta ohjaajasta pedagogiksi<\/p>\n<p class=\"aw-1gybjub aw-1p7kakr cmIuaG fmSRng yle__article__paragraph\">T\u00e4m\u00e4n p\u00e4iv\u00e4n taideopiskelijoiden arvoissa nousevat esiin turvallisen tilan periaatteet, yhdenvertaisuus, intersektionaalinen feminismi ja sukupuolten moninaisuus. Olisi aikamoinen paukku, jos teatterikorkeakoulun rehtoriksi nimitett\u00e4isiin toisen ihmisen henkil\u00f6kohtaista tilaa kunnioittamaton, r\u00e4\u00e4vitt\u00f6myyksi\u00e4 huuteleva, homofobinen messias.<\/p>\n<p class=\"aw-1gybjub aw-1p7kakr cmIuaG fmSRng yle__article__paragraph\">1980-luvulla asiat olivat eri tavalla.<\/p>\n<p class=\"aw-1gybjub aw-1p7kakr cmIuaG fmSRng yle__article__paragraph\">Helsingin kaupunginteatterin uusi johtaja <strong class=\"aw-ak79eh KyCXm yle__article__strong\">Ralf L\u00e5ngbacka<\/strong> ei halunnut teatterille en\u00e4\u00e4 apulaisjohtajaa.<\/p>\n<p class=\"aw-1gybjub aw-1p7kakr cmIuaG fmSRng yle__article__paragraph\">Jouko Turkka nieleskeli pettymyst\u00e4\u00e4n hetken ja p\u00e4\u00e4tti sitten tehd\u00e4 teatterikorkeakoulusta yhden maan p\u00e4\u00e4n\u00e4ytt\u00e4m\u00f6ist\u00e4.<\/p>\n<p class=\"aw-1gybjub aw-1p7kakr cmIuaG fmSRng yle__article__paragraph\">H\u00e4n siirsi opetuksen luokista suoraan n\u00e4ytt\u00e4m\u00f6lle, jossa eri vuosikurssien opiskelijat tekiv\u00e4t yhdess\u00e4 esityksi\u00e4. Katsomot t\u00e4yttyiv\u00e4t heti.<\/p>\n<p><img decoding=\"async\" alt=\"Ryhm\u00e4 ihmisi\u00e4 esiintyy ilmeisesti osana teatteriesityst\u00e4 tai performanssia.\" src=\"https:\/\/www.europesays.com\/fi\/wp-content\/uploads\/2025\/10\/39-153491868e618102431c.jpeg\" loading=\"lazy\" class=\"aw-1l9m598 hKVVvP\"\/><\/p>\n<p>Avaa kuvien katselu<\/p>\n<p>Turkan vauhti kiihtyi teatterikorkeakoulussa. Taneli M\u00e4kel\u00e4 fiilistelee esityksess\u00e4 Tuhat ja yksi y\u00f6t\u00e4 1983. Kuva: Siltala KustannusTeatterilaiset verkkareissa<\/p>\n<p class=\"aw-1gybjub aw-1p7kakr cmIuaG fmSRng yle__article__paragraph\">Koulussa Turkalla oli k\u00e4yt\u00f6ss\u00e4\u00e4n materiaalia, joka oli nuorta, notkeaa ja suostuvaista. N\u00e4yttelij\u00e4opiskelijat alkoivat juosta ja punnertaa, kun Turkka halusi kokeilla, miten fyysinen r\u00e4\u00e4kki nostaa esiin kiinnostavampaa ilmaisua.<\/p>\n<p class=\"aw-1gybjub aw-1p7kakr cmIuaG fmSRng yle__article__paragraph\">Turkkalaisuudesta tuli pian nuorten teatterintekij\u00f6iden normi. Jopa ylioppilasteatterilaiset ymp\u00e4ri maata alkoivat kulkea verkkareissa. R\u00e4k\u00e4, hiki ja kyyneleet roiskuivat n\u00e4ytt\u00e4m\u00f6ill\u00e4.<\/p>\n<p class=\"aw-1gybjub aw-1p7kakr cmIuaG fmSRng yle__article__paragraph\">\u2013 Jouko Turkka oli kuin kulttijohtaja. Monet halusivat kuulua siihen kulttiin, mutta kaikki eiv\u00e4t p\u00e4\u00e4sseet, Hannu Harju sanoo.<\/p>\n<p class=\"aw-1gybjub aw-1p7kakr cmIuaG fmSRng yle__article__paragraph\">Harjun mielest\u00e4 Turkka oli niin n\u00e4kemyksellinen ja taitava ohjaaja, ett\u00e4 h\u00e4n oli lunastanut v\u00e4h\u00e4n pidemm\u00e4n liekanarun kuin muut. Kunnes h\u00e4nen oppilaansa meniv\u00e4t liian pitk\u00e4lle.<\/p>\n<p class=\"aw-1gybjub aw-1p7kakr cmIuaG fmSRng yle__article__paragraph\">Turkan kausi teatterikorkeakoulussa p\u00e4\u00e4ttyi Jumalan teatteriin.<\/p>\n<p class=\"aw-1gybjub aw-1p7kakr cmIuaG fmSRng yle__article__paragraph\"><a class=\"aw-iao6s4 iHOxEa yle__article__link\" href=\"https:\/\/yle.fi\/a\/20-83247\" role=\"link\" rel=\"nofollow noopener\" target=\"_blank\">Nelj\u00e4n teatterikoululaisen tempaus<\/a> oli ylily\u00f6nti, jota ei en\u00e4\u00e4 annettu anteeksi, vaikka oppi-is\u00e4ll\u00e4 ei ollut lopulta osaa eik\u00e4 arpaa koko jupakassa. Sen hyv\u00e4ksyminen riitti. Kiinnostus Turkkaa kohtaan silti ei laantunut.<\/p>\n<p>Veljekset, jotka eiv\u00e4t unohdu<\/p>\n<p class=\"aw-1gybjub aw-1p7kakr cmIuaG fmSRng yle__article__paragraph\">Jouko Turkka ehti uransa aikana my\u00f6s kirjoittaa kirjoja, ohjata kuunnelmia ja lopulta my\u00f6s tv-draamaa.<\/p>\n<p class=\"aw-1gybjub aw-1p7kakr cmIuaG fmSRng yle__article__paragraph\">Harju kysyy kirjassaan, mit\u00e4 suomalainen teatteriohjaaja tekee, jos h\u00e4n haluaa j\u00e4tt\u00e4\u00e4 mahdollisimman suuren puumerkin kansalliseen kulttuurihistoriaan. Vastaus t\u00e4h\u00e4n on ottaa ohjattavakseen suomalaiskansallisen klassikon mahdollisimman suurelle yleis\u00f6lle.<\/p>\n<p class=\"aw-1gybjub aw-1p7kakr cmIuaG fmSRng yle__article__paragraph\"><strong class=\"aw-ak79eh KyCXm yle__article__strong\">Aleksis Kiven<\/strong> Seitsem\u00e4n veljest\u00e4 oli Turkalle tuttu jo aiemmista ohjausty\u00f6st\u00e4. Televisiolle h\u00e4n halusi toteuttaa sen omaa estetiikkaansa noudattaen ja omien oppilaidensa esitt\u00e4m\u00e4n\u00e4. <a class=\"aw-iao6s4 iHOxEa yle__article__link\" href=\"https:\/\/yle.fi\/a\/20-95116\" role=\"link\" rel=\"nofollow noopener\" target=\"_blank\">Yleisradio otti teoksen tuottaakseen<\/a> 1980-luvun lopulla.<\/p>\n<p><img decoding=\"async\" alt=\"Jouko Turkka ja Kai Lehtinen Seitsem\u00e4n veljest\u00e4 -sarjan kuvauksissa.\" src=\"https:\/\/www.europesays.com\/fi\/wp-content\/uploads\/2025\/10\/39-5970345d9aff4fa21af.jpeg\" loading=\"lazy\" class=\"aw-1l9m598 hKVVvP\"\/><\/p>\n<p>Avaa kuvien katselu<\/p>\n<p>1980-luvun tv-tuotannon seitsem\u00e4n veljest\u00e4 olivat kaikki Turkan omia kasvatteja. Turkka ohjaa Kai Lehtist\u00e4. Nuoret n\u00e4yttelij\u00e4t olivat kuukausikaupalla hyvin niukalla ravinnolla talossa, johon tuli vain kylm\u00e4\u00e4 vett\u00e4.<\/p>\n<p class=\"aw-1gybjub aw-1p7kakr cmIuaG fmSRng yle__article__paragraph\">Turkka tavoitteli j\u00e4lleen ulkoisen kiihkon kautta sis\u00e4isen el\u00e4m\u00e4n aitoutta.<\/p>\n<p class=\"aw-1gybjub aw-1p7kakr cmIuaG fmSRng yle__article__paragraph\">Hannu Harju jututti kirjaansa veljesten n\u00e4yttelij\u00f6it\u00e4:<\/p>\n<p class=\"aw-1gybjub aw-1p7kakr cmIuaG fmSRng yle__article__paragraph\">\u2013 Kerran <strong class=\"aw-ak79eh KyCXm yle__article__strong\">Kai Lehtisen<\/strong> mitta t\u00e4yttyi kuvauksissa, ja h\u00e4n tarttui Turkkaa rinnuksista ja uhkasi tappaa. Ja ohjaaja hoki vain, ett\u00e4 n\u00e4in, n\u00e4in! Pid\u00e4 t\u00e4m\u00e4, n\u00e4in, kattokaa!<\/p>\n<p class=\"aw-1gybjub aw-1p7kakr cmIuaG fmSRng yle__article__paragraph\">Kuolaavat, lespaavat, klenkkaavat ja m\u00f6lisev\u00e4t veljekset eiv\u00e4t suoranaisesti valloittaneet suomalaisten syd\u00e4mi\u00e4. Harjun mielest\u00e4 Turkka ei ollut siit\u00e4 moksiskaan. H\u00e4nh\u00e4n teki tarkoituksella kaiken vastakarvaan. Ja kansalla riitti puhuttavaa.<\/p>\n<p>Guru hiipuu<\/p>\n<p class=\"aw-1gybjub aw-1p7kakr cmIuaG fmSRng yle__article__paragraph\">Hannu Harju summaa Jouko Turkan persoonan n\u00e4in: h\u00e4n oli h\u00e4mm\u00e4stytt\u00e4v\u00e4n luova ja kekseli\u00e4s, mutta tavoitteissaan h\u00e4ik\u00e4ilem\u00e4t\u00f6n, eik\u00e4 osoittanut juurikaan taipumusta empatiaan. H\u00e4n my\u00f6s toteutti yleis\u00f6n toivetta: lis\u00e4\u00e4 provokaatioita, kiitos!<\/p>\n<p class=\"aw-1gybjub aw-1p7kakr cmIuaG fmSRng yle__article__paragraph\">Vuonna 2009 Jouko Turkasta tehtiin Teatterikorkeakoulun kunniatohtori. Viimeisin\u00e4 vuosinaan h\u00e4n erakoitui kotitaloonsa Pirkkalaan ja kuoli vuonna 2016 kotinsa l\u00e4hell\u00e4 sijaitsevassa hoivakodissa.<\/p>\n<p class=\"aw-1gybjub aw-1p7kakr cmIuaG fmSRng yle__article__paragraph\">Viel\u00e4kin mietimme, mik\u00e4 mies h\u00e4n oikein oli.<\/p>\n<p><img decoding=\"async\" alt=\"\" src=\"https:\/\/www.europesays.com\/fi\/wp-content\/uploads\/2025\/10\/13-1-72503702-1759308530366.jpeg\" class=\"aw-1l9m598 hKVVvP\"\/><\/p>\n","protected":false},"excerpt":{"rendered":"Kahdeksankymment\u00e4luvun alkupuolella Suomen teatterimaailmaa hallitsi hahmo, joka tuntui valtaavan koko ilmatilan. H\u00e4n oli ohjaaja Jouko Turkka, joka johti&hellip;\n","protected":false},"author":2,"featured_media":56355,"comment_status":"","ping_status":"","sticky":false,"template":"","format":"standard","meta":{"footnotes":""},"categories":[130],"tags":[137,33,31,30,13364,6965,108,8971,32,13363,3336,13365,109],"class_list":{"0":"post-56354","1":"post","2":"type-post","3":"status-publish","4":"format-standard","5":"has-post-thumbnail","7":"category-viihde","8":"tag-entertainment","9":"tag-fi","10":"tag-finland","11":"tag-finnish","12":"tag-hannu-harju","13":"tag-jouko-turkka","14":"tag-kulttuuri","15":"tag-naytelmat","16":"tag-suomi","17":"tag-taideyliopiston-teatterikorkeakoulu","18":"tag-teatteri","19":"tag-teatteriohjaajat","20":"tag-viihde"},"share_on_mastodon":{"url":"","error":""},"_links":{"self":[{"href":"https:\/\/www.europesays.com\/fi\/wp-json\/wp\/v2\/posts\/56354","targetHints":{"allow":["GET"]}}],"collection":[{"href":"https:\/\/www.europesays.com\/fi\/wp-json\/wp\/v2\/posts"}],"about":[{"href":"https:\/\/www.europesays.com\/fi\/wp-json\/wp\/v2\/types\/post"}],"author":[{"embeddable":true,"href":"https:\/\/www.europesays.com\/fi\/wp-json\/wp\/v2\/users\/2"}],"replies":[{"embeddable":true,"href":"https:\/\/www.europesays.com\/fi\/wp-json\/wp\/v2\/comments?post=56354"}],"version-history":[{"count":0,"href":"https:\/\/www.europesays.com\/fi\/wp-json\/wp\/v2\/posts\/56354\/revisions"}],"wp:featuredmedia":[{"embeddable":true,"href":"https:\/\/www.europesays.com\/fi\/wp-json\/wp\/v2\/media\/56355"}],"wp:attachment":[{"href":"https:\/\/www.europesays.com\/fi\/wp-json\/wp\/v2\/media?parent=56354"}],"wp:term":[{"taxonomy":"category","embeddable":true,"href":"https:\/\/www.europesays.com\/fi\/wp-json\/wp\/v2\/categories?post=56354"},{"taxonomy":"post_tag","embeddable":true,"href":"https:\/\/www.europesays.com\/fi\/wp-json\/wp\/v2\/tags?post=56354"}],"curies":[{"name":"wp","href":"https:\/\/api.w.org\/{rel}","templated":true}]}}