{"id":56453,"date":"2025-10-08T18:33:23","date_gmt":"2025-10-08T18:33:23","guid":{"rendered":"https:\/\/www.europesays.com\/fi\/56453\/"},"modified":"2025-10-08T18:33:23","modified_gmt":"2025-10-08T18:33:23","slug":"saturnuksen-massainen-planeetta-paljastui-webb-teleskoopin-kuvasta","status":"publish","type":"post","link":"https:\/\/www.europesays.com\/fi\/56453\/","title":{"rendered":"Saturnuksen massainen planeetta paljastui Webb-teleskoopin kuvasta"},"content":{"rendered":"<p>Anne-Marie Lagrangen johtamassa tutkimuksessa on havaittu Saturnuksen massainen planeetta nuoren t\u00e4hden kiertoradalta. L\u00f6yt\u00f6 tehtiin poikkeuksellisesti kuvaamalla planeetta suoraan.&#13;<\/p>\n<p class=\"bodytext\">\u201dHavaintomme paljastavat vahvan planeettakandidaatin, joka muokkaa TWA 7 -t\u00e4hden ainekiekon rakennetta. Sijainti on juuri siin\u00e4, miss\u00e4 odotimme t\u00e4m\u00e4n massaisen planeetan olevan\u201d, ihastelee<strong> Anne-Marie Lagrange<\/strong> CNRS-tutkimuskeskuksesta.\u00a0\n<\/p>\n<p>Jos havainto vahvistetaan, se on ensimm\u00e4inen Webb-avaruusteleskoopin ottamista valokuvista l\u00f6ytynyt planeetta. Samalla se olisi kevyin suoraan kuvattu planeetta.\n<\/p>\n<p>L\u00f6ydetyll\u00e4 planeetalla on massaa noin sadan maapallon verran eli suunnilleen kolmasosa Jupiterin massasta.\n<\/p>\n<p>Kyseess\u00e4 on ensimm\u00e4inen kerta, kun t\u00e4htitieteilij\u00e4t ovat onnistuneet valokuvaamaan Jupiteria kevyemm\u00e4n eksoplaneetan. Saavutus on merkitt\u00e4v\u00e4, sill\u00e4 on mielenkiintoista tutkia saman kokoisia planeettoja kuin l\u00f6ytyy omasta aurinkokunnastamme.\n<\/p>\n<p>Nyt paljastuneen planeetan kiertorata kulkee kiinnostavasti t\u00e4hte\u00e4 ymp\u00e4r\u00f6ivien p\u00f6lyrenkaiden v\u00e4liss\u00e4. T\u00e4m\u00e4 viittaa, ett\u00e4 kyseess\u00e4 on nuori planeetta, joka on siivonnut kiertoratansa ymp\u00e4rist\u00f6n ylim\u00e4\u00e4r\u00e4isest\u00e4 aineesta.\n<\/p>\n<p>My\u00f6s emot\u00e4hti TWA 7 on hyvin nuori, vain reilun kuuden miljoonan vuoden ik\u00e4inen. Planeettakunta sijaitsee noin 111 valovuoden p\u00e4\u00e4ss\u00e4 maapallolta.\n<\/p>\n<p><a href=\"https:\/\/esawebb.org\/news\/weic2512\/\" target=\"_blank\" rel=\"noreferrer nofollow noopener\">Aiheesta lis\u00e4\u00e4 ESA Webb<\/a> (englanniksi)<\/p>\n","protected":false},"excerpt":{"rendered":"Anne-Marie Lagrangen johtamassa tutkimuksessa on havaittu Saturnuksen massainen planeetta nuoren t\u00e4hden kiertoradalta. L\u00f6yt\u00f6 tehtiin poikkeuksellisesti kuvaamalla planeetta suoraan.&#13;&hellip;\n","protected":false},"author":2,"featured_media":56454,"comment_status":"","ping_status":"","sticky":false,"template":"","format":"standard","meta":{"footnotes":""},"categories":[114],"tags":[453,33,31,30,118,452,32,119],"class_list":{"0":"post-56453","1":"post","2":"type-post","3":"status-publish","4":"format-standard","5":"has-post-thumbnail","7":"category-avaruus","8":"tag-avaruus","9":"tag-fi","10":"tag-finland","11":"tag-finnish","12":"tag-science","13":"tag-space","14":"tag-suomi","15":"tag-tiede"},"share_on_mastodon":{"url":"","error":""},"_links":{"self":[{"href":"https:\/\/www.europesays.com\/fi\/wp-json\/wp\/v2\/posts\/56453","targetHints":{"allow":["GET"]}}],"collection":[{"href":"https:\/\/www.europesays.com\/fi\/wp-json\/wp\/v2\/posts"}],"about":[{"href":"https:\/\/www.europesays.com\/fi\/wp-json\/wp\/v2\/types\/post"}],"author":[{"embeddable":true,"href":"https:\/\/www.europesays.com\/fi\/wp-json\/wp\/v2\/users\/2"}],"replies":[{"embeddable":true,"href":"https:\/\/www.europesays.com\/fi\/wp-json\/wp\/v2\/comments?post=56453"}],"version-history":[{"count":0,"href":"https:\/\/www.europesays.com\/fi\/wp-json\/wp\/v2\/posts\/56453\/revisions"}],"wp:featuredmedia":[{"embeddable":true,"href":"https:\/\/www.europesays.com\/fi\/wp-json\/wp\/v2\/media\/56454"}],"wp:attachment":[{"href":"https:\/\/www.europesays.com\/fi\/wp-json\/wp\/v2\/media?parent=56453"}],"wp:term":[{"taxonomy":"category","embeddable":true,"href":"https:\/\/www.europesays.com\/fi\/wp-json\/wp\/v2\/categories?post=56453"},{"taxonomy":"post_tag","embeddable":true,"href":"https:\/\/www.europesays.com\/fi\/wp-json\/wp\/v2\/tags?post=56453"}],"curies":[{"name":"wp","href":"https:\/\/api.w.org\/{rel}","templated":true}]}}