{"id":56600,"date":"2025-10-08T22:12:09","date_gmt":"2025-10-08T22:12:09","guid":{"rendered":"https:\/\/www.europesays.com\/fi\/56600\/"},"modified":"2025-10-08T22:12:09","modified_gmt":"2025-10-08T22:12:09","slug":"diandran-suuri-unelma-toteutui-elamani-biisi-ohjelmassa","status":"publish","type":"post","link":"https:\/\/www.europesays.com\/fi\/56600\/","title":{"rendered":"Diandran suuri unelma toteutui El\u00e4m\u00e4ni biisi -ohjelmassa"},"content":{"rendered":"<p>Diandra sai esitt\u00e4\u00e4 haaveilemansa kappaleen El\u00e4m\u00e4ni biisiss\u00e4.<\/p>\n<p><img decoding=\"async\" class=\"image image-show image-preview\" src=\"https:\/\/www.europesays.com\/fi\/wp-content\/uploads\/2025\/10\/31f5079e05c4ed323f67e72545908bbbdd273e704efc32f9aa388b5cb72da7a2.jpg\" alt=\"\"\/><img decoding=\"async\" class=\"image image-show\" src=\"https:\/\/www.europesays.com\/fi\/wp-content\/uploads\/2025\/10\/1759961529_887_31f5079e05c4ed323f67e72545908bbbdd273e704efc32f9aa388b5cb72da7a2.jpg\" alt=\"\"\/><\/p>\n<p>Diandra lauloi El\u00e4m\u00e4ni biisi -ohjelmassa Bon Jovia. PASI LIESIMAA<\/p>\n<p class=\"paragraph\">Katsojien rakastamaa El\u00e4m\u00e4ni biisi -ohjelmaa t\u00e4hditt\u00e4v\u00e4 laulaja <a href=\"https:\/\/www.iltalehti.fi\/henkilot\/Diandra\" class=\"article-link-person-page\" rel=\"nofollow noopener\" target=\"_blank\">Diandra<\/a> sai toteuttaa lauantai-iltana yhden unelmansa suorassa l\u00e4hetyksess\u00e4.<\/p>\n<p class=\"paragraph\">Diandra esitti lauantain l\u00e4hetyksess\u00e4 Bon Jovin kappaleen You Give Love a Bad Name. Kyseess\u00e4 oli show-tuottaja <strong>Matti Myllyahon<\/strong> valitsema kappale. Muut illan vieraat olivat kirjailijat <a href=\"https:\/\/www.iltalehti.fi\/henkilot\/Aulikki Oksanen\" class=\"article-link-person-page\" rel=\"nofollow noopener\" target=\"_blank\">Aulikki Oksanen<\/a> ja <a href=\"https:\/\/www.iltalehti.fi\/henkilot\/Reijo M\u00e4ki\" class=\"article-link-person-page\" rel=\"nofollow noopener\" target=\"_blank\">Reijo M\u00e4ki<\/a>, pappi <strong>Leena Huovinen<\/strong> sek\u00e4 ohjaaja <a href=\"https:\/\/www.iltalehti.fi\/henkilot\/Miia Tervo\" class=\"article-link-person-page\" rel=\"nofollow noopener\" target=\"_blank\">Miia Tervo<\/a>.<\/p>\n<p class=\"paragraph\">Voit k\u00e4yd\u00e4 katsomassa Diandran esityksen <a href=\"https:\/\/areena.yle.fi\/1-76315089?utm_medium=social&amp;utm_campaign=areena-web-share&amp;utm_source=copy-link-share\" target=\"_blank\" rel=\"noopener nofollow\">t\u00e4\u00e4lt\u00e4<\/a>.<\/p>\n<p class=\"paragraph\">\u2013 Hei kiitos ihan hirve\u00e4sti kaikista kommenteista ja viesteist\u00e4, joita olen saanut eilisest\u00e4 El\u00e4m\u00e4ni biisi -esityksest\u00e4, Diandra kiitteli viikonloppuna <a href=\"https:\/\/www.instagram.com\/p\/DPcKYr8ihMW\/?img_index=1\" target=\"_blank\" rel=\"noopener nofollow\">Instagram<\/a>-tarinoissaan.<\/p>\n<p class=\"paragraph\">Instagram-tarinat ovat katsottavissa 24 tuntia julkaisuhetkest\u00e4.<\/p>\n<p class=\"paragraph\">Diandra kuvailee El\u00e4m\u00e4ni biisi -esityst\u00e4\u00e4n yhdeksi kivoimmista ja riemukkaimmista esityksist\u00e4 koko urallaan. Diandra on ainoa solisti, joka on ollut mukana ohjelman jokaisella tuotantokaudella.<\/p>\n<p class=\"paragraph\">Myllyahon el\u00e4m\u00e4n biisi on ollut Diandran unelma jo pitk\u00e4\u00e4n.<\/p>\n<p class=\"paragraph\">\u2013 Tuo on ollut salainen haaveeni toisesta tuotantokaudesta l\u00e4htien, ett\u00e4 joku toisi tuon kappaleen ohjelmaan, Diandra paljasti Instagramissa.<\/p>\n<p class=\"paragraph\">\u2013 Ihana Matti toi sen ja p\u00e4\u00e4sin esitt\u00e4m\u00e4\u00e4n sen. Se oli niin parasta ja ihanaa! laulaja hehkuttaa.<\/p>\n<p class=\"paragraph\">Diandran esitys ker\u00e4si heti viikonloppuna j\u00e4risytt\u00e4v\u00e4n m\u00e4\u00e4r\u00e4n kehuja. Kehukimara jatkui my\u00f6s sunnuntaina Diandran Instagram-julkaisun kommenttikent\u00e4ss\u00e4.<\/p>\n<p class=\"paragraph\">\u2013 Oli yksi parhaimmista esityksist\u00e4! Kolmesti Bon Jovin keikalla olleena, t\u00e4\u00e4 oli kova! Er\u00e4s kommentoija ylist\u00e4\u00e4.<\/p>\n<p class=\"paragraph\">\u2013 Sun \u00e4\u00e4ni ei tunne rajoja. Toiset laulaa sen, mink\u00e4 osaavat \u2013 s\u00e4 laulat sen, mit\u00e4 tunnet, toinen jatkaa.<\/p>\n<p class=\"paragraph\">\u2013 Aivan uskomattoman upea veto, kolmas hehkuttaa.<\/p>\n<p class=\"paragraph\">El\u00e4m\u00e4ni biisi -ohjelma lauantaisi kello 21 Yle TV1 -kanavalla. <a href=\"https:\/\/www.iltalehti.fi\/telkku\" rel=\"nofollow noopener\" target=\"_blank\">Katso kaikki ohjelmatiedot ja l\u00e4hetysajat Telkusta.<\/a><\/p>\n<p><script async src=\"\/\/www.instagram.com\/embed.js\"><\/script><\/p>\n","protected":false},"excerpt":{"rendered":"Diandra sai esitt\u00e4\u00e4 haaveilemansa kappaleen El\u00e4m\u00e4ni biisiss\u00e4. Diandra lauloi El\u00e4m\u00e4ni biisi -ohjelmassa Bon Jovia. PASI LIESIMAA Katsojien rakastamaa&hellip;\n","protected":false},"author":2,"featured_media":56601,"comment_status":"","ping_status":"","sticky":false,"template":"","format":"standard","meta":{"footnotes":""},"categories":[133],"tags":[35,138,137,33,31,30,47,141,32,484,206,140,156,109],"class_list":{"0":"post-56600","1":"post","2":"type-post","3":"status-publish","4":"format-standard","5":"has-post-thumbnail","7":"category-televisiot","8":"tag-24h","9":"tag-audio","10":"tag-entertainment","11":"tag-fi","12":"tag-finland","13":"tag-finnish","14":"tag-musiikki","15":"tag-muusikot-bandit","16":"tag-suomi","17":"tag-taiteellinen-ilmaisu-ja-mediat","18":"tag-televisiot","19":"tag-tv-ja-elokuvat","20":"tag-tv","21":"tag-viihde"},"share_on_mastodon":{"url":"","error":""},"_links":{"self":[{"href":"https:\/\/www.europesays.com\/fi\/wp-json\/wp\/v2\/posts\/56600","targetHints":{"allow":["GET"]}}],"collection":[{"href":"https:\/\/www.europesays.com\/fi\/wp-json\/wp\/v2\/posts"}],"about":[{"href":"https:\/\/www.europesays.com\/fi\/wp-json\/wp\/v2\/types\/post"}],"author":[{"embeddable":true,"href":"https:\/\/www.europesays.com\/fi\/wp-json\/wp\/v2\/users\/2"}],"replies":[{"embeddable":true,"href":"https:\/\/www.europesays.com\/fi\/wp-json\/wp\/v2\/comments?post=56600"}],"version-history":[{"count":0,"href":"https:\/\/www.europesays.com\/fi\/wp-json\/wp\/v2\/posts\/56600\/revisions"}],"wp:featuredmedia":[{"embeddable":true,"href":"https:\/\/www.europesays.com\/fi\/wp-json\/wp\/v2\/media\/56601"}],"wp:attachment":[{"href":"https:\/\/www.europesays.com\/fi\/wp-json\/wp\/v2\/media?parent=56600"}],"wp:term":[{"taxonomy":"category","embeddable":true,"href":"https:\/\/www.europesays.com\/fi\/wp-json\/wp\/v2\/categories?post=56600"},{"taxonomy":"post_tag","embeddable":true,"href":"https:\/\/www.europesays.com\/fi\/wp-json\/wp\/v2\/tags?post=56600"}],"curies":[{"name":"wp","href":"https:\/\/api.w.org\/{rel}","templated":true}]}}