{"id":56636,"date":"2025-10-08T23:12:22","date_gmt":"2025-10-08T23:12:22","guid":{"rendered":"https:\/\/www.europesays.com\/fi\/56636\/"},"modified":"2025-10-08T23:12:22","modified_gmt":"2025-10-08T23:12:22","slug":"yksi-syy-saa-monet-karttamaan-porssisahkoa","status":"publish","type":"post","link":"https:\/\/www.europesays.com\/fi\/56636\/","title":{"rendered":"Yksi syy saa monet karttamaan p\u00f6rssis\u00e4hk\u00f6\u00e4"},"content":{"rendered":"<p class=\"ai-optimize-6 ai-optimize-introduction\">Yli puolet (53 prosenttia) suomalaisista ei ole edes harkinnut p\u00f6rssis\u00e4hk\u00f6sopimusta. Tulos k\u00e4y ilmi s\u00e4hk\u00f6yhti\u00f6 Vattenfallin teett\u00e4m\u00e4st\u00e4 tutkimuksesta.<\/p>\n<p class=\"ai-optimize-7\">\u2013 T\u00e4m\u00e4 on yll\u00e4tt\u00e4v\u00e4n suuri luku. Suomalaiset ovat jakautuneet k\u00e4yt\u00e4nn\u00f6ss\u00e4 l\u00e4hes kahtia kiinte\u00e4hintaisen ja p\u00f6rssis\u00e4hk\u00f6n kannattajiin, toteaa Vattenfallin liiketoimintajohtaja <strong>Taija Sj\u00f6blom<\/strong> tiedotteessa.<\/p>\n<p class=\"ai-optimize-8\">Vaikka <a href=\"https:\/\/www.verkkouutiset.fi\/a\/tama-sahkosopimus-on-lahes-aina-halvin-ekonomisti-kumoaa-yleisen-harhaluulon\/\" target=\"_blank\" rel=\"noopener nofollow\">p\u00f6rssis\u00e4hk\u00f6 on pitk\u00e4ll\u00e4 aikav\u00e4lill\u00e4 halvin sopimusmuoto<\/a>, monet karttavat sit\u00e4. P\u00f6rssis\u00e4hk\u00f6\u00f6n kielteisesti suhtautuvat ilmoittavat suurimmaksi syyksi sen, ett\u00e4 p\u00f6rssis\u00e4hk\u00f6 ei sovi omaan el\u00e4m\u00e4ntilanteeseen.<\/p>\n<p class=\"ai-optimize-9\">\u2013 Hintavaihtelut huolettavat, eik\u00e4 arjessa ole aikaa seurata hintoja tai mahdollisuutta ajoittaa kulutusta s\u00e4hk\u00f6n hintojen mukaan, kuvailee Sj\u00f6blom kyselyss\u00e4 esiin nousseita syit\u00e4.<\/p>\n<p class=\"ai-optimize-10\">Tutkimuksen mukaan yli puolet suomalaisista (56 prosenttia) kokee, ett\u00e4 oma el\u00e4m\u00e4ntilanne onkin ratkaiseva tekij\u00e4 s\u00e4hk\u00f6sopimuksen valinnassa. Etenkin kiireiset lapsiperheet ja el\u00e4kel\u00e4iset ilmoittavat arvostavansa s\u00e4hk\u00f6sopimuksissaan ennustettavuutta. Lis\u00e4ksi sukupuolten v\u00e4lill\u00e4 on eroa: El\u00e4m\u00e4ntilanne m\u00e4\u00e4ritt\u00e4\u00e4 s\u00e4hk\u00f6sopimustyypin 61 prosentille naisista, kun miehist\u00e4 n\u00e4in vastaa vain 51 prosenttia.<\/p>\n<p class=\"ai-optimize-11\">Suomalaiset kaipaavat s\u00e4hk\u00f6sopimuksiltaan my\u00f6s entist\u00e4 enemm\u00e4n yksil\u00f6llisyytt\u00e4 ja joustavuutta.<\/p>\n<p class=\"ai-optimize-12\">\u2013 S\u00e4hk\u00f6sopimuksen halutaan mukautuvan kodin, arjen tapahtumien ja el\u00e4m\u00e4ntilanteen mukaan \u2013 ei p\u00e4invastoin. Entist\u00e4 personoidummat, joustavat s\u00e4hk\u00f6sopimukset ovat nouseva trendi Suomessa, toteaa Sj\u00f6blom.<\/p>\n<p class=\"ai-optimize-13\">Monella s\u00e4hk\u00f6yhti\u00f6ll\u00e4 on jo palvelu, jossa oman p\u00f6rssis\u00e4hk\u00f6sopimuksen voi vaihtaa seuraavan kuukauden ajaksi kiinte\u00e4hintaiseksi sopimukseksi.<\/p>\n<p class=\"ai-optimize-14\">\u2013 Tutkimuksen mukaan p\u00e4\u00e4t\u00f6kseen vaikuttaa hinnan ohella etenkin vuodenaika sek\u00e4 arjen tapahtumat kuten juhlapyh\u00e4t ja lomamatkat, selvent\u00e4\u00e4 Sj\u00f6blom.<\/p>\n<p class=\"ai-optimize-15\">Tutkimuksen toteutti Iro Research ja siiten vastasi tuhat suomalaista. Otos edustaa valtakunnallisesti yli 18-vuotiaita suomalaisia. Vastaukset ker\u00e4ttiin 16. \u2013 24. syyskuuta 2025.<\/p>\n<p class=\"ai-optimize-16\"><strong>LUE MY\u00d6S:<\/strong><br \/><a href=\"https:\/\/www.verkkouutiset.fi\/a\/tama-sahkosopimus-on-lahes-aina-halvin-ekonomisti-kumoaa-yleisen-harhaluulon\/\" target=\"_blank\" rel=\"noopener nofollow\">T\u00e4m\u00e4 s\u00e4hk\u00f6sopimus on l\u00e4hes aina halvin \u2013 ekonomisti kumoaa yleisen harhaluulon<\/a><\/p>\n<p class=\"ai-optimize-18\"><a href=\"https:\/\/www.verkkouutiset.fi\/a\/arsyttavatko-porssisahkon-poukkoilevat-hinnat-nain-halvalla-sopimuksia-nyt-saa\/\" target=\"_blank\" rel=\"noopener nofollow\">\u00c4rsytt\u00e4v\u00e4tk\u00f6 p\u00f6rssis\u00e4hk\u00f6n poukkoilevat hinnat? N\u00e4in halvalla sopimuksia nyt saa<\/a><\/p>\n<p class=\"ai-optimize-19\"><a href=\"https:\/\/www.verkkouutiset.fi\/a\/nain-helposti-voit-pienentaa-sahkolaskuasi-harva-hyodyntaa-tehokasta-keinoa\/\" target=\"_blank\" rel=\"noopener nofollow\">N\u00e4in helposti voit pienent\u00e4\u00e4 s\u00e4hk\u00f6laskuasi, harva hy\u00f6dynt\u00e4\u00e4 tehokasta keinoa<\/a><\/p>\n<p class=\"ai-optimize-20\"><a href=\"https:\/\/www.verkkouutiset.fi\/a\/nain-pienennat-sahkolaskua-selvitimme-kodin-pahimmat-energiasyopot\/\" target=\"_blank\" rel=\"noopener nofollow\">N\u00e4in pienenn\u00e4t s\u00e4hk\u00f6laskua: Selvitimme kodin pahimmat energiasy\u00f6p\u00f6t<\/a><\/p>\n<p>Poimintoja videosis\u00e4ll\u00f6ist\u00e4mme<\/p>\n","protected":false},"excerpt":{"rendered":"Yli puolet (53 prosenttia) suomalaisista ei ole edes harkinnut p\u00f6rssis\u00e4hk\u00f6sopimusta. Tulos k\u00e4y ilmi s\u00e4hk\u00f6yhti\u00f6 Vattenfallin teett\u00e4m\u00e4st\u00e4 tutkimuksesta. \u2013&hellip;\n","protected":false},"author":2,"featured_media":56637,"comment_status":"","ping_status":"","sticky":false,"template":"","format":"standard","meta":{"footnotes":""},"categories":[76],"tags":[542,79,77,2038,33,31,30,2007,32,78],"class_list":{"0":"post-56636","1":"post","2":"type-post","3":"status-publish","4":"format-standard","5":"has-post-thumbnail","7":"category-talous","8":"tag-asuminen","9":"tag-business","10":"tag-economy","11":"tag-energia","12":"tag-fi","13":"tag-finland","14":"tag-finnish","15":"tag-sahko","16":"tag-suomi","17":"tag-talous"},"share_on_mastodon":{"url":"","error":""},"_links":{"self":[{"href":"https:\/\/www.europesays.com\/fi\/wp-json\/wp\/v2\/posts\/56636","targetHints":{"allow":["GET"]}}],"collection":[{"href":"https:\/\/www.europesays.com\/fi\/wp-json\/wp\/v2\/posts"}],"about":[{"href":"https:\/\/www.europesays.com\/fi\/wp-json\/wp\/v2\/types\/post"}],"author":[{"embeddable":true,"href":"https:\/\/www.europesays.com\/fi\/wp-json\/wp\/v2\/users\/2"}],"replies":[{"embeddable":true,"href":"https:\/\/www.europesays.com\/fi\/wp-json\/wp\/v2\/comments?post=56636"}],"version-history":[{"count":0,"href":"https:\/\/www.europesays.com\/fi\/wp-json\/wp\/v2\/posts\/56636\/revisions"}],"wp:featuredmedia":[{"embeddable":true,"href":"https:\/\/www.europesays.com\/fi\/wp-json\/wp\/v2\/media\/56637"}],"wp:attachment":[{"href":"https:\/\/www.europesays.com\/fi\/wp-json\/wp\/v2\/media?parent=56636"}],"wp:term":[{"taxonomy":"category","embeddable":true,"href":"https:\/\/www.europesays.com\/fi\/wp-json\/wp\/v2\/categories?post=56636"},{"taxonomy":"post_tag","embeddable":true,"href":"https:\/\/www.europesays.com\/fi\/wp-json\/wp\/v2\/tags?post=56636"}],"curies":[{"name":"wp","href":"https:\/\/api.w.org\/{rel}","templated":true}]}}