{"id":56661,"date":"2025-10-09T00:00:10","date_gmt":"2025-10-09T00:00:10","guid":{"rendered":"https:\/\/www.europesays.com\/fi\/56661\/"},"modified":"2025-10-09T00:00:10","modified_gmt":"2025-10-09T00:00:10","slug":"olympiapaikkojen-jako-tyrmistytti-suomen-paavalmentajan-voittajaehdokkaita-ulos-viestissa-kahdeksan-joukkuetta-urheilu","status":"publish","type":"post","link":"https:\/\/www.europesays.com\/fi\/56661\/","title":{"rendered":"Olympiapaikkojen jako tyrmistytti Suomen p\u00e4\u00e4valmentajan \u2013 \u201dVoittajaehdokkaita ulos, viestiss\u00e4 kahdeksan joukkuetta\u201d | Urheilu"},"content":{"rendered":"<p>Juttu tiivistettyn\u00e4<\/p>\n<ul class=\"aw-1jjocuh iJTSwP yle__article__list yle__article__list--ul\">\n<li class=\"aw-1j7gwms kUeLji\">Milanon talviolympiakisoissa miesten 4&#215;7,5 kilometrin viestiss\u00e4 saattaa olla vain kahdeksan joukkuetta, mik\u00e4 on hyvin poikkeuksellista.<\/li>\n<li class=\"aw-1j7gwms kUeLji\">Miesten hiihdossa yksik\u00e4\u00e4n maa, edes Norja, ei saanut t\u00e4ytt\u00e4 kahdeksan hiiht\u00e4j\u00e4n kiinti\u00f6t\u00e4 kisoihin.<\/li>\n<li class=\"aw-1j7gwms kUeLji\">Suomen p\u00e4\u00e4valmentaja Teemu Pasanen suhtautuu kiinti\u00f6j\u00e4rjestelm\u00e4\u00e4n eritt\u00e4in kriittisesti.<\/li>\n<li class=\"aw-1j7gwms kUeLji\">T\u00e4m\u00e4 on teko\u00e4lyn avulla tuotettu, toimittajan tarkistama tiivistelm\u00e4.<\/li>\n<\/ul>\n<p class=\"aw-1gybjub aw-1p7kakr cmIuaG fmSRng yle__article__paragraph\">Kun Milanon talviolympiakisojen hiihtokilpailut ovat Val di Fiemmess\u00e4 edenneet <a class=\"aw-iao6s4 iHOxEa yle__article__link\" href=\"https:\/\/www.olympics.com\/en\/news\/milano-cortina-2026-complete-cross-country-skiing-schedule-register-to-see-your-favourite-cross-country-skiers-at-the-games\" role=\"link\" rel=\"nofollow noopener\" target=\"_blank\">seitsem\u00e4nteen kilpailup\u00e4iv\u00e4\u00e4ns\u00e4<\/a>, sunnuntaihin 15. helmikuuta ja miesten 4&#215;7,5 kilometrin viestiin, Lago di Teseron hiihtostadionilla n\u00e4hd\u00e4\u00e4n jotain, mik\u00e4 ei todellakaan lajia mairittele.<\/p>\n<p class=\"aw-1gybjub aw-1p7kakr cmIuaG fmSRng yle__article__paragraph\">\u2013 Teoriassa viivalla voi olla 10 joukkuetta, mutta ei tarvita kuin pari sairastumista, m\u00e4\u00e4r\u00e4 j\u00e4\u00e4 kahdeksaan, kuvaa Suomen p\u00e4\u00e4valmentaja <strong class=\"aw-ak79eh KyCXm yle__article__strong\">Teemu<\/strong> <strong class=\"aw-ak79eh KyCXm yle__article__strong\">Pasanen<\/strong> lajin modernin historian ajalta ainutlaatuista tilannetta.<\/p>\n<p class=\"aw-1gybjub aw-1p7kakr cmIuaG fmSRng yle__article__paragraph\">Vuosina 2006\u20132022 miesten silloin viel\u00e4 4&#215;10 kilometrin mittaiseen olympiaviestiin osallistui 16, 14, 16, 14 ja 15 maata.<\/p>\n<p class=\"aw-1gybjub aw-1p7kakr cmIuaG fmSRng yle__article__paragraph\">P\u00e4iv\u00e4\u00e4 ennen miesten viesti\u00e4 naiset hiiht\u00e4v\u00e4t oman 4&#215;7,5 kilometrin viestins\u00e4.<\/p>\n<p class=\"aw-1gybjub aw-1p7kakr cmIuaG fmSRng yle__article__paragraph\">\u2013 Joukkueita saattaa olla jopa 15 eli sik\u00e4li hyvin erikoinen kontrasti, Pasanen kommentoi miesten maajoukkueen harjoitusleirilt\u00e4 It\u00e4vallan Ramsausta.<\/p>\n<p>Monimutkainen karsintasysteemi<\/p>\n<p class=\"aw-1gybjub aw-1p7kakr cmIuaG fmSRng yle__article__paragraph\">Erikoisuuden takana on Milanon olympiahiihtojen monimutkainen <a class=\"aw-iao6s4 iHOxEa yle__article__link\" href=\"https:\/\/stillmed.olympics.com\/media\/Documents\/Olympic-Games\/Milano-Cortina-2026\/qualification-system\/Qualification-System-for-Cross-Country-Skiing.pdf\" role=\"link\" rel=\"nofollow noopener\" target=\"_blank\">karsintaj\u00e4rjestelm\u00e4<\/a>. Sen ymm\u00e4rt\u00e4minen vaatii korkean tekniikan alan koulutuksen saaneen p\u00e4\u00e4valmentajankin mukaan \u201drunsaasti insin\u00f6\u00f6ritaitoa\u201d.<\/p>\n<p class=\"aw-1gybjub aw-1p7kakr cmIuaG fmSRng yle__article__paragraph\">Sek\u00e4 miehille ett\u00e4 naisille on jaossa 144 quota- eli kiinti\u00f6paikkaa, jotka jaetaan niin kutsutun olympiarankingin mukaisesti. Siihen ker\u00e4ttiin viime kaudella pisteit\u00e4 maailmancupista, Trondheimin MM-kisoista ja nuorten MM-kisoista.<\/p>\n<p><img decoding=\"async\" alt=\"Norjalaiset Martin L\u00f6wstr\u00f6m Nyenget (vas.), Jan Thomas Jenssen (kesk.) ja Harald \u00d6stberg Amundsen (oik.) ratkoivat hime\u00e4mm\u00e4t mitalit maanmiehens\u00e4 Johannes H\u00f6sflot Kl\u00e4bon voittamassa miesten skiathlonissa.\" src=\"https:\/\/www.europesays.com\/fi\/wp-content\/uploads\/2025\/10\/39-143012367c5cbed7e3eb.jpeg\" loading=\"lazy\" class=\"aw-1l9m598 hKVVvP\"\/><\/p>\n<p>Avaa kuvien katselu<\/p>\n<p>Martin L\u00f6wstr\u00f6m Nyenget (vas.), Jan Thomas Jenssen ja Harald \u00d6stberg Amundsen k\u00e4viv\u00e4t n\u00e4in tiukan taistelun hopeasta ja pronssista Trondheimin MM-skiathlonissa viime talvena. Suomessa jokaisen olympiavalinta olisi kirkossa kuulutettu, Norjassa ei todellakaan. Kuva: Christophe Pallot\/Agence Zoom\/Getty Images<\/p>\n<p class=\"aw-1gybjub aw-1p7kakr cmIuaG fmSRng yle__article__paragraph\">\u2013 Se on hieman eri asia kuin maiden v\u00e4linen Nations Cup, joka lasketaan maailmancupin pisteist\u00e4. P\u00e4\u00e4periaate on se, ett\u00e4 jokainen olympiarankingissa pisteit\u00e4 ottanut maa saa v\u00e4hint\u00e4\u00e4n yhden paikan Milanoon. Ja kun t\u00e4llaisia maita miehiss\u00e4 on se vajaa 70, niin aivan valtava osa kaikista kiinti\u00f6paikoista on sen kautta jo mennyt, Pasanen selvent\u00e4\u00e4.<\/p>\n<p class=\"aw-1gybjub aw-1p7kakr cmIuaG fmSRng yle__article__paragraph\">Maksimipaikkam\u00e4\u00e4r\u00e4 sukupuolta kohti on kahdeksan, mutta yksik\u00e4\u00e4n maa ei saavuttanut olympiarankingista miesten hiihtoon kuin enint\u00e4\u00e4n seitsem\u00e4n paikkaa. T\u00e4m\u00e4n m\u00e4\u00e4r\u00e4n saavuttivat Norja, Ruotsi, Suomi, Ranska ja USA. Kuutta paikkaa ei osunut yhdellek\u00e4\u00e4n maalle. Viisi paikkaa saivat Sveitsi, Italia, Saksa ja Tshekki. Lis\u00e4ksi Kanadalle my\u00f6nnettiin nelj\u00e4 paikkaa. Eli vain n\u00e4m\u00e4 maat voivat edes teoriassa osallistua miesten neliosuuksiseen olympiaviestiin.<\/p>\n<p class=\"aw-1gybjub aw-1p7kakr cmIuaG fmSRng yle__article__paragraph\">Naisten hiihtoon kaikki huippumaat, kuten Suomi, saivat t\u00e4ydet kahdeksan paikkaa, koska olympiarankingin kautta yhden edustajan maita tuli mukaan huomattavasti v\u00e4hemm\u00e4n kuin miehiss\u00e4 ja paikkoja riitti.<\/p>\n<p class=\"aw-1gybjub aw-1p7kakr cmIuaG fmSRng yle__article__paragraph\">\u2013 Jos yhden paikan maita j\u00e4\u00e4 ulos kisoista tammikuun lopullisessa paikkajaossa, tilanne voi viel\u00e4 v\u00e4h\u00e4n el\u00e4\u00e4, mutta sen varaan en laskisi mit\u00e4\u00e4n. Siin\u00e4 tilanteessa saisimme 8. paikan Norjan, Ruotsin ja Ranskan j\u00e4lkeen nelj\u00e4nten\u00e4, kertoo Pasanen.<\/p>\n<p>Ei voi ymm\u00e4rt\u00e4\u00e4<\/p>\n<p class=\"aw-1gybjub aw-1p7kakr cmIuaG fmSRng yle__article__paragraph\">P\u00e4\u00e4valmentaja my\u00f6nt\u00e4\u00e4 suoraan, ettei voi ymm\u00e4rt\u00e4\u00e4 tilannetta. Nykyinen kiinti\u00f6j\u00e4rjestelm\u00e4 oli k\u00e4yt\u00f6ss\u00e4 ensimm\u00e4isen 2022 Pekingin olympiakisoissa, joihin Suomi sai vain kuusi mieshiiht\u00e4j\u00e4\u00e4.<\/p>\n<p><img decoding=\"async\" alt=\"Teemu Pasanen iloisena varmistuneen viestihopean j\u00e4lkeen.\" src=\"https:\/\/www.europesays.com\/fi\/wp-content\/uploads\/2025\/10\/39-10807416401ff8aa1e29.jpeg\" loading=\"lazy\" class=\"aw-1l9m598 hKVVvP\"\/><\/p>\n<p>Avaa kuvien katselu<\/p>\n<p>P\u00e4\u00e4valmentaja Teemu Pasanen on tiukassa paikassa, kun valitsee Suomen mieshiiht\u00e4jist\u00e4 ne, joiden valintaa esitt\u00e4\u00e4 Olympiakomitealle. Hyvi\u00e4 hiiht\u00e4ji\u00e4 j\u00e4\u00e4 t\u00e4ll\u00e4 kertaa runsaasti ulos. Kuva: Tomi H\u00e4nninen &#8211; Chilipictures<\/p>\n<p class=\"aw-1gybjub aw-1p7kakr cmIuaG fmSRng yle__article__paragraph\">\u2013 Kyll\u00e4 olympiakisoissa pit\u00e4\u00e4 olla niin suuri urheilijakiinti\u00f6, ett\u00e4 parhaat maat saavat my\u00f6s parhaat hiiht\u00e4j\u00e4ns\u00e4 mukaan, vaikka kisoihin haluttaisiin kaikki pikkumaatkin.<\/p>\n<p class=\"aw-1gybjub aw-1p7kakr cmIuaG fmSRng yle__article__paragraph\">Kiinti\u00f6lt\u00e4\u00e4n v\u00e4ljemmiss\u00e4 MM-kisoissa Suomea on s\u00e4\u00e4nn\u00f6nmukaisesti edustanut 9-11 mieshiiht\u00e4j\u00e4\u00e4.<\/p>\n<p class=\"aw-1gybjub aw-1p7kakr cmIuaG fmSRng yle__article__paragraph\">Suomen arvokisavalinnat ovat viime vuosina olleet p\u00e4\u00e4s\u00e4\u00e4nt\u00f6isesti melko kivuttomia, mutta t\u00e4ll\u00e4 kertaa on toinen \u00e4\u00e4ni kellossa. <a class=\"aw-iao6s4 iHOxEa yle__article__link\" href=\"https:\/\/hiihtoliitto.fi\/huippu-urheilu\/xcteamfin\/\" role=\"link\" rel=\"nofollow noopener\" target=\"_blank\">Miesten maajoukkueeseen <\/a>kuuluu 11 hiiht\u00e4j\u00e4\u00e4, joiden lis\u00e4ksi olympiakisoihin yritet\u00e4\u00e4n my\u00f6s ryhm\u00e4n ulkopuolelta.<\/p>\n<p class=\"aw-1gybjub aw-1p7kakr cmIuaG fmSRng yle__article__paragraph\">\u2013 Kultamitaleita ei mene, mutta hyvi\u00e4 sijoituksia ja haluttu olympiakokemus j\u00e4\u00e4v\u00e4t saamatta. Olympiakisoihin kuitenkin meilt\u00e4 p\u00e4\u00e4see, jos hiiht\u00e4\u00e4 riitt\u00e4v\u00e4n kovaa, mutta eritt\u00e4in hyvi\u00e4 hiiht\u00e4ji\u00e4 j\u00e4\u00e4 ilman muuta uloskin, p\u00e4\u00e4valmentaja toteaa.<\/p>\n<p>Ei kadehdi norjalaiskollegoita<\/p>\n<p class=\"aw-1gybjub aw-1p7kakr cmIuaG fmSRng yle__article__paragraph\">Naisten maajoukkueessa vastuuvalmentaja <strong class=\"aw-ak79eh KyCXm yle__article__strong\">Reijo Jylh\u00e4n<\/strong> tilanne on yksinkertaisempi, sill\u00e4 nykyisest\u00e4 kahdeksan urheilijan A-maajoukkueesta k\u00e4yt\u00e4nn\u00f6ss\u00e4 vain yksi putoaa olympiakisoista, kun maajoukkueen ulkopuolella harjoitellut t\u00e4htihiiht\u00e4j\u00e4 <strong class=\"aw-ak79eh KyCXm yle__article__strong\">Kerttu Niskanen<\/strong> liittyy kisakaudeksi mukaan.<\/p>\n<p class=\"aw-1gybjub aw-1p7kakr cmIuaG fmSRng yle__article__paragraph\">Pasanen muistuttaa, ett\u00e4 viel\u00e4 paljon tukalammassa raossa ovat h\u00e4nen norjalaiset kollegansa, miesten maajoukkuevalmentajat <strong class=\"aw-ak79eh KyCXm yle__article__strong\">Eirik Myhr Nossum<\/strong> ja <strong class=\"aw-ak79eh KyCXm yle__article__strong\">Arild Monsen<\/strong>. Norjakin saa Val di Fiemmeen vain seitsem\u00e4n miest\u00e4, vaikka <a class=\"aw-iao6s4 iHOxEa yle__article__link\" href=\"https:\/\/www.skiforbundet.no\/langrenn\/landslagene\/menn-elite-2025-2026\/\" role=\"link\" rel=\"nofollow noopener\" target=\"_blank\">voisi l\u00e4hett\u00e4\u00e4<\/a> sinne ainakin 10 mitalitason menij\u00e4\u00e4.<\/p>\n<p class=\"aw-1gybjub aw-1p7kakr cmIuaG fmSRng yle__article__paragraph\">\u2013 Voittajaehdokkaita j\u00e4\u00e4 ulos, siis ihan potentiaalisia olympiavoittajia. Se on raju tilanne. Meill\u00e4 ei sent\u00e4\u00e4n sen tason urheilijoita j\u00e4\u00e4 rannalle, Pasanen huokaisee.<\/p>\n","protected":false},"excerpt":{"rendered":"Juttu tiivistettyn\u00e4 Milanon talviolympiakisoissa miesten 4&#215;7,5 kilometrin viestiss\u00e4 saattaa olla vain kahdeksan joukkuetta, mik\u00e4 on hyvin poikkeuksellista. Miesten&hellip;\n","protected":false},"author":2,"featured_media":56662,"comment_status":"","ping_status":"","sticky":false,"template":"","format":"standard","meta":{"footnotes":""},"categories":[158],"tags":[33,31,30,2095,12269,13427,12224,13429,9932,13426,13425,159,32,13138,13428,160],"class_list":{"0":"post-56661","1":"post","2":"type-post","3":"status-publish","4":"format-standard","5":"has-post-thumbnail","7":"category-urheilu","8":"tag-fi","9":"tag-finland","10":"tag-finnish","11":"tag-hiihto","12":"tag-iivo-niskanen","13":"tag-jasmi-joensuu","14":"tag-kerttu-niskanen","15":"tag-kiintiot","16":"tag-krista-parmakoski","17":"tag-perttu-hyvarinen","18":"tag-ristomatti-hakola","19":"tag-sports","20":"tag-suomi","21":"tag-talviolympialaiset-milano-cortina-2026","22":"tag-teemu-pasanen","23":"tag-urheilu"},"share_on_mastodon":{"url":"","error":""},"_links":{"self":[{"href":"https:\/\/www.europesays.com\/fi\/wp-json\/wp\/v2\/posts\/56661","targetHints":{"allow":["GET"]}}],"collection":[{"href":"https:\/\/www.europesays.com\/fi\/wp-json\/wp\/v2\/posts"}],"about":[{"href":"https:\/\/www.europesays.com\/fi\/wp-json\/wp\/v2\/types\/post"}],"author":[{"embeddable":true,"href":"https:\/\/www.europesays.com\/fi\/wp-json\/wp\/v2\/users\/2"}],"replies":[{"embeddable":true,"href":"https:\/\/www.europesays.com\/fi\/wp-json\/wp\/v2\/comments?post=56661"}],"version-history":[{"count":0,"href":"https:\/\/www.europesays.com\/fi\/wp-json\/wp\/v2\/posts\/56661\/revisions"}],"wp:featuredmedia":[{"embeddable":true,"href":"https:\/\/www.europesays.com\/fi\/wp-json\/wp\/v2\/media\/56662"}],"wp:attachment":[{"href":"https:\/\/www.europesays.com\/fi\/wp-json\/wp\/v2\/media?parent=56661"}],"wp:term":[{"taxonomy":"category","embeddable":true,"href":"https:\/\/www.europesays.com\/fi\/wp-json\/wp\/v2\/categories?post=56661"},{"taxonomy":"post_tag","embeddable":true,"href":"https:\/\/www.europesays.com\/fi\/wp-json\/wp\/v2\/tags?post=56661"}],"curies":[{"name":"wp","href":"https:\/\/api.w.org\/{rel}","templated":true}]}}