{"id":56688,"date":"2025-10-09T00:53:10","date_gmt":"2025-10-09T00:53:10","guid":{"rendered":"https:\/\/www.europesays.com\/fi\/56688\/"},"modified":"2025-10-09T00:53:10","modified_gmt":"2025-10-09T00:53:10","slug":"dolly-parton-naki-karun-kuvan-itsestaan-ja-kollegastaan-naytimme-silta-etta-meidat-pitaisi-haudata","status":"publish","type":"post","link":"https:\/\/www.europesays.com\/fi\/56688\/","title":{"rendered":"Dolly Parton n\u00e4ki karun kuvan itsest\u00e4\u00e4n ja kollegastaan \u2013 \u201dN\u00e4ytimme silt\u00e4, ett\u00e4 meid\u00e4t pit\u00e4isi haudata\u201d"},"content":{"rendered":"<p>Dolly Parton kertoo sosiaalisessa mediassa terveydentilastaan.<\/p>\n<p><img decoding=\"async\" class=\"image image-show image-preview\" src=\"https:\/\/www.europesays.com\/fi\/wp-content\/uploads\/2025\/09\/1e2a379c822bc621a0253aead8a0615467a1efb4811b254ad159237dab34a2b0.jpg\" alt=\"\"\/><img decoding=\"async\" class=\"image image-show\" src=\"https:\/\/www.europesays.com\/fi\/wp-content\/uploads\/2025\/10\/1e2a379c822bc621a0253aead8a0615467a1efb4811b254ad159237dab34a2b0.jpg\" alt=\"\"\/><\/p>\n<p>Dolly Parton ei ole valmis kuolemaan viel\u00e4.  Tammie Arroyo\/Shutterstock<\/p>\n<p class=\"paragraph\">Kantrit\u00e4hti <a href=\"https:\/\/www.iltalehti.fi\/henkilot\/Dolly Parton\" class=\"article-link-person-page\" rel=\"nofollow noopener\" target=\"_blank\">Dolly Partonin<\/a>, 79, terveydentila on her\u00e4tt\u00e4nyt huolta viime aikoina.<\/p>\n<p class=\"paragraph\">Parton perui hiljattain joulukuulle suunnitellut keikkansa Las Vegasissa vedoten terveysongelmiinsa. Keikat on nyt siirretty vuodelle 2026. Parton on kertonut tarvitsevansa \u201dmuutamia toimenpiteit\u00e4 jatkuvien terveyshaasteiden takia\u201d.<\/p>\n<p class=\"paragraph\">Aiemmin Partonin sisko <strong>Freida Parton<\/strong> <a href=\"https:\/\/www.iltalehti.fi\/musiikki\/650590ea-aae6-4e80-ac15-e4c6f6819f03\" rel=\"nofollow noopener\" target=\"_blank\">pyysi faneja rukoilemaan<\/a> kantrit\u00e4hden puolesta.<\/p>\n<p class=\"paragraph\">Nyt Parton on julkaissut sosiaalisessa mediassa videon, jossa h\u00e4n kertoo terveydentilastaan.<\/p>\n<p class=\"paragraph\">\u2013 En ole kuollut viel\u00e4! Parton kirjoittaa videon yhteydess\u00e4.<\/p>\n<p class=\"paragraph\">Jos julkaisu ei n\u00e4y, voit katsoa sen <a href=\"https:\/\/www.instagram.com\/p\/DPjkor7kfeb\/\" rel=\"noopener nofollow\" target=\"_blank\">t\u00e4st\u00e4 linkist\u00e4<\/a>.<\/p>\n<p class=\"paragraph\">Kaksiminuuttinen video on kuvattu studiotiloissa. Parton on ollut kuvaamassa mainosta kantriradiol\u00e4hetys Grand Ole Oprylle.<\/p>\n<p class=\"paragraph\">\u2013 Viime aikoina kaikki ovat ajatelleet, ett\u00e4 olen sairaampi kuin olen. N\u00e4yt\u00e4nk\u00f6 sairaalta? Ty\u00f6skentelen kovaa, Parton sanoo videolla.<\/p>\n<p class=\"paragraph\">Parton sanoo videolla haluavansa rauhoitella faneja. H\u00e4n my\u00f6s kiitt\u00e4\u00e4 saamistaan rukouksista.<\/p>\n<p class=\"paragraph\">\u2013 Haluan teid\u00e4n tiet\u00e4v\u00e4n, ett\u00e4 olen kunnossa.<\/p>\n<p class=\"paragraph\">Parton my\u00f6nt\u00e4\u00e4, ett\u00e4 h\u00e4nell\u00e4 on ollut my\u00f6s huolia. H\u00e4n kertoo, ettei osannut pit\u00e4\u00e4 huolta itsest\u00e4\u00e4n, kun h\u00e4nen aviomiehens\u00e4 <strong>Carl<\/strong> kuoli aiemmin t\u00e4n\u00e4 vuonna. L\u00e4\u00e4k\u00e4rit totesivat Partonille, ett\u00e4 nyt on aika laittaa asiat kuntoon.<\/p>\n<p class=\"paragraph\">\u2013 Kyse ei ollut mist\u00e4\u00e4n isosta. Muutama keikka piti perua, jotta voin olla l\u00e4hemp\u00e4n\u00e4 kotia. Mutta haluan teid\u00e4n tiet\u00e4v\u00e4n, ett\u00e4 en ole kuolemassa, Parton toteaa videolla.<\/p>\n<p class=\"paragraph\">Parton my\u00f6s kommentoi videolla teko\u00e4lykuvaa, jossa h\u00e4n ja kantriartisti Reba McEntire makaavat kuolinvuoteellaan.<\/p>\n<p class=\"paragraph\">\u2013 Me molemmat n\u00e4ytimme silt\u00e4, ett\u00e4 meid\u00e4t pit\u00e4isi haudata, Parton nauraa.<\/p>\n<p class=\"paragraph\">Parton summaa, ett\u00e4 kaikenlaisia huhuja on liikkunut, mutta h\u00e4n on kunnossa.<\/p>\n<p class=\"paragraph\">\u2013 En ole viel\u00e4 valmis kuolemaan, enk\u00e4 usko ett\u00e4 Jumalakaan on saanut viel\u00e4 tarpeekseen minusta.<\/p>\n<p><script async src=\"\/\/www.instagram.com\/embed.js\"><\/script><\/p>\n","protected":false},"excerpt":{"rendered":"Dolly Parton kertoo sosiaalisessa mediassa terveydentilastaan. Dolly Parton ei ole valmis kuolemaan viel\u00e4. Tammie Arroyo\/Shutterstock Kantrit\u00e4hti Dolly Partonin,&hellip;\n","protected":false},"author":2,"featured_media":48236,"comment_status":"","ping_status":"","sticky":false,"template":"","format":"standard","meta":{"footnotes":""},"categories":[130],"tags":[35,138,137,33,31,30,763,47,32,397,484,149,109],"class_list":{"0":"post-56688","1":"post","2":"type-post","3":"status-publish","4":"format-standard","5":"has-post-thumbnail","7":"category-viihde","8":"tag-24h","9":"tag-audio","10":"tag-entertainment","11":"tag-fi","12":"tag-finland","13":"tag-finnish","14":"tag-kulttuuri-ja-viihde","15":"tag-musiikki","16":"tag-suomi","17":"tag-taide","18":"tag-taiteellinen-ilmaisu-ja-mediat","19":"tag-tietojenkasittely-ja-informaatioteknologia","20":"tag-viihde"},"share_on_mastodon":{"url":"","error":""},"_links":{"self":[{"href":"https:\/\/www.europesays.com\/fi\/wp-json\/wp\/v2\/posts\/56688","targetHints":{"allow":["GET"]}}],"collection":[{"href":"https:\/\/www.europesays.com\/fi\/wp-json\/wp\/v2\/posts"}],"about":[{"href":"https:\/\/www.europesays.com\/fi\/wp-json\/wp\/v2\/types\/post"}],"author":[{"embeddable":true,"href":"https:\/\/www.europesays.com\/fi\/wp-json\/wp\/v2\/users\/2"}],"replies":[{"embeddable":true,"href":"https:\/\/www.europesays.com\/fi\/wp-json\/wp\/v2\/comments?post=56688"}],"version-history":[{"count":0,"href":"https:\/\/www.europesays.com\/fi\/wp-json\/wp\/v2\/posts\/56688\/revisions"}],"wp:featuredmedia":[{"embeddable":true,"href":"https:\/\/www.europesays.com\/fi\/wp-json\/wp\/v2\/media\/48236"}],"wp:attachment":[{"href":"https:\/\/www.europesays.com\/fi\/wp-json\/wp\/v2\/media?parent=56688"}],"wp:term":[{"taxonomy":"category","embeddable":true,"href":"https:\/\/www.europesays.com\/fi\/wp-json\/wp\/v2\/categories?post=56688"},{"taxonomy":"post_tag","embeddable":true,"href":"https:\/\/www.europesays.com\/fi\/wp-json\/wp\/v2\/tags?post=56688"}],"curies":[{"name":"wp","href":"https:\/\/api.w.org\/{rel}","templated":true}]}}