{"id":56693,"date":"2025-10-09T00:59:08","date_gmt":"2025-10-09T00:59:08","guid":{"rendered":"https:\/\/www.europesays.com\/fi\/56693\/"},"modified":"2025-10-09T00:59:08","modified_gmt":"2025-10-09T00:59:08","slug":"sopu-suomen-velkajarrusta-lahella-edessa-yli-10-miljardin-sopeutus-2","status":"publish","type":"post","link":"https:\/\/www.europesays.com\/fi\/56693\/","title":{"rendered":"Sopu Suomen \u201dvelkajarrusta\u201d l\u00e4hell\u00e4: Edess\u00e4 yli 10 miljardin sopeutus"},"content":{"rendered":"<p>Jos sopu syntyy, eduskuntapuolueet asettaisivat jo ennen ensi vaaleja yhdess\u00e4 s\u00e4\u00e4st\u00f6tavoitteen seuraavalle vaalikaudelle.<\/p>\n<p>8.10. 22:03<\/p>\n<p>Lue tiivistelm\u00e4<\/p>\n<p>Tiivistelm\u00e4 on teko\u00e4lyn tekem\u00e4 ja ihmisen tarkistama.<\/p>\n<p class=\"article-body mb-nof-24 px-nof-16 sndp-summary-bullet-point-font\">Suurimmat eduskuntapuolueet ovat l\u00e4hell\u00e4 sopua parlamentaarisesta velkajarrusta Suomen julkisen velan v\u00e4hent\u00e4miseksi.<\/p>\n<p class=\"article-body mb-nof-24 px-nof-16 sndp-summary-bullet-point-font\">Mallin mukaan puolueet sopisivat ennen vaaleja seuraavan vaalikauden s\u00e4\u00e4st\u00f6tavoitteesta.<\/p>\n<p class=\"article-body mb-nof-24 px-nof-16 sndp-summary-bullet-point-font\">T\u00e4m\u00e4nhetkisten ennusteiden perusteella seuraavien hallitusten tulisi tasapainottaa julkista taloutta kahden vaalikauden aikana yhteens\u00e4 yli 10 miljardin euron edest\u00e4.<\/p>\n<p class=\"article-body mb-nof-24 px-nof-16\">Suurimmat eduskuntapuolueet ovat p\u00e4\u00e4sseet l\u00e4helle sopua niin sanotusta parlamentaarisesta velkajarrusta, kertovat Helsingin Sanomien l\u00e4hteet. Velkajarru viittaa yhteisiin s\u00e4\u00e4nt\u00f6ihin, joilla puolueet pyrkiv\u00e4t vastaisuudessa pienent\u00e4m\u00e4\u00e4n Suomen julkista velkataakkaa.<\/p>\n<p class=\"article-body mb-nof-24 px-nof-16\">Etenem\u00e4ss\u00e4 on nyt mahdollisesti malli, jossa puolueet sopivat yhdess\u00e4 eduskuntavaalien alla s\u00e4\u00e4st\u00f6tavoitteen nelj\u00e4n vuoden p\u00e4\u00e4h\u00e4n. Puolueet sitoutuisivat tavoitteeseen siis tiet\u00e4m\u00e4tt\u00e4, ovatko ne vaalien j\u00e4lkeen hallituksessa vai oppositiossa.<\/p>\n<p class=\"article-body mb-nof-24 px-nof-16\">Jos sopu syntyy, se voi muuttaa Suomen poliittista kulttuuria pitk\u00e4aikaisesti. T\u00e4m\u00e4nhetkisen arvion mukaan puolueet sitoutuisivat tasapainottamaan julkista taloutta kahden seuraavan vaalikauden aikana v\u00e4hint\u00e4\u00e4n yli 10 miljardin euron edest\u00e4.<\/p>\n<p class=\"article-body mb-nof-24 px-nof-16\">Teknisesti puolueet sopisivat rahoitusasematavoitteesta. Siin\u00e4 m\u00e4\u00e4ritett\u00e4isiin, kuinka suuri niin sanottu velkaa kerrytt\u00e4vien sektoreiden eli valtion, hyvinvointialueiden ja kuntien alij\u00e4\u00e4m\u00e4 saisi enimmill\u00e4\u00e4n olla hallituskauden lopulla. Luvusta voi johtaa eurom\u00e4\u00e4r\u00e4isen s\u00e4\u00e4st\u00f6tavoitteen vaalikaudelle.<\/p>\n<p class=\"article-body mb-nof-24 px-nof-16\">S\u00e4\u00e4st\u00f6tavoite tulisi m\u00e4\u00e4ritt\u00e4\u00e4 niin, ett\u00e4 se t\u00e4ytt\u00e4\u00e4 EU:n v\u00e4himm\u00e4isvaatimukset. Kansallisena lis\u00e4n\u00e4 tulisi lakiin vaatimus siit\u00e4, ettei julkisen talouden alij\u00e4\u00e4m\u00e4 saa milloinkaan ylitt\u00e4\u00e4 2,5:t\u00e4 prosenttia suhteessa bruttokansantuotteeseen.<\/p>\n<p class=\"article-body mb-nof-24 px-nof-16\">Lis\u00e4ksi vuodesta 2031 alkaen julkisen talouden velkasuhteen tulisi supistua keskim\u00e4\u00e4rin v\u00e4hint\u00e4\u00e4n 0,75 prosenttiyksikk\u00f6\u00e4 vuodessa kahdeksan vuoden kaudella. T\u00e4m\u00e4kin reunaehto kirjattaisiin lakiin.<\/p>\n<p class=\"article-body mb-nof-24 px-nof-16\">Tuoreimpiin ennusteisiin perustuvien valtiovarainministeri\u00f6n laskelmien perusteella kolme reunaehtoa tarkoittaisivat, ett\u00e4 seuraavan hallituksen tulisi tasapainottaa taloutta runsaat 6 miljardia euroa ja vuonna 2031 aloittavan hallituksen vajaat 5 miljardia euroa.<\/p>\n<p class=\"article-body mb-nof-24 px-nof-16\">Suomi tavoittelisi ensin EU:n edellytt\u00e4m\u00e4\u00e4 enint\u00e4\u00e4n 60 prosentin velkasuhdetta. Jos se saavutetaan, seuraavaksi tavoiteltaisiin 40 prosentin velkasuhdetta. T\u00e4n\u00e4 vuonna julkinen velka on kasvamassa noin 87 prosenttiin suhteessa bruttokansantuotteeseen.<\/p>\n<p class=\"article-body mb-nof-24 px-nof-16\">Sopu velkajarrusta on nyt mahdollinen, koska laskelmien perusteella kansallinen lis\u00e4vaatimus 0,75 prosenttiyksik\u00f6n velansupistamistahdista ei v\u00e4ltt\u00e4m\u00e4tt\u00e4 pitk\u00e4\u00e4n aikaan kasvattaisi sopeutusvaatimuksia verrattuna EU-s\u00e4\u00e4nt\u00f6ihin. EU-s\u00e4\u00e4nt\u00f6ihin Suomi on joka tapauksessa sitoutunut.<\/p>\n<p class=\"article-body mb-nof-24 px-nof-16\">Neuvottelujen aikaisemmassa vaiheessa oppositiopuolueet pelk\u00e4siv\u00e4t, ett\u00e4 hallituksen haluama kansallinen velkajarru kirist\u00e4isi s\u00e4\u00e4st\u00e4mistahtia entisest\u00e4\u00e4n. EU-s\u00e4\u00e4nt\u00f6jen edellytt\u00e4m\u00e4 s\u00e4\u00e4st\u00f6tahti on tiukka jo sellaisenaan.<\/p>\n<p class=\"article-body mb-nof-24 px-nof-16\">L\u00e4hteiden mukaan nyt on mahdollista, ett\u00e4 ainakin Sdp ja keskusta voivat p\u00e4\u00e4st\u00e4 hallituspuolueiden kanssa sopuun velkajarrusta. Vihreiden ja vasemmistoliiton mukaan saaminen on ep\u00e4varmempaa.<\/p>\n<p class=\"article-body mb-nof-24 px-nof-16\">Kaikki puolueet olisivat joka tapauksessa mukana uudessa parlamentaarisessa ty\u00f6ryhm\u00e4ss\u00e4, joka aloittaisi ty\u00f6ns\u00e4 loppuvuonna.<\/p>\n<p class=\"article-body mb-nof-24 px-nof-16\">\u201dVelkajarrun\u201d valvojana toimisi talouspolitiikan arviointineuvosto. Jos hallitus ei toteuttaisi s\u00e4\u00e4st\u00f6tavoitteita edellytt\u00e4vi\u00e4 toimia, neuvosto voisi per\u00e4\u00e4nkuuluttaa hallitukselta uusia toimia tai vaatia sit\u00e4 selitt\u00e4m\u00e4\u00e4n tavoitteen karkaamista.<\/p>\n<p class=\"article-body mb-nof-24 px-nof-16\">Lakiin tulisi my\u00f6s kirjaus siit\u00e4, ett\u00e4 tavoiteuralta voi poiketa poikkeuksellisissa olosuhteissa.<\/p>\n<p class=\"article-body mb-nof-24 px-nof-16\">On yh\u00e4 mahdollista, ettei sopua velkajarrusta synny. T\u00e4ll\u00f6in hallitus saattaisi vied\u00e4 oman esityksens\u00e4 eduskuntaan jo l\u00e4hiviikkoina. Se on tiukempi kuin nyt p\u00f6yd\u00e4ll\u00e4 oleva ehdotus. Jos esimerkiksi Sdp ja keskusta eiv\u00e4t kuitenkaan sitoudu velkajarruun, sen merkitys voisi j\u00e4\u00e4d\u00e4 v\u00e4h\u00e4iseksi.<\/p>\n","protected":false},"excerpt":{"rendered":"Jos sopu syntyy, eduskuntapuolueet asettaisivat jo ennen ensi vaaleja yhdess\u00e4 s\u00e4\u00e4st\u00f6tavoitteen seuraavalle vaalikaudelle. 8.10. 22:03 Lue tiivistelm\u00e4 Tiivistelm\u00e4&hellip;\n","protected":false},"author":2,"featured_media":56694,"comment_status":"","ping_status":"","sticky":false,"template":"","format":"standard","meta":{"footnotes":""},"categories":[5],"tags":[22,23,26,27,33,31,30,17,24,25,28,29,15,18,21,80,32,19,20,16],"class_list":{"0":"post-56693","1":"post","2":"type-post","3":"status-publish","4":"format-standard","5":"has-post-thumbnail","7":"category-otsikot","8":"tag-breaking-news","9":"tag-breakingnews","10":"tag-featured-news","11":"tag-featurednews","12":"tag-fi","13":"tag-finland","14":"tag-finnish","15":"tag-headlines","16":"tag-latest-news","17":"tag-latestnews","18":"tag-main-news","19":"tag-mainnews","20":"tag-news","21":"tag-otsikot","22":"tag-paauutiset","23":"tag-satakunnan-kansa","24":"tag-suomi","25":"tag-top-stories","26":"tag-topstories","27":"tag-uutiset"},"share_on_mastodon":{"url":"","error":""},"_links":{"self":[{"href":"https:\/\/www.europesays.com\/fi\/wp-json\/wp\/v2\/posts\/56693","targetHints":{"allow":["GET"]}}],"collection":[{"href":"https:\/\/www.europesays.com\/fi\/wp-json\/wp\/v2\/posts"}],"about":[{"href":"https:\/\/www.europesays.com\/fi\/wp-json\/wp\/v2\/types\/post"}],"author":[{"embeddable":true,"href":"https:\/\/www.europesays.com\/fi\/wp-json\/wp\/v2\/users\/2"}],"replies":[{"embeddable":true,"href":"https:\/\/www.europesays.com\/fi\/wp-json\/wp\/v2\/comments?post=56693"}],"version-history":[{"count":0,"href":"https:\/\/www.europesays.com\/fi\/wp-json\/wp\/v2\/posts\/56693\/revisions"}],"wp:featuredmedia":[{"embeddable":true,"href":"https:\/\/www.europesays.com\/fi\/wp-json\/wp\/v2\/media\/56694"}],"wp:attachment":[{"href":"https:\/\/www.europesays.com\/fi\/wp-json\/wp\/v2\/media?parent=56693"}],"wp:term":[{"taxonomy":"category","embeddable":true,"href":"https:\/\/www.europesays.com\/fi\/wp-json\/wp\/v2\/categories?post=56693"},{"taxonomy":"post_tag","embeddable":true,"href":"https:\/\/www.europesays.com\/fi\/wp-json\/wp\/v2\/tags?post=56693"}],"curies":[{"name":"wp","href":"https:\/\/api.w.org\/{rel}","templated":true}]}}