{"id":56713,"date":"2025-10-09T01:49:09","date_gmt":"2025-10-09T01:49:09","guid":{"rendered":"https:\/\/www.europesays.com\/fi\/56713\/"},"modified":"2025-10-09T01:49:09","modified_gmt":"2025-10-09T01:49:09","slug":"eu-parlamentti-tuki-aloitetta-kasvipohjaisia-tuotteita-ei-saisi-markkinoida-burgereina-tai-pihveina-uutissuomalainen","status":"publish","type":"post","link":"https:\/\/www.europesays.com\/fi\/56713\/","title":{"rendered":"EU-parlamentti tuki aloitetta: Kasvipohjaisia tuotteita ei saisi markkinoida burgereina tai pihvein\u00e4 | Uutissuomalainen"},"content":{"rendered":"<p>EU-parlamentti asettui keskiviikkona tukemaan linjausta, jonka mukaan esimerkiksi soijamakkaraa tai kasvisburgeria ei saisi en\u00e4\u00e4 myyd\u00e4 tai markkinoida n\u00e4ill\u00e4 nimill\u00e4.<\/p>\n<p>Parlamentti tuki aloitetta osana maatalouden yksinkertaistamispakettia. P\u00e4\u00e4t\u00f6s syntyi \u00e4\u00e4nin 355\u2013247. Parlamentin tuki ei viel\u00e4 tarkoita, ett\u00e4 s\u00e4\u00e4d\u00f6s astuu voimaan, vaan siit\u00e4 on neuvoteltava seuraavaksi muun muassa j\u00e4senmaiden kanssa.<\/p>\n<p>EU on parhaillaan uudistamassa elintarvikemarkkinoiden yhteist\u00e4 lains\u00e4\u00e4d\u00e4nt\u00f6\u00e4 eli niin sanottua CMO-asetusta. Komission <a href=\"https:\/\/www.euractiv.com\/news\/commission-excludes-steak-sausage-from-crackdown-on-veggie-meat-labelling\/\" rel=\"nofollow noopener\" target=\"_blank\">hein\u00e4kuussa<\/a> antamassa esityksess\u00e4 ehdotetaan, ett\u00e4 29 termi\u00e4, kuten liha tai siivet (wingsit), varattaisiin vain el\u00e4inper\u00e4isille tuotteille.<\/p>\n<p>EU-parlamentin maatalousvaliokunnan syyskuussa hyv\u00e4ksym\u00e4 esitys menee kuitenkin viel\u00e4 pidemm\u00e4lle. Keskiviikkona hyv\u00e4ksytyn linjauksen mukaan sanoja &#8221;pihvi&#8221;, &#8221;leike&#8221;, &#8221;makkara&#8221; tai &#8221;hampurilainen&#8221; saa jatkossa k\u00e4ytt\u00e4\u00e4 vain lihaa sis\u00e4lt\u00e4vist\u00e4 tuotteista. Niit\u00e4 ei saisi my\u00f6sk\u00e4\u00e4n k\u00e4ytt\u00e4\u00e4 solukasvatuksella eli laboratoriossa valmistetuista tuotteista.<\/p>\n<p>EU-parlamentin suurimman ryhm\u00e4n EPP:n ranskalaismepin ja asian esittelij\u00e4n eli raport\u00f6\u00f6rin Celine Imartin mukaan asialla halutaan vahvistaa maanviljelij\u00f6iden asemaa ja lis\u00e4t\u00e4 l\u00e4pin\u00e4kyvyytt\u00e4. H\u00e4nen mukaansa tarkoituksena on tuoda selkeytt\u00e4 kuluttajille.<\/p>\n<p>\u2013\u2009Kaikilla on oikeus sy\u00f6d\u00e4 vaihtoehtoisia proteiinin l\u00e4hteit\u00e4, kuten tofua. Mutta sen kutsuminen lihaksi on harhauttavaa kuluttajalle, h\u00e4n kuvaili ennen \u00e4\u00e4nestyst\u00e4 AFP:lle.<\/p>\n<p>\u00c4\u00e4nestys jakoi parlamenttia, sill\u00e4 edes kaikki mepit Imartin omasta ryhm\u00e4st\u00e4 eiv\u00e4t tukeneet aloitetta.<\/p>\n<p>\t\t\t\t&#8221;T\u00e4h\u00e4nk\u00f6 k\u00e4ytet\u00e4\u00e4n resursseja?&#8221;<\/p>\n<p>Kieltoa ovat ajaneet muun muassa lihateollisuuden lobbarit ja j\u00e4senmaista erityisesti Ranska.<\/p>\n<p>Ymp\u00e4rist\u00f6j\u00e4rjest\u00f6t taas ovat arvostelleet aloitetta ja sanoneet, ett\u00e4 se pikemminkin h\u00e4mment\u00e4\u00e4 kuin auttaa kuluttajia. Niiden mukaan tuotteiden nykyiset nimet auttavat ihmisi\u00e4 ymm\u00e4rt\u00e4m\u00e4\u00e4n paremmin, miten kasvipohjaisia vaihtoehtoja voi k\u00e4ytt\u00e4\u00e4 lihan korvaamiseksi.<\/p>\n<p>Suomalaisen kasvipohjaisen ruuan toimialayhdistyksen Pro Vegen hallituksen puheenjohtaja Niklas Kaskeala pit\u00e4\u00e4 kieltoa ajavien perusteluita huterina.<\/p>\n<p>\u2013\u2009Nykysysteemiss\u00e4kin, jossa puhumme vaikka kasvishampurilaisesta tai vegemakkarasta, kuluttajat tiet\u00e4v\u00e4t kyll\u00e4 tasan tarkkaan, mit\u00e4 he ostavat, h\u00e4n sanoo STT:lle.<\/p>\n<p>Kaskeala viittaa esimerkiksi Euroopan kuluttajaj\u00e4rjest\u00f6n Beucin <a href=\"https:\/\/www.beuc.eu\/sites\/default\/files\/publications\/beuc-x-2020-042_consumers_and_the_transition_to_sustainable_food.pdf\" rel=\"nofollow noopener\" target=\"_blank\">tutkimukseen<\/a>, jonka mukaan 80 prosenttia eurooppalaisista kuluttajista pit\u00e4\u00e4 nykytilannetta t\u00e4ysin selke\u00e4n\u00e4 eik\u00e4 vastusta kasvipohjaisten tuotteiden kutsumista tutuilla makkaran tai burgerin kaltaisilla termeill\u00e4.<\/p>\n<p>\u2013\u2009Tuntuu, ett\u00e4 t\u00e4ss\u00e4 onkin taustalla se, ett\u00e4 lihateollisuus pyrkii nyt kaikin keinoin est\u00e4m\u00e4\u00e4n kilpailevan markkinan synnyn.<\/p>\n<p>Kaskeala arvioi, ett\u00e4 toteutuessaan muutos toisi my\u00f6s turhaa byrokratiaa ja t\u00f6it\u00e4 yrityksille, jos tuotepakkauksia ja ravintolamenuja jouduttaisiin uusimaan.<\/p>\n<p>\u2013\u2009Ehk\u00e4 t\u00e4ss\u00e4 nousee my\u00f6s kysymys, ett\u00e4 t\u00e4h\u00e4nk\u00f6 k\u00e4ytet\u00e4\u00e4n nyt resursseja? Pohtisin, miksi t\u00e4llainen muutos tarvitaan, kun nykytilanne on kuluttajille t\u00e4ysin selke\u00e4.<\/p>\n<p>H\u00e4n uskoo, ett\u00e4 kuluttajille loisi entist\u00e4 enemm\u00e4n sekavuutta, jos tuotteille jouduttaisiin keksim\u00e4\u00e4n uusia tuotenimi\u00e4 tai -kategorioita, jotka eiv\u00e4t v\u00e4ltt\u00e4m\u00e4tt\u00e4 edes kuvaisi niiden k\u00e4ytt\u00f6tarkoitusta kovin hyvin.<\/p>\n<p>Kaskeala lis\u00e4\u00e4, ett\u00e4 ruokatottumuksia on joka tapauksessa muutettava kasvipohjaisempaan suuntaan paitsi ymp\u00e4rist\u00f6n ja ilmaston my\u00f6s ihmisten terveyden vuoksi.<\/p>\n<p>\u2013\u2009Tutkimustieto on t\u00e4ss\u00e4 aika yksiselitteist\u00e4, kuten my\u00f6s Suomen <a href=\"https:\/\/valtioneuvosto.fi\/-\/1410837\/uudet-ravitsemussuositukset\" rel=\"nofollow noopener\" target=\"_blank\">ravitsemussuositukset<\/a>. Helpoin tapa saada ihmiset siirtym\u00e4\u00e4n kasvipohjaisempaan ruokavalioon on tarjota lihatuotteita vastaavia tuotteita kasvipohjaisina.<\/p>\n<p>\t\t\t\tAiemmat aloitteet torpattu<\/p>\n<p>EU on jo aiemmin kielt\u00e4nyt termien kuten &#8221;maito&#8221; ja &#8221;jogurtti&#8221; k\u00e4yt\u00f6n kasvipohjaisten tuotteiden nime\u00e4misess\u00e4. Siksi esimerkiksi kasvipohjaisia maitoja myydess\u00e4 puhutaan esimerkiksi kaurajuomasta eik\u00e4 kauramaidosta.<\/p>\n<p>Lihatuotteiden osalta vastaavat kiellot eiv\u00e4t kuitenkaan ole toistaiseksi edenneet, vaikka niit\u00e4 on yritetty asettaa my\u00f6s aiemmin. Vastaava aloite torpattiin jo kertaalleen EU-parlamentissa vuonna <a href=\"https:\/\/yle.fi\/a\/3-11609858\" rel=\"nofollow noopener\" target=\"_blank\">2020<\/a>. Asiasta on <a href=\"https:\/\/www.lemonde.fr\/en\/european-union\/article\/2024\/10\/04\/eu-court-blocks-french-ban-on-vegetarian-steak-labeling_6728232_156.html\" rel=\"nofollow noopener\" target=\"_blank\">linjannut<\/a> my\u00f6s viime vuonna Euroopan unionin tuomioistuin, jonka mukaan olemassa oleva lains\u00e4\u00e4d\u00e4nt\u00f6 riitt\u00e4\u00e4 suojaamaan kuluttajia.<\/p>\n<p>Saksassa, jossa kasvipohjaisten tuotteiden markkinat ovat Euroopan isoimmat, my\u00f6s maan yritykset ovat suhtautuneet aloitteeseen nihke\u00e4sti. Esimerkiksi suuret kauppaketjut Lidl ja Aldi ovat uutistoimisto AFP:n mukaan linjanneet vastustavansa aloitetta.<\/p>\n<p>\u2013\u2009Tuttujen termien kielt\u00e4minen tekisi kuluttajille vain entist\u00e4 vaikeammaksi tehd\u00e4 informoituja p\u00e4\u00e4t\u00f6ksi\u00e4, yritykset sanoivat yhteisess\u00e4 <a href=\"https:\/\/drive.google.com\/file\/d\/1or1KNtCSQrP1zFD4-3xAQAWR8Tbwi0OA\/view\" rel=\"nofollow noopener\" target=\"_blank\">kannanotossaan<\/a>.<\/p>\n<p>&#8212;<\/p>\n<p>L\u00e4hteen\u00e4 my\u00f6s uutistoimisto AFP.<\/p>\n","protected":false},"excerpt":{"rendered":"EU-parlamentti asettui keskiviikkona tukemaan linjausta, jonka mukaan esimerkiksi soijamakkaraa tai kasvisburgeria ei saisi en\u00e4\u00e4 myyd\u00e4 tai markkinoida n\u00e4ill\u00e4&hellip;\n","protected":false},"author":2,"featured_media":56714,"comment_status":"","ping_status":"","sticky":false,"template":"","format":"standard","meta":{"footnotes":""},"categories":[14],"tags":[4356,22,23,1617,2267,26,27,33,31,30,17,24,25,28,29,15,18,21,900,2331,3911,32,13432,19,20,56,16,59,60,61],"class_list":{"0":"post-56713","1":"post","2":"type-post","3":"status-publish","4":"format-standard","5":"has-post-thumbnail","7":"category-ulkomaat","8":"tag-aanestykset","9":"tag-breaking-news","10":"tag-breakingnews","11":"tag-euroopan-unioni","12":"tag-eurooppa","13":"tag-featured-news","14":"tag-featurednews","15":"tag-fi","16":"tag-finland","17":"tag-finnish","18":"tag-headlines","19":"tag-latest-news","20":"tag-latestnews","21":"tag-main-news","22":"tag-mainnews","23":"tag-news","24":"tag-otsikot","25":"tag-paauutiset","26":"tag-ruoka","27":"tag-ruoka-ja-juoma","28":"tag-saksa","29":"tag-suomi","30":"tag-tofu","31":"tag-top-stories","32":"tag-topstories","33":"tag-ulkomaat","34":"tag-uutiset","35":"tag-world","36":"tag-world-news","37":"tag-worldnews"},"share_on_mastodon":{"url":"","error":""},"_links":{"self":[{"href":"https:\/\/www.europesays.com\/fi\/wp-json\/wp\/v2\/posts\/56713","targetHints":{"allow":["GET"]}}],"collection":[{"href":"https:\/\/www.europesays.com\/fi\/wp-json\/wp\/v2\/posts"}],"about":[{"href":"https:\/\/www.europesays.com\/fi\/wp-json\/wp\/v2\/types\/post"}],"author":[{"embeddable":true,"href":"https:\/\/www.europesays.com\/fi\/wp-json\/wp\/v2\/users\/2"}],"replies":[{"embeddable":true,"href":"https:\/\/www.europesays.com\/fi\/wp-json\/wp\/v2\/comments?post=56713"}],"version-history":[{"count":0,"href":"https:\/\/www.europesays.com\/fi\/wp-json\/wp\/v2\/posts\/56713\/revisions"}],"wp:featuredmedia":[{"embeddable":true,"href":"https:\/\/www.europesays.com\/fi\/wp-json\/wp\/v2\/media\/56714"}],"wp:attachment":[{"href":"https:\/\/www.europesays.com\/fi\/wp-json\/wp\/v2\/media?parent=56713"}],"wp:term":[{"taxonomy":"category","embeddable":true,"href":"https:\/\/www.europesays.com\/fi\/wp-json\/wp\/v2\/categories?post=56713"},{"taxonomy":"post_tag","embeddable":true,"href":"https:\/\/www.europesays.com\/fi\/wp-json\/wp\/v2\/tags?post=56713"}],"curies":[{"name":"wp","href":"https:\/\/api.w.org\/{rel}","templated":true}]}}