{"id":56721,"date":"2025-10-09T02:11:09","date_gmt":"2025-10-09T02:11:09","guid":{"rendered":"https:\/\/www.europesays.com\/fi\/56721\/"},"modified":"2025-10-09T02:11:09","modified_gmt":"2025-10-09T02:11:09","slug":"tuukka-temonen-kertoo-koskettavassa-erikoishaastattelussa-aivosyopaa-sairastavan-olga-vaimonsa-viimeisesta-oljenkorresta","status":"publish","type":"post","link":"https:\/\/www.europesays.com\/fi\/56721\/","title":{"rendered":"Tuukka Temonen kertoo koskettavassa erikoishaastattelussa aivosy\u00f6p\u00e4\u00e4 sairastavan Olga-vaimonsa viimeisest\u00e4 oljenkorresta"},"content":{"rendered":"<p>\n            Olga Temonen ja Tuukka Temonen tuoreissa kuvissa. 8.10.2025<br \/>\n            Seiskan arkisto\n        <\/p>\n<p class=\"subtitle \">\u2013 Muita kortteja ei en\u00e4\u00e4 ole k\u00e4ytett\u00e4viss\u00e4, Tuukka Temonen sanoo Seiskalle.<\/p>\n<p class=\"article-content article-content-width !bg-background\">Essuun sonnustautunut elokuvaohjaaja , 50, lapioi pizzaa valtavaan napolilaiseen pizzauuniin.<\/p>\n<p class=\"font-weight-bold m-font-weight-bold article-content article-content-width !bg-background\">Videolla Tuukka Temosen erikoishaastattelu Iitiss\u00e4:<\/p>\n<p class=\"article-content article-content-width !bg-background\">On lauantai-ilta Iitin S\u00e4\u00e4skj\u00e4rvell\u00e4. Pizzeria Rehtoriin putkahtaa tuon tuosta lis\u00e4\u00e4 asiakkaita, joita Tuukka palvelee pizzanpaiston lomassa.<\/p>\n<p class=\"article-content article-content-width !bg-background\">\u2013 Oliks teill\u00e4 varausta? Ei se mit\u00e4\u00e4n. Kyll\u00e4 meill\u00e4 tilaa on, h\u00e4n sanoo ja johdattaa n\u00e4lk\u00e4isi\u00e4 peremm\u00e4lle.<\/p>\n<p class=\"article-content article-content-width !bg-background\">Asiakkaiden t\u00e4ytt\u00e4m\u00e4 ravintolasali on tunnelmallinen. P\u00e4\u00e4llisin puolin kaikki vaikuttaa normaalilta, paitsi ettei sit\u00e4 ole.<\/p>\n<p class=\"article-content article-content-width !bg-background\">\u2013 No ei. T\u00e4\u00e4lt\u00e4 puuttuu se meid\u00e4n yritt\u00e4j\u00e4 ja em\u00e4nt\u00e4. Se t\u00e4m\u00e4n paikan henki.<\/p>\n<p>                <img decoding=\"async\" src=\"https:\/\/www.europesays.com\/fi\/wp-content\/uploads\/2025\/10\/1953873.webp\" width=\"576\" height=\"605\" alt=\"Tuukka Temonen pizzanpaistopuuhissa lauantai-iltana ravintola Rehtorissa.\" loading=\"lazy\" \/>            <\/p>\n<p>\n            Tuukka Temonen pizzanpaistopuuhissa lauantai-iltana ravintola Rehtorissa.<br \/>\n            Matti Matikainen\n        <\/p>\n<p>Hiljalleen sivuun<\/p>\n<p class=\"article-content article-content-width !bg-background\">Tuukka viittaa vakavasti sairastuneeseen vaimoonsa , 47, joka ei ole en\u00e4\u00e4 aktiivisesti mukana ravintolatoiminnassa.<\/p>\n<p>\n            Viime talvena n\u00e4ytti viel\u00e4 v\u00e4h\u00e4n paremmalta.\n            <\/p>\n<p class=\"article-content article-content-width !bg-background\">\u2013 H\u00e4n j\u00e4tt\u00e4ytyi hiljalleen sivuun jo kaksi vuotta sitten, kun aivosy\u00f6p\u00e4 diagnosoitiin. Silloin me muut aloimme ottaa enemm\u00e4n vastuuta ravintolasta.<\/p>\n<p class=\"article-content article-content-width !bg-background\">\u2013 Viime talvena n\u00e4ytti viel\u00e4 v\u00e4h\u00e4n paremmalta. Silloin Olgaa n\u00e4kyi t\u00e4\u00e4ll\u00e4 enemm\u00e4n. H\u00e4n autteli siell\u00e4 t\u00e4\u00e4ll\u00e4 ja osallistui taustalla bisnespuoleenkin, mutta ei en\u00e4\u00e4, Tuukka kertoo.<\/p>\n<p>                <img decoding=\"async\" src=\"https:\/\/www.europesays.com\/fi\/wp-content\/uploads\/2025\/10\/1953876.webp\" width=\"576\" height=\"322\" alt=\"Tuukka on ottanut vastuuta ravintolasta, kun vakavasti sairaasta Olgasta ei siihen en\u00e4\u00e4 ole.\" loading=\"lazy\" \/>            <\/p>\n<p>\n            Tuukka on ottanut vastuuta ravintolasta, kun vakavasti sairaasta Olgasta ei siihen en\u00e4\u00e4 ole.<br \/>\n            Matti Matikainen\n        <\/p>\n<p>Pel\u00e4styi heti<\/p>\n<p class=\"article-content article-content-width !bg-background\">Temosten perheen maailma mullistui loppuvuodesta 2023. Tuolloin Tuukan vaimolla ja kolmen lapsen \u00e4idill\u00e4 Olgalla diagnosoitiin aivosy\u00f6p\u00e4.<\/p>\n<p>\n            Ei hienomotoriikka niin vain h\u00e4vi\u00e4.\n            <\/p>\n<p class=\"article-content article-content-width !bg-background\">\u2013 Ensin Olga huomasi, ett\u00e4 h\u00e4nen hienomotoriikkansa oli heikentynyt. En ollut huomannut mit\u00e4\u00e4n.<\/p>\n<p class=\"article-content article-content-width !bg-background\">\u2013 Sanoin heti, ett\u00e4 nyt pit\u00e4\u00e4 selvitt\u00e4\u00e4 saman tien, mist\u00e4 se johtuu. Ei ihmisen hienomotoriikka niin vain h\u00e4vi\u00e4.<\/p>\n<p>Musertava uutinen<\/p>\n<p class=\"article-content article-content-width !bg-background\">Sairaalaan suunnanneella Olgalla ep\u00e4iltiin ensin aivoinfarktia. Lopullinen diagnoosi tuli vasta seuraavana p\u00e4iv\u00e4n\u00e4 tutkimusten j\u00e4lkeen.<\/p>\n<p class=\"article-content article-content-width !bg-background\">\u2013 Osasin olettaa, ett\u00e4 jotain on. Mutta ei tullut mieleenk\u00e4\u00e4n, ett\u00e4 se olisi aivokasvain, Tuukka huokaa.<\/p>\n<p class=\"article-content article-content-width !bg-background\">\u2013 Oli se kyll\u00e4 musertava uutinen.<\/p>\n<p>\n            Ei tullut mieleenk\u00e4\u00e4n, ett\u00e4 se olisi aivokasvain.\n            <\/p>\n<p class=\"article-content article-content-width !bg-background\">J\u00e4lkik\u00e4teen ajatellen aviomies oli aistinut puolisossaan v\u00e4symyst\u00e4.<\/p>\n<p class=\"article-content article-content-width !bg-background\">\u2013 Olga on kova mimmi tekem\u00e4\u00e4n t\u00f6it\u00e4. H\u00e4n kuormittaa itse\u00e4\u00e4n valtavasti ja oli v\u00e4h\u00e4n v\u00e4synyt, mutten ajatellut, ett\u00e4 se johtuisi kasvaimesta.<\/p>\n<p>                <img decoding=\"async\" src=\"https:\/\/www.europesays.com\/fi\/wp-content\/uploads\/2025\/10\/1953911.webp\" width=\"576\" height=\"322\" alt=\"Tuukka Temonen antoi Seiskalle haastattelun vaikean tilanteen keskell\u00e4.\" loading=\"lazy\" \/>            <\/p>\n<p>\n            Tuukka Temonen antoi Seiskalle haastattelun vaikean tilanteen keskell\u00e4.<br \/>\n            Matti Matikainen\n        <\/p>\n<p>Tehokas testil\u00e4\u00e4ke<\/p>\n<p class=\"article-content article-content-width !bg-background\">Diagnoosista l\u00e4htien Temoset ovat kuumeisesti kartoittaneet hoitokeinoja kasvaimelle, joka uusiutui viime toukokuussa.<\/p>\n<p class=\"article-content article-content-width !bg-background\">Sen j\u00e4lkeen Olgan vointi on heikentynyt. Viime viikonloppuna koitti toiveikas k\u00e4\u00e4nne: selvisi, ett\u00e4 Ranskasta saa maksutta tehokasta molekyylihoitoa.<\/p>\n<p>\n            Ranskassa on v\u00e4h\u00e4n eri meininki kokeellisten l\u00e4\u00e4kkeiden kanssa.\n            <\/p>\n<p class=\"article-content article-content-width !bg-background\">\u2013 Se on testausvaiheessa, mutta tulokset ovat olleet lupaavia. Ruotsissa kyseisell\u00e4 tuotteella on jo myyntilupa, Tuukka tiet\u00e4\u00e4.<\/p>\n<p>Valtava helpotus<\/p>\n<p class=\"article-content article-content-width !bg-background\">Kyseess\u00e4 on ONC201-niminen molekyylihoito, joka yksinkertaistettuna pyrkii k\u00e4ynnist\u00e4m\u00e4\u00e4n kasvainsolussa itsetuhomekanismin.<\/p>\n<p class=\"article-content article-content-width !bg-background\">\u2013 Ranskassa on v\u00e4h\u00e4n eri meininki kokeellisten l\u00e4\u00e4kkeiden kanssa.\u00a0<\/p>\n<p>\n            Ruotsissa kyseisell\u00e4 tuotteella on jo myyntilupa.\n            <\/p>\n<p class=\"article-content article-content-width !bg-background\"> \u2013 Ranskassa ajatellaan, ettei se saa maksaa mit\u00e4\u00e4n kansalaisille. En\u00e4\u00e4 se ei maksa mit\u00e4\u00e4n my\u00f6sk\u00e4\u00e4n ulkomaalaisille, Tuukka iloitsee.<\/p>\n<p class=\"article-content article-content-width !bg-background\">Se on valtava helpotus, sill\u00e4 l\u00e4\u00e4kkeen kuukausimaksu py\u00f6rii 4000 eurossa.<\/p>\n<p>                <img decoding=\"async\" src=\"https:\/\/www.europesays.com\/fi\/wp-content\/uploads\/2025\/10\/1953920.webp\" width=\"576\" height=\"720\" alt=\"Ravintola Rehtorin ovensuussa on Olgan sy\u00f6p\u00e4hoitojen tukiker\u00e4ys.\" loading=\"lazy\" \/>            <\/p>\n<p>\n            Ravintola Rehtorin ovensuussa on Olgan sy\u00f6p\u00e4hoitojen tukiker\u00e4ys.<br \/>\n            Matti Matikainen\n        <\/p>\n<p>Yhden kortin varassa<\/p>\n<p class=\"article-content article-content-width !bg-background\">Tuukka mainitsee ranskalaispojasta, jolla on kuulemma t\u00e4sm\u00e4lleen sama kasvaintyyppi kuin Olgalla.<\/p>\n<p class=\"article-content article-content-width !bg-background\">\u2013 H\u00e4n on el\u00e4nyt jo seitsem\u00e4n vuotta t\u00e4m\u00e4n kyseisen l\u00e4\u00e4kkeen avulla. Poika sy\u00f6 joka viikko sit\u00e4 l\u00e4\u00e4kett\u00e4 ja kasvain pysyy siten kurissa.<\/p>\n<p>\n            Kasvain p\u00e4\u00e4si tiet\u00e4m\u00e4tt\u00e4mme vahingossa kasvamaan.\n            <\/p>\n<p class=\"article-content article-content-width !bg-background\">\u2013 Olgan tapauksessa on vain sellainen juttu, ett\u00e4 kasvain p\u00e4\u00e4si tiet\u00e4m\u00e4tt\u00e4mme vahingossa kasvamaan. Siksi emme tied\u00e4, ehtiik\u00f6 t\u00e4m\u00e4 l\u00e4\u00e4ke auttamaan.<\/p>\n<p class=\"article-content article-content-width !bg-background\">\u2013 Laitamme kaiken t\u00e4m\u00e4n kortin varaan. Muita kortteja ei en\u00e4\u00e4 ole k\u00e4ytett\u00e4viss\u00e4.<\/p>\n<p>                <img decoding=\"async\" src=\"https:\/\/www.europesays.com\/fi\/wp-content\/uploads\/2025\/10\/1953922.webp\" width=\"576\" height=\"322\" alt=\"Suru painaa Tuukkaa, jonka on pakko painaa pitk\u00e4\u00e4 p\u00e4iv\u00e4\u00e4 vaikeasta tilanteesta huolimatta.\" loading=\"lazy\" \/>            <\/p>\n<p>\n            Suru painaa Tuukkaa, jonka on pakko painaa pitk\u00e4\u00e4 p\u00e4iv\u00e4\u00e4 vaikeasta tilanteesta huolimatta.<br \/>\n            Matti Matikainen\n        <\/p>\n","protected":false},"excerpt":{"rendered":"Olga Temonen ja Tuukka Temonen tuoreissa kuvissa. 8.10.2025 Seiskan arkisto \u2013 Muita kortteja ei en\u00e4\u00e4 ole k\u00e4ytett\u00e4viss\u00e4, Tuukka&hellip;\n","protected":false},"author":2,"featured_media":56722,"comment_status":"","ping_status":"","sticky":false,"template":"","format":"standard","meta":{"footnotes":""},"categories":[130],"tags":[3416,4052,4634,137,2783,33,31,30,4173,3411,98,13436,13433,3893,32,2086,1469,13435,13434,167,2721,109],"class_list":{"0":"post-56721","1":"post","2":"type-post","3":"status-publish","4":"format-standard","5":"has-post-thumbnail","7":"category-viihde","8":"tag-aivokasvain","9":"tag-aivosyopa","10":"tag-diagnoosi","11":"tag-entertainment","12":"tag-erikoishaastattelu","13":"tag-fi","14":"tag-finland","15":"tag-finnish","16":"tag-iitti","17":"tag-olga-temonen","18":"tag-perhe","19":"tag-pizzeria-rehtori","20":"tag-saaskjarvi","21":"tag-sairaus","22":"tag-suomi","23":"tag-suru","24":"tag-syopa","25":"tag-syopadiagnoosi","26":"tag-syopataistelu","27":"tag-terveys","28":"tag-tuukka-temonen","29":"tag-viihde"},"share_on_mastodon":{"url":"","error":""},"_links":{"self":[{"href":"https:\/\/www.europesays.com\/fi\/wp-json\/wp\/v2\/posts\/56721","targetHints":{"allow":["GET"]}}],"collection":[{"href":"https:\/\/www.europesays.com\/fi\/wp-json\/wp\/v2\/posts"}],"about":[{"href":"https:\/\/www.europesays.com\/fi\/wp-json\/wp\/v2\/types\/post"}],"author":[{"embeddable":true,"href":"https:\/\/www.europesays.com\/fi\/wp-json\/wp\/v2\/users\/2"}],"replies":[{"embeddable":true,"href":"https:\/\/www.europesays.com\/fi\/wp-json\/wp\/v2\/comments?post=56721"}],"version-history":[{"count":0,"href":"https:\/\/www.europesays.com\/fi\/wp-json\/wp\/v2\/posts\/56721\/revisions"}],"wp:featuredmedia":[{"embeddable":true,"href":"https:\/\/www.europesays.com\/fi\/wp-json\/wp\/v2\/media\/56722"}],"wp:attachment":[{"href":"https:\/\/www.europesays.com\/fi\/wp-json\/wp\/v2\/media?parent=56721"}],"wp:term":[{"taxonomy":"category","embeddable":true,"href":"https:\/\/www.europesays.com\/fi\/wp-json\/wp\/v2\/categories?post=56721"},{"taxonomy":"post_tag","embeddable":true,"href":"https:\/\/www.europesays.com\/fi\/wp-json\/wp\/v2\/tags?post=56721"}],"curies":[{"name":"wp","href":"https:\/\/api.w.org\/{rel}","templated":true}]}}