{"id":56800,"date":"2025-10-09T04:26:09","date_gmt":"2025-10-09T04:26:09","guid":{"rendered":"https:\/\/www.europesays.com\/fi\/56800\/"},"modified":"2025-10-09T04:26:09","modified_gmt":"2025-10-09T04:26:09","slug":"nuori-mies-rajussa-onnettomuudessa-paikalle-useita-yksikoita","status":"publish","type":"post","link":"https:\/\/www.europesays.com\/fi\/56800\/","title":{"rendered":"Nuori mies rajussa onnettomuudessa \u2013 Paikalle useita yksik\u00f6it\u00e4"},"content":{"rendered":"<p>Poliisi kertoo, ett\u00e4 miehen auto py\u00f6r\u00e4hti ymp\u00e4ri pari kertaa ja t\u00f6rm\u00e4si puuhun<\/p>\n<p><img decoding=\"async\" class=\"image image-show image-preview\" src=\"https:\/\/www.europesays.com\/fi\/wp-content\/uploads\/2025\/09\/7bee6b4cc8acf2a6e8087a47c3e18c14249ebf62049b5072123ea25828a14742.jpg\" alt=\"\"\/><img decoding=\"async\" class=\"image image-show\" src=\"https:\/\/www.europesays.com\/fi\/wp-content\/uploads\/2025\/09\/1758141971_535_7bee6b4cc8acf2a6e8087a47c3e18c14249ebf62049b5072123ea25828a14742.jpg\" alt=\"\"\/><\/p>\n<p>Poliisi sai h\u00e4lytyksen paikalle kello 3.30. Inka Soveri<\/p>\n<p class=\"paragraph\">Oulun poliisilaitos sai aamuy\u00f6ll\u00e4 teht\u00e4v\u00e4n Pudasj\u00e4rven Kuusamontielle. Nuori mieskuljettaja ilmoitti h\u00e4t\u00e4keskukseen suistuneensa ulos tielt\u00e4 ja paikalle h\u00e4lytettiin poliisin ohella ensihoito ja pelastuslaitoksen yksik\u00f6it\u00e4.<\/p>\n<p class=\"paragraph\">Miehen kuljettama henkil\u00f6auto oli suistuttuaan py\u00f6r\u00e4ht\u00e4nyt pari kertaa ymp\u00e4ri katon kautta ja t\u00f6rm\u00e4nnyt lopulta puihin.<\/p>\n<p class=\"paragraph\">Kuljettaja puhallutettiin paikalla. H\u00e4nt\u00e4 ep\u00e4ill\u00e4\u00e4n liikenneturvallisuuden vaarantamisesta ja rattijuopumuksesta. H\u00e4net m\u00e4\u00e4r\u00e4ttiin v\u00e4liaikaiseen ajokieltoon.<\/p>\n<p class=\"paragraph\">Ajoneuvossa ei ollut kuljettajan lis\u00e4ksi muita henkil\u00f6it\u00e4.<\/p>\n","protected":false},"excerpt":{"rendered":"Poliisi kertoo, ett\u00e4 miehen auto py\u00f6r\u00e4hti ymp\u00e4ri pari kertaa ja t\u00f6rm\u00e4si puuhun Poliisi sai h\u00e4lytyksen paikalle kello 3.30.&hellip;\n","protected":false},"author":2,"featured_media":56801,"comment_status":"","ping_status":"","sticky":false,"template":"","format":"standard","meta":{"footnotes":""},"categories":[12],"tags":[35,22,23,26,27,33,31,30,17,24,25,121,28,29,15,18,21,122,54,52,32,128,19,20,16],"class_list":{"0":"post-56800","1":"post","2":"type-post","3":"status-publish","4":"format-standard","5":"has-post-thumbnail","7":"category-suomi","8":"tag-24h","9":"tag-breaking-news","10":"tag-breakingnews","11":"tag-featured-news","12":"tag-featurednews","13":"tag-fi","14":"tag-finland","15":"tag-finnish","16":"tag-headlines","17":"tag-latest-news","18":"tag-latestnews","19":"tag-liikenne-ja-kuljetus","20":"tag-main-news","21":"tag-mainnews","22":"tag-news","23":"tag-otsikot","24":"tag-paauutiset","25":"tag-pelastaminen","26":"tag-pelastuspalvelut","27":"tag-poliisi","28":"tag-suomi","29":"tag-tieliikenne","30":"tag-top-stories","31":"tag-topstories","32":"tag-uutiset"},"share_on_mastodon":{"url":"","error":""},"_links":{"self":[{"href":"https:\/\/www.europesays.com\/fi\/wp-json\/wp\/v2\/posts\/56800","targetHints":{"allow":["GET"]}}],"collection":[{"href":"https:\/\/www.europesays.com\/fi\/wp-json\/wp\/v2\/posts"}],"about":[{"href":"https:\/\/www.europesays.com\/fi\/wp-json\/wp\/v2\/types\/post"}],"author":[{"embeddable":true,"href":"https:\/\/www.europesays.com\/fi\/wp-json\/wp\/v2\/users\/2"}],"replies":[{"embeddable":true,"href":"https:\/\/www.europesays.com\/fi\/wp-json\/wp\/v2\/comments?post=56800"}],"version-history":[{"count":0,"href":"https:\/\/www.europesays.com\/fi\/wp-json\/wp\/v2\/posts\/56800\/revisions"}],"wp:featuredmedia":[{"embeddable":true,"href":"https:\/\/www.europesays.com\/fi\/wp-json\/wp\/v2\/media\/56801"}],"wp:attachment":[{"href":"https:\/\/www.europesays.com\/fi\/wp-json\/wp\/v2\/media?parent=56800"}],"wp:term":[{"taxonomy":"category","embeddable":true,"href":"https:\/\/www.europesays.com\/fi\/wp-json\/wp\/v2\/categories?post=56800"},{"taxonomy":"post_tag","embeddable":true,"href":"https:\/\/www.europesays.com\/fi\/wp-json\/wp\/v2\/tags?post=56800"}],"curies":[{"name":"wp","href":"https:\/\/api.w.org\/{rel}","templated":true}]}}