{"id":56805,"date":"2025-10-09T04:32:12","date_gmt":"2025-10-09T04:32:12","guid":{"rendered":"https:\/\/www.europesays.com\/fi\/56805\/"},"modified":"2025-10-09T04:32:12","modified_gmt":"2025-10-09T04:32:12","slug":"helsingin-laajasalon-metsaaktivistit-haastavat-valtion-koneen-saation-rahalla","status":"publish","type":"post","link":"https:\/\/www.europesays.com\/fi\/56805\/","title":{"rendered":"Helsingin Laajasalon mets\u00e4aktivistit haastavat valtion Koneen s\u00e4\u00e4ti\u00f6n rahalla"},"content":{"rendered":"<p>Lue tiivistelm\u00e4<\/p>\n<p>Tiivistelm\u00e4 on teko\u00e4lyn tekem\u00e4 ja ihmisen tarkistama.<\/p>\n<p class=\"article-body mb-nof-24 px-nof-16 sndp-summary-bullet-point-font\">Mets\u00e4aktivistit pys\u00e4yttiv\u00e4t hakkuut Helsingin Laajasalossa vuonna 2023 ja per\u00e4\u00e4v\u00e4t nyt valtiolta vastuuta.<\/p>\n<p class=\"article-body mb-nof-24 px-nof-16 sndp-summary-bullet-point-font\">Aktivistit vetoavat pakkotilaan ja testaavat, saako ymp\u00e4rist\u00f6\u00e4 suojella rikoksella, jos muut keinot eiv\u00e4t auta.<\/p>\n<p class=\"article-body mb-nof-24 px-nof-16 sndp-summary-bullet-point-font\">Koneen s\u00e4\u00e4ti\u00f6 on rahoittanut oikeudenk\u00e4ynnin taustalla olevaa Ymp\u00e4rist\u00f6litigaatios\u00e4\u00e4ti\u00f6t\u00e4 1,5 miljoonan euron lahjoituksella.<\/p>\n<p class=\"article-body mb-nof-24 px-nof-16\">Noro on pieni, vesilailla suojeltu virtavesi, jonka uoma on osan vuotta kuivana. Helsingiss\u00e4 noro on nousemassa kokoaan suuremmaksi, kun sen ymp\u00e4rille kehkeytynytt\u00e4 mets\u00e4kiistaa aletaan k\u00e4sitell\u00e4 k\u00e4r\u00e4j\u00e4oikeudessa t\u00e4n\u00e4\u00e4n torstaina.<\/p>\n<p class=\"article-body mb-nof-24 px-nof-16\">Noroa ja vanhaa luonnonmets\u00e4\u00e4 puolustaneet aktivistit pys\u00e4yttiv\u00e4t hakkuut Laajasalon Stansvikissa syksyll\u00e4 2023. Nyt heit\u00e4 syytet\u00e4\u00e4n niskoittelusta poliisia vastaan.<\/p>\n<p class=\"article-body mb-nof-24 px-nof-16\">Mets\u00e4aktivistit kuitenkin haastavat valtion. Oikeudenk\u00e4ynnill\u00e4 he testaavat, saako ymp\u00e4rist\u00f6\u00e4 suojella rikoksella, jos muut keinot eiv\u00e4t auta. Aktivistit vetoavat pakkotilaan, jossa kansalaistottelemattomuutta k\u00e4ytettiin ymp\u00e4rist\u00f6rikoksen est\u00e4miseksi.<\/p>\n<p class=\"article-body mb-nof-24 px-nof-16\">Tavoitteena on oikeudellisen linjanvedon kautta saada aikaan laaja yhteiskunnallinen muutos. Rahoittajana ja siten ennakkotapauksen hakemisen mahdollistajana toimii Koneen s\u00e4\u00e4ti\u00f6.<\/p>\n<p><img decoding=\"async\" src=\"https:\/\/www.europesays.com\/fi\/wp-content\/uploads\/2025\/10\/1759984330_173_468.jpg\" alt=\"Stansvikin mets\u00e4ss\u00e4 on arvokas luontokohde, noro. Norot ovat erityisen t\u00e4rkeit\u00e4 elinymp\u00e4rist\u00f6j\u00e4, joiden luonnontilaa ei lain mukaan saa vaarantaa.\" class=\"_Img_1rerz_1\" style=\"aspect-ratio:0.6666666666666666\" loading=\"eager\"\/><\/p>\n<p class=\"article-picture-caption\">Stansvikin mets\u00e4ss\u00e4 on arvokas luontokohde, noro. Norot ovat erityisen t\u00e4rkeit\u00e4 elinymp\u00e4rist\u00f6j\u00e4, joiden luonnontilaa ei lain mukaan saa vaarantaa. Kuva:\u00a0Anna Huovinen \/ HS<\/p>\n<p class=\"article-body mb-nof-24 px-nof-16\">Koneen s\u00e4\u00e4ti\u00f6 my\u00f6nsi kev\u00e4\u00e4ll\u00e4 lahjoituksen <a class=\"article-genericlink\" href=\"https:\/\/koneensaatio.fi\/uutiset\/koneen-saatio-tukee-ymparistolitigaatiosaatiota-joka-ajaa-ympariston-asiaa-oikeusteitse\/\" rel=\"nofollow noopener\" target=\"_blank\">Ymp\u00e4rist\u00f6litigaatios\u00e4\u00e4ti\u00f6lle<\/a>, jonka tavoitteena on tuoda strategiset oikeudenk\u00e4ynnit Suomeen pysyv\u00e4sti.<\/p>\n<p class=\"article-body mb-nof-24 px-nof-16\">L\u00e4hes 1,5 miljoonan euron rahoituksen turvin perustettiin Lakiasiaintoimisto maailma. Se tukee ymp\u00e4rist\u00f6\u00e4 puolustavan kansalaisyhteiskunnan toimintaedellytyksi\u00e4 ja puolustaa my\u00f6s aktivistien oikeuksia.<\/p>\n<p class=\"article-body mb-nof-24 px-nof-16\">Stansvikin mets\u00e4kiista on lakitoimiston ensimm\u00e4inen strateginen ymp\u00e4rist\u00f6oikeudenk\u00e4ynti.<\/p>\n<p class=\"article-body mb-nof-24 px-nof-16\">\u201dRikosoikeudellista vastuuajattelua on muutettu vuonna 2004 niin, ett\u00e4 ymp\u00e4rist\u00f6n puolustaminen on otettu pakkotilas\u00e4\u00e4ntelyn piiriin. Nyt haluamme testata, mit\u00e4 se tarkoittaa k\u00e4yt\u00e4nn\u00f6ss\u00e4\u201d, kertoo aktivistien puolustuksesta vastaava oikeustieteen maisteri <a class=\"article-personlink\" href=\"https:\/\/www.hs.fi\/haku\/?query=Tuuli%20Talvinko\" rel=\"nofollow noopener\" target=\"_blank\">Tuuli Talvinko<\/a>.<\/p>\n<p class=\"article-body mb-nof-24 px-nof-16\">Pakkotila on ik\u00e4\u00e4n kuin h\u00e4t\u00e4varjelua, jossa rikoksesta tulee oikeutettu, kun sill\u00e4 torjutaan v\u00e4litt\u00f6m\u00e4sti uhkaava vaara.<\/p>\n<p class=\"article-body mb-nof-24 px-nof-16\">Talvingon mukaan mets\u00e4kiista voisi olla oppikirjaesimerkki rikoslaissa tarkoitetusta pakkotilasta:<\/p>\n<p class=\"article-body mb-nof-24 px-nof-16\">\u201cAktivistit ovat turvautuneet kansalaistottelemattomuuteen viimeisen\u00e4 mahdollisena keinonaan ja saaneet siten pelastettua palan laissa suojattua mets\u00e4luontoa.\u201d<\/p>\n<p class=\"article-body mb-nof-24 px-nof-16\">Stansvikin luonnonmets\u00e4st\u00e4 Helsingin Laajasalossa on kiistelty ja kampanjoitu vuosia. Alueella kiteytyv\u00e4t kaupunkisuunnittelun ja luonnon yhdist\u00e4misen kipukohdat.<\/p>\n<p class=\"article-body mb-nof-24 px-nof-16\">Mets\u00e4\u00e4n on kaavoitettu laajasti asuinrakentamista, vaikka luontoarvot ovat merkitt\u00e4v\u00e4t. Rakennussuunnitelmat ovat jakaneet paitsi kansalaisten my\u00f6s p\u00e4\u00e4tt\u00e4jien mielipiteit\u00e4.<\/p>\n<p class=\"article-body mb-nof-24 px-nof-16\">Syksyll\u00e4 2023 Helsingin kaupunki ilmoitti aloittavansa katusuunnitelman mukaiset ty\u00f6t puunkaadolla ja r\u00e4j\u00e4ytyksill\u00e4. Syntyi Suojellaan Stansvik -kansanliike, joka julisti mets\u00e4n suojelluksi ja leiriytyi alueelle.<\/p>\n<p class=\"article-body mb-nof-24 px-nof-16\">Alueelta oli jo aiemmin l\u00f6ytynyt noro, josta on maininta luontoselvitysraporteissa.<\/p>\n<p class=\"article-body mb-nof-24 px-nof-16\">Hakkuiden alettua mielenosoittajat kertoivat poliiseille norosta, mutta urakan toimeenpanoa ei keskeytetty. Mets\u00e4kone t\u00e4rveli noron uoman ensimm\u00e4isen\u00e4 hakkuup\u00e4iv\u00e4n\u00e4.<\/p>\n<p class=\"article-body mb-nof-24 px-nof-16\">Noin sata mielenosoittajaa esti hakkuita mets\u00e4ss\u00e4 kahden p\u00e4iv\u00e4n ajan. Poliisi otti kiinni useita.<\/p>\n<p class=\"article-body mb-nof-24 px-nof-16\">Mukana oli <a class=\"article-personlink\" href=\"https:\/\/www.hs.fi\/haku\/?query=Aino%20Juvonen\" rel=\"nofollow noopener\" target=\"_blank\">Aino Juvonen<\/a>, joka kielt\u00e4ytyi poistumasta alueelta poliisin kehotuksesta huolimatta ja on nyt oikeudessa syytettyn\u00e4 niskoittelusta poliisia vastaan.<\/p>\n<p class=\"article-body mb-nof-24 px-nof-16\">\u201dEn suostunut sakkomenettelyyn, koska haluan menn\u00e4 k\u00e4r\u00e4jille perustelemaan, miksi p\u00e4\u00e4dyimme keskeytt\u00e4m\u00e4\u00e4n hakkuut\u201d, Juvonen kertoo.<\/p>\n<p><img decoding=\"async\" src=\"https:\/\/www.europesays.com\/fi\/wp-content\/uploads\/2025\/10\/1759984330_801_468.jpg\" alt=\"Hakkuita vastustaneet Aino Juvonen ja muut aktivistit saivat majapaikan purku-uhan alla olevasta kes\u00e4majakyl\u00e4st\u00e4. Osa mielenosoittajista majoittui telttoihin.\" class=\"_Img_1rerz_1\" style=\"aspect-ratio:1.5\" loading=\"eager\"\/><\/p>\n<p class=\"article-picture-caption\">Hakkuita vastustaneet Aino Juvonen ja muut aktivistit saivat majapaikan purku-uhan alla olevasta kes\u00e4majakyl\u00e4st\u00e4. Osa mielenosoittajista majoittui telttoihin. Kuva:\u00a0Anna Huovinen \/ HS<\/p>\n<p><img decoding=\"async\" src=\"https:\/\/www.europesays.com\/fi\/wp-content\/uploads\/2025\/10\/1759984331_227_468.jpg\" alt=\"Suojellaan Stansvik -liike julisti Laajasalossa sijaitsevan Stansvikinkallion suojelluksi lokakuussa 2023.\" class=\"_Img_1rerz_1\" style=\"aspect-ratio:1.5\" loading=\"eager\"\/><\/p>\n<p class=\"article-picture-caption\">Suojellaan Stansvik -liike julisti Laajasalossa sijaitsevan Stansvikinkallion suojelluksi lokakuussa 2023. Kuva:\u00a0Anna Huovinen \/ HS<\/p>\n<p class=\"article-body mb-nof-24 px-nof-16\">Juvonen kertoo toimineensa est\u00e4\u00e4kseen ymp\u00e4rist\u00f6rikoksen, joka uhkasi uhanalaista vanhaa luonnonmets\u00e4\u00e4. H\u00e4n ei usko v\u00e4itett\u00e4 siit\u00e4, ett\u00e4 kaupunki tai muut viranomaiset eiv\u00e4t tienneet noron olemassaolosta.<\/p>\n<p class=\"article-body mb-nof-24 px-nof-16\">Luonnonsuojeluyhdistykset olivat yritt\u00e4neet est\u00e4\u00e4 hakkuita my\u00f6s ely-keskuksen, aluehallintoviraston ja Helsingin hallinto-oikeuden kautta hallintopakkohakemuksilla. My\u00f6s poliisille oli tehty tutkintapyynt\u00f6.<\/p>\n<p class=\"article-body mb-nof-24 px-nof-16\">\u201dYritimme kaikki keinot. Puolustimme ymp\u00e4rist\u00f6\u00e4, koska hakkuusuunnitelmassa oli selv\u00e4sti k\u00e4ynyt virhe. Soittelimme kaupungille ja kerroimme norosta, mutta kukaan ei tullut katsomaan. Lopulta hakkuut alkoivat poliisisaattueessa. Vastuuta ymp\u00e4rist\u00f6st\u00e4 kantoivat vain paikalla olleet yksityishenkil\u00f6t\u201d, Juvonen kertoo.<\/p>\n<p class=\"article-body mb-nof-24 px-nof-16\">Kahden p\u00e4iv\u00e4n j\u00e4lkeen Helsingin kaupungin ymp\u00e4rist\u00f6viranomainen tuli paikalle. Kaupunki keskeytti hakkuut ja ilmoitti, ett\u00e4 alueelta on l\u00f6ytynyt vesilain suojaama noro.<\/p>\n<p class=\"article-body mb-nof-24 px-nof-16\">My\u00f6hemmin aluehallintovirasto katsoi kaupungin rikkoneen vesilakia ja m\u00e4\u00e4r\u00e4si noron uoman ennallistettavaksi sakon uhalla.<\/p>\n<p><img decoding=\"async\" src=\"https:\/\/www.europesays.com\/fi\/wp-content\/uploads\/2025\/10\/1759984331_521_468.jpg\" alt=\"Poliisit vartioivat Stansvikin hakkuita lokakuussa 2023.\" class=\"_Img_1rerz_1\" style=\"aspect-ratio:1.5\" loading=\"eager\"\/><\/p>\n<p class=\"article-picture-caption\">Poliisit vartioivat Stansvikin hakkuita lokakuussa 2023. Kuva:\u00a0Juhani Niiranen \/ HS<\/p>\n<p><img decoding=\"async\" src=\"https:\/\/www.europesays.com\/fi\/wp-content\/uploads\/2025\/10\/1759984332_56_468.jpg\" alt=\"Tulevien katujen alta hakattiin m\u00e4ntymets\u00e4\u00e4.\" class=\"_Img_1rerz_1\" style=\"aspect-ratio:1.5\" loading=\"eager\"\/><\/p>\n<p class=\"article-picture-caption\">Tulevien katujen alta hakattiin m\u00e4ntymets\u00e4\u00e4. Kuva:\u00a0Juhani Niiranen \/ HS<\/p>\n<p class=\"article-body mb-nof-24 px-nof-16\">Ymp\u00e4rist\u00f6litigaatios\u00e4\u00e4ti\u00f6 puolustaa aktivistien oikeuksia, koska iso osa ymp\u00e4rist\u00f6oikeudellisesta s\u00e4\u00e4telyst\u00e4 j\u00e4\u00e4 k\u00e4yt\u00e4nn\u00f6ss\u00e4 n\u00e4enn\u00e4iseksi.<\/p>\n<p class=\"article-body mb-nof-24 px-nof-16\">\u201dAktivisteilla ei yleens\u00e4 ole mahdollisuutta k\u00e4ytt\u00e4\u00e4 isoja summia oikeudenk\u00e4ynteihin, toisin kuin esimerkiksi p\u00f6rssiyhti\u00f6ill\u00e4. Yhteiskunnan kannalta on kuitenkin t\u00e4rke\u00e4\u00e4, ett\u00e4 my\u00f6s aktivistit voivat puolustaa itse\u00e4\u00e4n oikeudessa\u201d, sanoo Lakiasiaintoimisto maailman Tuuli Talvinko.<\/p>\n<p class=\"article-body mb-nof-24 px-nof-16\">Kansalaisyhteiskunnan toimintaedellytysten tukemiseen liittyy my\u00f6s Koneen s\u00e4\u00e4ti\u00f6n lahjoitus.<\/p>\n<p class=\"article-body mb-nof-24 px-nof-16\">\u201dKoneen s\u00e4\u00e4ti\u00f6 on arvopohjainen toimija. Keskeiset arvot ovat ekososiaalinen sivistys ja rohkeus. Olemme etsineet my\u00f6s keinoja vauhdittaa yhteiskunnallista muutosta kohti kest\u00e4v\u00e4mp\u00e4\u00e4 el\u00e4m\u00e4ntapaa\u201d, kertoo s\u00e4\u00e4ti\u00f6n toimitusjohtaja <a class=\"article-personlink\" href=\"https:\/\/www.hs.fi\/haku\/?query=Ulla%20Tuomarla\" rel=\"nofollow noopener\" target=\"_blank\">Ulla Tuomarla<\/a>.<\/p>\n<p class=\"article-body mb-nof-24 px-nof-16\">S\u00e4\u00e4ti\u00f6n <a class=\"article-genericlink\" href=\"https:\/\/koneensaatio.fi\/metsanpuolella\/\" rel=\"nofollow noopener\" target=\"_blank\">Mets\u00e4n puolella -aloite<\/a> haluaa nostaa kuuluville \u00e4\u00e4ni\u00e4, jotka ovat j\u00e4\u00e4neet varjoon. Se my\u00f6nt\u00e4\u00e4 apurahoja, k\u00e4ynnist\u00e4\u00e4 selvityksi\u00e4 ja on my\u00f6s rahoittanut metsiensuojelua.<\/p>\n<p class=\"article-body mb-nof-24 px-nof-16\">\u201dS\u00e4\u00e4ti\u00f6n hallituksessa on kannettu huolta demokratian ja kansalaisyhteiskunnan tilasta Suomessa\u201d, Tuomarla sanoo.<\/p>\n<p class=\"article-body mb-nof-24 px-nof-16\">\u201dAktiivinen kansalaisyhteiskunta on demokratian perusta\u201d, h\u00e4n lis\u00e4\u00e4.<\/p>\n<p><img decoding=\"async\" src=\"https:\/\/www.europesays.com\/fi\/wp-content\/uploads\/2025\/10\/1759984332_316_468.jpg\" alt=\"Vanhan \u00f6ljysataman ja sen kupeeseen j\u00e4\u00e4neen mets\u00e4isen Stansvikinkallion raja erottuu lokakuussa 2023 otetussa ilmakuvasta selv\u00e4n\u00e4. Taustalla h\u00e4\u00e4m\u00f6tt\u00e4v\u00e4t Laajasalon talot.\" class=\"_Img_1rerz_1\" style=\"aspect-ratio:1.3333333333333333\" loading=\"eager\"\/><\/p>\n<p class=\"article-picture-caption\">Vanhan \u00f6ljysataman ja sen kupeeseen j\u00e4\u00e4neen mets\u00e4isen Stansvikinkallion raja erottuu lokakuussa 2023 otetussa ilmakuvasta selv\u00e4n\u00e4. Taustalla h\u00e4\u00e4m\u00f6tt\u00e4v\u00e4t Laajasalon talot. Kuva:\u00a0Anna Huovinen \/ HS<\/p>\n","protected":false},"excerpt":{"rendered":"Lue tiivistelm\u00e4 Tiivistelm\u00e4 on teko\u00e4lyn tekem\u00e4 ja ihmisen tarkistama. Mets\u00e4aktivistit pys\u00e4yttiv\u00e4t hakkuut Helsingin Laajasalossa vuonna 2023 ja per\u00e4\u00e4v\u00e4t&hellip;\n","protected":false},"author":2,"featured_media":56806,"comment_status":"","ping_status":"","sticky":false,"template":"","format":"standard","meta":{"footnotes":""},"categories":[113],"tags":[446,33,31,30,46,118,32,119,447],"class_list":{"0":"post-56805","1":"post","2":"type-post","3":"status-publish","4":"format-standard","5":"has-post-thumbnail","7":"category-ymparisto","8":"tag-environment","9":"tag-fi","10":"tag-finland","11":"tag-finnish","12":"tag-helsingin-sanomat","13":"tag-science","14":"tag-suomi","15":"tag-tiede","16":"tag-ymparisto"},"share_on_mastodon":{"url":"","error":""},"_links":{"self":[{"href":"https:\/\/www.europesays.com\/fi\/wp-json\/wp\/v2\/posts\/56805","targetHints":{"allow":["GET"]}}],"collection":[{"href":"https:\/\/www.europesays.com\/fi\/wp-json\/wp\/v2\/posts"}],"about":[{"href":"https:\/\/www.europesays.com\/fi\/wp-json\/wp\/v2\/types\/post"}],"author":[{"embeddable":true,"href":"https:\/\/www.europesays.com\/fi\/wp-json\/wp\/v2\/users\/2"}],"replies":[{"embeddable":true,"href":"https:\/\/www.europesays.com\/fi\/wp-json\/wp\/v2\/comments?post=56805"}],"version-history":[{"count":0,"href":"https:\/\/www.europesays.com\/fi\/wp-json\/wp\/v2\/posts\/56805\/revisions"}],"wp:featuredmedia":[{"embeddable":true,"href":"https:\/\/www.europesays.com\/fi\/wp-json\/wp\/v2\/media\/56806"}],"wp:attachment":[{"href":"https:\/\/www.europesays.com\/fi\/wp-json\/wp\/v2\/media?parent=56805"}],"wp:term":[{"taxonomy":"category","embeddable":true,"href":"https:\/\/www.europesays.com\/fi\/wp-json\/wp\/v2\/categories?post=56805"},{"taxonomy":"post_tag","embeddable":true,"href":"https:\/\/www.europesays.com\/fi\/wp-json\/wp\/v2\/tags?post=56805"}],"curies":[{"name":"wp","href":"https:\/\/api.w.org\/{rel}","templated":true}]}}