{"id":56856,"date":"2025-10-09T05:39:07","date_gmt":"2025-10-09T05:39:07","guid":{"rendered":"https:\/\/www.europesays.com\/fi\/56856\/"},"modified":"2025-10-09T05:39:07","modified_gmt":"2025-10-09T05:39:07","slug":"kolumni-ala-jata-yksin-pirstaloitunut-hoitojarjestelma-jattaa-monen-mielenterveyspotilaan-oman-onnensa-nojaan-sisa-suomen-lehti","status":"publish","type":"post","link":"https:\/\/www.europesays.com\/fi\/56856\/","title":{"rendered":"Kolumni | \u00c4l\u00e4 j\u00e4t\u00e4 yksin \u2013 pirstaloitunut hoitoj\u00e4rjestelm\u00e4 j\u00e4tt\u00e4\u00e4 monen mielenterveyspotilaan oman onnensa nojaan &#8211; Sis\u00e4-Suomen Lehti"},"content":{"rendered":"<ol>\n<li><a href=\"https:\/\/news.google.com\/rss\/articles\/CBMibkFVX3lxTE9walNVLUN6S2FKUWNxV1JKOWNsRmo0bmpac25hbVh0OEY4dTJXaWk2ekRPWnZNS05mZDBHM2p0cUtfMW9YZkZGLWZvWjlqSXEtQ1dtRVBLZy04aVNsak9MY051b09jTkVyT0NFWnhn?oc=5\" target=\"_blank\" rel=\"nofollow noopener\">Kolumni | \u00c4l\u00e4 j\u00e4t\u00e4 yksin \u2013 pirstaloitunut hoitoj\u00e4rjestelm\u00e4 j\u00e4tt\u00e4\u00e4 monen mielenterveyspotilaan oman onnensa nojaan<\/a>&nbsp;&nbsp;Sis\u00e4-Suomen Lehti<\/li>\n<li><a href=\"https:\/\/news.google.com\/rss\/articles\/CBMiQkFVX3lxTE94dl9oN3BZZ01aM1EtaGxZZEN2MVpzTHJTWHUyMjJzU1c1eVFEM2VrSF85MzViNGdkUzNRb1VSaE1qZw?oc=5\" target=\"_blank\" rel=\"nofollow noopener\">N\u00e4yttelij\u00e4 Jasmin Voutilainen masentui vakavasti ja kuoli itsemurhaan \u2013 se sairastutti my\u00f6s \u00e4idin<\/a>&nbsp;&nbsp;Yle<\/li>\n<li><a href=\"https:\/\/news.google.com\/rss\/articles\/CBMigwFBVV95cUxPaDJneG5HdzZfLUdPeExoeTFqVGdEZmFRX2kzMERkVjBEeVpfUzU1YTRRSDhROEQ4d1IxRF9RRWZJY3VMUWoxa09oY3lzTmhrQU5CUnJpa0pZM0Y5enM0WWVld0g1NzNheUpDREtObXJNZ1RmVVVUVTd5NlR2YThqUXdzUQ?oc=5\" target=\"_blank\" rel=\"nofollow noopener\">Dj Alex Kunnari raiskasi 19-vuotiaan Jasmin Voutilaisen<\/a>&nbsp;&nbsp;Iltalehti<\/li>\n<li><a href=\"https:\/\/news.google.com\/rss\/articles\/CBMiZkFVX3lxTE5ReEhkNGRnNF83RnZjU3I3d3NpY2U2Y0lTTzhiRXdodktCemF4NTEwTHFTc0hKNGkzbnhWY1JZd0Foc1cwRTlJeHlkSHRZS2JXVFl4dWNkNDdrMi1wN3hhVC14cnhmdw?oc=5\" target=\"_blank\" rel=\"nofollow noopener\">Podcast: Jasmin Voutilainen soitti lohduttoman puhelun \u2013 tunteja my\u00f6hemmin h\u00e4n oli kuollut<\/a>&nbsp;&nbsp;Ilta-Sanomat<\/li>\n<li><a href=\"https:\/\/news.google.com\/rss\/articles\/CBMi5wFBVV95cUxOa1h0TGFXV1BieXE2TGp0REFQUzNnUDAtVWhYRjIyeGUyWmgtWUtDbVJPdk5ENXd4WHVRa1pfQjVMYjJzNy1xN1BYNFRaYlVrVWpoa2JmcmVaSjE2TkxxTDZIaWlKNXJMQ2piTlY2czJYa2lUSEM3RE1UZjRNQ0toLUxoY1BaSnFxaktBOVVsOGFpb2hRckhPeU5zZndoeU9tbGhxVzFGeTJkQlFvdWZ1NU80M2lYeW15X1JJY1JNVXB3am5SRHA0UkdpUmZjeGZlUERKa3MybmZZSmowWTdQZmszS05fZnc?oc=5\" target=\"_blank\" rel=\"nofollow noopener\">Lis\u00e4tietoa vakavista rikosep\u00e4ilyist\u00e4, joiden uhriksi Jasmin Voutilainen joutui \u2013 tapahtuivat n\u00e4yttelij\u00e4n kotona<\/a>&nbsp;&nbsp;mtvuutiset.fi<\/li>\n<\/ol>\n","protected":false},"excerpt":{"rendered":"Kolumni | \u00c4l\u00e4 j\u00e4t\u00e4 yksin \u2013 pirstaloitunut hoitoj\u00e4rjestelm\u00e4 j\u00e4tt\u00e4\u00e4 monen mielenterveyspotilaan oman onnensa nojaan&nbsp;&nbsp;Sis\u00e4-Suomen Lehti N\u00e4yttelij\u00e4 Jasmin Voutilainen&hellip;\n","protected":false},"author":2,"featured_media":56857,"comment_status":"","ping_status":"","sticky":false,"template":"","format":"standard","meta":{"footnotes":""},"categories":[130],"tags":[12845,7138,137,33,31,30,683,3381,32,502,167,140,109],"class_list":{"0":"post-56856","1":"post","2":"type-post","3":"status-publish","4":"format-standard","5":"has-post-thumbnail","7":"category-viihde","8":"tag-aanekosken-seutukunta","9":"tag-aanekoski","10":"tag-entertainment","11":"tag-fi","12":"tag-finland","13":"tag-finnish","14":"tag-kuolema","15":"tag-myrskyt","16":"tag-suomi","17":"tag-terveydenhoito","18":"tag-terveys","19":"tag-tv-ja-elokuvat","20":"tag-viihde"},"share_on_mastodon":{"url":"","error":""},"_links":{"self":[{"href":"https:\/\/www.europesays.com\/fi\/wp-json\/wp\/v2\/posts\/56856","targetHints":{"allow":["GET"]}}],"collection":[{"href":"https:\/\/www.europesays.com\/fi\/wp-json\/wp\/v2\/posts"}],"about":[{"href":"https:\/\/www.europesays.com\/fi\/wp-json\/wp\/v2\/types\/post"}],"author":[{"embeddable":true,"href":"https:\/\/www.europesays.com\/fi\/wp-json\/wp\/v2\/users\/2"}],"replies":[{"embeddable":true,"href":"https:\/\/www.europesays.com\/fi\/wp-json\/wp\/v2\/comments?post=56856"}],"version-history":[{"count":0,"href":"https:\/\/www.europesays.com\/fi\/wp-json\/wp\/v2\/posts\/56856\/revisions"}],"wp:featuredmedia":[{"embeddable":true,"href":"https:\/\/www.europesays.com\/fi\/wp-json\/wp\/v2\/media\/56857"}],"wp:attachment":[{"href":"https:\/\/www.europesays.com\/fi\/wp-json\/wp\/v2\/media?parent=56856"}],"wp:term":[{"taxonomy":"category","embeddable":true,"href":"https:\/\/www.europesays.com\/fi\/wp-json\/wp\/v2\/categories?post=56856"},{"taxonomy":"post_tag","embeddable":true,"href":"https:\/\/www.europesays.com\/fi\/wp-json\/wp\/v2\/tags?post=56856"}],"curies":[{"name":"wp","href":"https:\/\/api.w.org\/{rel}","templated":true}]}}