{"id":56878,"date":"2025-10-09T06:10:10","date_gmt":"2025-10-09T06:10:10","guid":{"rendered":"https:\/\/www.europesays.com\/fi\/56878\/"},"modified":"2025-10-09T06:10:10","modified_gmt":"2025-10-09T06:10:10","slug":"kuka-on-lahden-launeen-ongelmatalon-uusi-omistaja-kaupunki-yrittaa-tavoittaa-hanta-paijat-hame","status":"publish","type":"post","link":"https:\/\/www.europesays.com\/fi\/56878\/","title":{"rendered":"Kuka on Lahden Launeen ongelmatalon uusi omistaja? Kaupunki yritt\u00e4\u00e4 tavoittaa h\u00e4nt\u00e4 | P\u00e4ij\u00e4t-H\u00e4me"},"content":{"rendered":"<p>Launeen McDonald&#8217;sia vastap\u00e4\u00e4t\u00e4 sijaitseva omakotitalo on aiheuttanut pitk\u00e4\u00e4n harmia naapurustossa.<\/p>\n<p>Keltainen puutalo Lahden Launeella on aiheuttanut viime vuosina harmia naapurustolle ja kaupungille. Launeenkadun ja \u00c4est\u00e4j\u00e4nkadun kulmassa Launeen McDonald&#8217;sia vastap\u00e4\u00e4t\u00e4 sijaitseva omakotitalo on ollut tyhjill\u00e4\u00e4n useita vuosia.<\/p>\n","protected":false},"excerpt":{"rendered":"Launeen McDonald&#8217;sia vastap\u00e4\u00e4t\u00e4 sijaitseva omakotitalo on aiheuttanut pitk\u00e4\u00e4n harmia naapurustossa. Keltainen puutalo Lahden Launeella on aiheuttanut viime vuosina&hellip;\n","protected":false},"author":2,"featured_media":56879,"comment_status":"","ping_status":"","sticky":false,"template":"","format":"standard","meta":{"footnotes":""},"categories":[12],"tags":[36,542,11279,22,23,26,27,33,31,30,17,3081,543,1801,24,25,28,29,15,18,21,402,32,19,20,16],"class_list":{"0":"post-56878","1":"post","2":"type-post","3":"status-publish","4":"format-standard","5":"has-post-thumbnail","7":"category-suomi","8":"tag-asuintalot-ja-asunnot","9":"tag-asuminen","10":"tag-asunto-ja-kiinteistokauppa","11":"tag-breaking-news","12":"tag-breakingnews","13":"tag-featured-news","14":"tag-featurednews","15":"tag-fi","16":"tag-finland","17":"tag-finnish","18":"tag-headlines","19":"tag-kiinteistot","20":"tag-koti-ja-asuminen","21":"tag-lahti","22":"tag-latest-news","23":"tag-latestnews","24":"tag-main-news","25":"tag-mainnews","26":"tag-news","27":"tag-otsikot","28":"tag-paauutiset","29":"tag-rakentaminen-kiinteistot","30":"tag-suomi","31":"tag-top-stories","32":"tag-topstories","33":"tag-uutiset"},"share_on_mastodon":{"url":"","error":""},"_links":{"self":[{"href":"https:\/\/www.europesays.com\/fi\/wp-json\/wp\/v2\/posts\/56878","targetHints":{"allow":["GET"]}}],"collection":[{"href":"https:\/\/www.europesays.com\/fi\/wp-json\/wp\/v2\/posts"}],"about":[{"href":"https:\/\/www.europesays.com\/fi\/wp-json\/wp\/v2\/types\/post"}],"author":[{"embeddable":true,"href":"https:\/\/www.europesays.com\/fi\/wp-json\/wp\/v2\/users\/2"}],"replies":[{"embeddable":true,"href":"https:\/\/www.europesays.com\/fi\/wp-json\/wp\/v2\/comments?post=56878"}],"version-history":[{"count":0,"href":"https:\/\/www.europesays.com\/fi\/wp-json\/wp\/v2\/posts\/56878\/revisions"}],"wp:featuredmedia":[{"embeddable":true,"href":"https:\/\/www.europesays.com\/fi\/wp-json\/wp\/v2\/media\/56879"}],"wp:attachment":[{"href":"https:\/\/www.europesays.com\/fi\/wp-json\/wp\/v2\/media?parent=56878"}],"wp:term":[{"taxonomy":"category","embeddable":true,"href":"https:\/\/www.europesays.com\/fi\/wp-json\/wp\/v2\/categories?post=56878"},{"taxonomy":"post_tag","embeddable":true,"href":"https:\/\/www.europesays.com\/fi\/wp-json\/wp\/v2\/tags?post=56878"}],"curies":[{"name":"wp","href":"https:\/\/api.w.org\/{rel}","templated":true}]}}