{"id":56999,"date":"2025-10-09T08:59:08","date_gmt":"2025-10-09T08:59:08","guid":{"rendered":"https:\/\/www.europesays.com\/fi\/56999\/"},"modified":"2025-10-09T08:59:08","modified_gmt":"2025-10-09T08:59:08","slug":"kastanja-rauhala-ja-isaac-sene-yllattava-paljastus-tanssii-tahtien-kanssa-ohjelmasta","status":"publish","type":"post","link":"https:\/\/www.europesays.com\/fi\/56999\/","title":{"rendered":"Kastanja Rauhala ja Isaac Sene: Yll\u00e4tt\u00e4v\u00e4 paljastus Tanssii t\u00e4htien kanssa -ohjelmasta"},"content":{"rendered":"<p>\n            20240915, Helsinki. Tanssii t\u00e4htien kanssa 2. suoral\u00e4hetys. Kuvassa  Isaac Sene ja Kastanja Rauhala.<br \/>\n            Timo Korhonen\n        <\/p>\n<p class=\"subtitle \">Tanssii t\u00e4htien kanssa -l\u00e4hetyksess\u00e4 on luvassa yll\u00e4tys.<\/p>\n<p class=\"article-content article-content-width !bg-background\">Tanssinopettaja  tanssii toista kauttaan t\u00e4htiopettajana Tanssii t\u00e4htien kanssa -ohjelmassa parinaan tubettaja  eli .<\/p>\n<p class=\"italic m-italic article-content article-content-width !bg-background\">Videolla Kastanja Rauhala ja Isaac Sene paljastavat keitti\u00f6mokailunsa:<\/p>\n<p class=\"article-content article-content-width !bg-background\">Ensimm\u00e4isell\u00e4 kaudellaan t\u00e4htiopettajalla oli parinaan artisti . Kastanja ja Isaac saavuttivat kisassa finaalipaikan ja sijoittuivat lopullisessa tuloksessa toiseksi. Kisan voittivat n\u00e4yttelij\u00e4  ja tanssinopettaja .<\/p>\n<p class=\"article-content article-content-width !bg-background\">Isaac ja Kastanja her\u00e4ttiv\u00e4t kaudellaan huomiota muutenkin kuin vain tanssitaidoillaan. Isaacin ja Kastanjan v\u00e4lej\u00e4 spekuloitiin muun muassa sosiaalisessa mediassa, oliko kyse jostain muustakin kuin tanssilattialla n\u00e4hdyst\u00e4 kemiasta.<\/p>\n<p>        <a itemprop=\"url\" href=\"https:\/\/www.seiska.fi\/katso\/isaac-seneen-yhdistetty-kastanja-rauhala-avautuu-kohuhuomiosta\/1898279\" rel=\"nofollow noopener\" target=\"_blank\"><\/p>\n<p>\nIsaac Seneen yhdistetty Kastanja\n<\/p>\n<p class=\"section-date\">\n        <strong class=\"article-section\" data-section=\"katso\"><br \/>\n            katso<br \/>\n        <\/strong><br \/>\n        13.8. 15:15\n    <\/p>\n<p>Isaac Seneen yhdistetty Kastanja Rauhala avautuu kohuhuomiosta\n    <\/p>\n<p itemprop=\"description\" class=\"subtitle \">\n    Tanssii t\u00e4htien kanssa -opettaja Kastanja Rauhala joutui hurjaan julkisuuspy\u00f6ritykseen edellisell\u00e4 kaudella.\n<\/p>\n<p>        <\/a><\/p>\n<p class=\"article-content article-content-width !bg-background\"><a href=\"https:\/\/www.seiska.fi\/vain-seiskassa\/nain-isaac-sene-ja-kastanja-rauhala-viihtyvat-yhdessa\/1670358\" target=\"_blank\" rel=\"nofollow noopener\">Isaac paljasti Seiskan haastattelussa viime maaliskuussa hurahtaneensa tanssiin.<\/a> Isaac\u00a0hurahti TTK:n my\u00f6t\u00e4 lajiin. H\u00e4n on k\u00e4ynyt sittemmin treenaamassa niin salsaa kuin bachataakin.<\/p>\n<p class=\"article-content article-content-width !bg-background\">\u2013 Sosiaaliset tanssit ovat supersiisti juttu. Suomalainen kulttuuri on normaalisti niin j\u00e4hme\u00e4, ett\u00e4 on kivaa tanssia ihmisten kanssa. Siin\u00e4 ollaan l\u00e4hekk\u00e4in ja on pakko rentoutua. Se on tapa kommunikoida, Isaac kuvaili haastattelussa.<\/p>\n<p>        <a itemprop=\"url\" href=\"https:\/\/www.seiska.fi\/katso\/isaac-sene-kertoo-suunnitelmistaan-ttkn-jalkeen-kastanja-pysyy-kuvioissa\/1528765\" rel=\"nofollow noopener\" target=\"_blank\"><\/p>\n<p class=\"section-date\">\n        <strong class=\"article-section\" data-section=\"katso\"><br \/>\n            katso<br \/>\n        <\/strong><br \/>\n        22.11.2024 13:11\n    <\/p>\n<p>Isaac Sene kertoo suunnitelmistaan TTK:n j\u00e4lkeen \u2013 Kastanja pysyy kuvioissa\n    <\/p>\n<p itemprop=\"description\" class=\"subtitle \">\n    Artisti tekee Loopin Aamu -podcastissa paljastuksia TTK-finaalista.\n<\/p>\n<p>        <\/a><\/p>\n<p>                <img decoding=\"async\" src=\"https:\/\/www.europesays.com\/fi\/wp-content\/uploads\/2025\/10\/1628831.webp\" width=\"576\" height=\"274\" alt=\"Isaac Sene ja Kastanja Rauhala vuoden 2024 Tanssii t\u00e4htienn kanssa -finaalissa.\" loading=\"lazy\" \/>            <\/p>\n<p>\n            Isaac Sene ja Kastanja Rauhala vuoden 2024 Tanssii t\u00e4htienn kanssa -finaalissa.<br \/>\n            Timo Korhonen\n        <\/p>\n<p>Isaac ja Kastanja TTK-treeneiss\u00e4<\/p>\n<p class=\"article-content article-content-width !bg-background\">Keskiviikkona 9. lokakuuta <a href=\"https:\/\/www.instagram.com\/tanssiitahtienkanssa\/\" target=\"_blank\" rel=\"nofollow noopener\">TTK:n Instagram-tarinoissa n\u00e4htiin tuttu parivaljakko, nimitt\u00e4in Isaac ja Kastanja.<\/a> Kuvan yhteydess\u00e4 oli teksti, jossa luki sunnuntaina Tanssii t\u00e4htien kanssa. Toisessa kuvassa Isaac puolestaan poseeraa Kastanjan lis\u00e4ksi n\u00e4yttelij\u00e4  ja Lakon kanssa.<\/p>\n<p class=\"article-content article-content-width !bg-background\"><a href=\"https:\/\/www.instagram.com\/isaacsene\/\" target=\"_blank\" rel=\"nofollow noopener\">Isaac Senen Instagram-tarinoista selvi\u00e4\u00e4, ett\u00e4 artisti on viett\u00e4nyt p\u00e4iv\u00e4n TTK:n parissa.<\/a> N\u00e4hd\u00e4\u00e4nk\u00f6 Isaac tanssiparketilla, esitt\u00e4m\u00e4ss\u00e4 kappaleitaan vai molempia, selvi\u00e4\u00e4 sunnuntain 12. lokakuuta suorassa l\u00e4hetyksess\u00e4. Toisen kuvan perusteella kyseess\u00e4 voisi olla artistivierailu, sill\u00e4 Isaac on listannut loppuviikon keikkansa kuvan yhteyteen. Listan viimeisen\u00e4 on sunnuntain TTK-l\u00e4hetys.<\/p>\n<p class=\"article-content article-content-width !bg-background\">Instagram-tarinat ovat katsottavissa 24 tuntia julkaisusta.<\/p>\n<p class=\"italic m-italic article-content article-content-width !bg-background\">Tanssii t\u00e4htien kanssa sunnuntaisin MTV3:lla ja MTV Katsomossa.<\/p>\n<p>        <a itemprop=\"url\" href=\"https:\/\/www.seiska.fi\/katso\/isaac-sene-avautuu-synkista-hetkistaan-pelkaan-etta-vajoan-epatoivoon\/1618158\" rel=\"nofollow noopener\" target=\"_blank\"><\/p>\n<p>\nIsaac Sene\n<\/p>\n<p class=\"section-date\">\n        <strong class=\"article-section\" data-section=\"katso\"><br \/>\n            katso<br \/>\n        <\/strong><br \/>\n        19.2. 09:21\n    <\/p>\n<p>Isaac Sene avautuu synkist\u00e4 hetkist\u00e4\u00e4n: &#8221;Pelk\u00e4\u00e4n, ett\u00e4 vajoan ep\u00e4toivoon&#8221;\n    <\/p>\n<p itemprop=\"description\" class=\"subtitle \">\n    TTK-t\u00e4hti kertoo k\u00e4\u00e4nteen tekev\u00e4st\u00e4 hetkest\u00e4 el\u00e4m\u00e4ss\u00e4\u00e4n.\n<\/p>\n<p>        <\/a><\/p>\n<p><script async src=\"\/\/www.instagram.com\/embed.js\"><\/script><\/p>\n","protected":false},"excerpt":{"rendered":"20240915, Helsinki. Tanssii t\u00e4htien kanssa 2. suoral\u00e4hetys. Kuvassa Isaac Sene ja Kastanja Rauhala. Timo Korhonen Tanssii t\u00e4htien kanssa&hellip;\n","protected":false},"author":2,"featured_media":57000,"comment_status":"","ping_status":"","sticky":false,"template":"","format":"standard","meta":{"footnotes":""},"categories":[136],"tags":[407,137,3056,33,31,30,1483,408,3055,3054,905,32,903,3099,6344,109],"class_list":{"0":"post-56999","1":"post","2":"type-post","3":"status-publish","4":"format-standard","5":"has-post-thumbnail","7":"category-julkkikset","8":"tag-celebrities","9":"tag-entertainment","10":"tag-eric-savolainen","11":"tag-fi","12":"tag-finland","13":"tag-finnish","14":"tag-isaac-sene","15":"tag-julkkikset","16":"tag-kastanja-rauhala","17":"tag-lakko","18":"tag-mtv3","19":"tag-suomi","20":"tag-tanssii-tahtien-kanssa","21":"tag-ttk","22":"tag-ttk-2025","23":"tag-viihde"},"share_on_mastodon":{"url":"","error":""},"_links":{"self":[{"href":"https:\/\/www.europesays.com\/fi\/wp-json\/wp\/v2\/posts\/56999","targetHints":{"allow":["GET"]}}],"collection":[{"href":"https:\/\/www.europesays.com\/fi\/wp-json\/wp\/v2\/posts"}],"about":[{"href":"https:\/\/www.europesays.com\/fi\/wp-json\/wp\/v2\/types\/post"}],"author":[{"embeddable":true,"href":"https:\/\/www.europesays.com\/fi\/wp-json\/wp\/v2\/users\/2"}],"replies":[{"embeddable":true,"href":"https:\/\/www.europesays.com\/fi\/wp-json\/wp\/v2\/comments?post=56999"}],"version-history":[{"count":0,"href":"https:\/\/www.europesays.com\/fi\/wp-json\/wp\/v2\/posts\/56999\/revisions"}],"wp:featuredmedia":[{"embeddable":true,"href":"https:\/\/www.europesays.com\/fi\/wp-json\/wp\/v2\/media\/57000"}],"wp:attachment":[{"href":"https:\/\/www.europesays.com\/fi\/wp-json\/wp\/v2\/media?parent=56999"}],"wp:term":[{"taxonomy":"category","embeddable":true,"href":"https:\/\/www.europesays.com\/fi\/wp-json\/wp\/v2\/categories?post=56999"},{"taxonomy":"post_tag","embeddable":true,"href":"https:\/\/www.europesays.com\/fi\/wp-json\/wp\/v2\/tags?post=56999"}],"curies":[{"name":"wp","href":"https:\/\/api.w.org\/{rel}","templated":true}]}}