{"id":57001,"date":"2025-10-09T09:00:08","date_gmt":"2025-10-09T09:00:08","guid":{"rendered":"https:\/\/www.europesays.com\/fi\/57001\/"},"modified":"2025-10-09T09:00:08","modified_gmt":"2025-10-09T09:00:08","slug":"kouvolalaisen-kodin-sisustus-allistyttaa-asiantuntijatkin-menivat-sanattomaksi-todella-harvinaista","status":"publish","type":"post","link":"https:\/\/www.europesays.com\/fi\/57001\/","title":{"rendered":"Kouvolalaisen kodin sisustus \u00e4llistytt\u00e4\u00e4 \u2013 Asiantuntijatkin meniv\u00e4t sanattomaksi: \u201dTodella harvinaista\u201d"},"content":{"rendered":"<p>Kouvolalainen kerrostaloasunto ihastuttaa Suomen kaunein koti -ohjelmassa.<\/p>\n<p><img decoding=\"async\" class=\"image image-show image-preview\" src=\"https:\/\/www.europesays.com\/fi\/wp-content\/uploads\/2025\/10\/1890dc8f7477763f4ca0c53708cd1b00be79a01da82c5d82b9431c52bbc68fe6.jpg\" alt=\"\"\/><img decoding=\"async\" class=\"image image-show\" src=\"https:\/\/www.europesays.com\/fi\/wp-content\/uploads\/2025\/10\/1760000408_194_1890dc8f7477763f4ca0c53708cd1b00be79a01da82c5d82b9431c52bbc68fe6.jpg\" alt=\"\"\/><\/p>\n<p>Acarien perheen koti ihastuttaa Suomen kaunein koti -asiantuntijat. MTV<\/p>\n<p class=\"paragraph\">Suomen kaunein koti -ohjelman kahdeksannessa jaksossa sisustusarkkitehti <strong>Joanna Amemori<\/strong>, toimittaja <a href=\"https:\/\/www.iltalehti.fi\/henkilot\/Hanna Sumari\" class=\"article-link-person-page\" rel=\"nofollow noopener\" target=\"_blank\">Hanna Sumari<\/a> ja arkkitehti <strong>Pekka Pakkanen<\/strong> tutustuvat ylellisiin kerrostalokoteihin ymp\u00e4ri Suomea.<\/p>\n<p class=\"paragraph\">Kouvolassa sijaitseva <strong>Viivi<\/strong> ja <strong>\u00d6mer Acarin<\/strong> koti ihastuttaa asiantuntijoita. \u00d6mer Acar on tunnettu hammasl\u00e4\u00e4k\u00e4ri ja valokuvaaja, joka n\u00e4htiin aiemmin Erikoisjoukot-ohjelmassa. Pariskunta muutti asuntoon noin kolme vuotta sitten.<\/p>\n<p class=\"paragraph\">40-luvun kerrostaloasunto sijaitsee kaupungin ydinkeskustassa. 130-neli\u00f6isess\u00e4 asunnossa on viisi huonetta ja keitti\u00f6 yhdess\u00e4 tasossa. Acarit ovat tehneet kodilleen t\u00e4ysremontin historiaa kunnioittaen. Remontti kesti vuoden.<\/p>\n<p class=\"paragraph\">Asiantuntijat katsovat taloa aluksi ulkoap\u00e4in. Pakkanen toteaa, ettei kerrostalo ole ulkoa p\u00e4in kovinkaan \u201dkosiskeleva\u201d ja julkisivu on hyvin pelkistetty ja perinteinen.<\/p>\n<p class=\"paragraph\">Asiantuntijoiden saapuessa asuntoon jokaisen heid\u00e4n ilme muuttuu totaalisesti.<\/p>\n<p class=\"paragraph\">\u2013 Oho! Pakkanen sanoo.<\/p>\n<p>Heti asuntoon astuessa katossa komeilee valtava kupoli, joka teki vaikutuksen asiantuntijoihin. MTV<\/p>\n<p class=\"paragraph\">Sumari on hyvin vaikuttunut asunnon v\u00e4rimaailmasta.<\/p>\n<p class=\"paragraph\">\u2013 En olisi ikin\u00e4 ajatellut, ett\u00e4 tulen t\u00e4llaiseen paikkaan.<\/p>\n<p class=\"paragraph\">\u2013 Ihan samaa mielt\u00e4. Ei kyll\u00e4 ulkopuolelta mink\u00e4\u00e4nlaista vinkki\u00e4 t\u00e4llaisesta, Pakkanen jatkaa.<\/p>\n<p class=\"paragraph\">Asiantuntijat ovat vaikuttuneita erityisesti tilan avaruudesta, v\u00e4reist\u00e4 ja huonekaluvalinnoista. Jokainen yksityiskohta on asiantuntijoiden mielest\u00e4 viimeistelty ja tarkkaan mietitty.<\/p>\n<p class=\"paragraph\">Punaisen maton paikka on pariskunnan mielest\u00e4 olohuoneessa takan edess\u00e4, sill\u00e4 siit\u00e4 n\u00e4kee joka puolelle asuntoa. Asiantuntijat ovat punaisen maton paikasta samaa mielt\u00e4. He ihastelevat etenkin katon kupolia, joka kiinnitt\u00e4\u00e4 huomion heti asuntoon astuessa.<\/p>\n<p class=\"paragraph\">\u2013 Punaisen maton paikka oli suoraan kupolin alla, ja siihen min\u00e4kin olisin sen laittanut ihan vaan jo senkin takia, ett\u00e4 on todella harvinaista, ett\u00e4 on tuollainen olemassa, miten kauniisti se on v\u00e4ritetty ja valaistu. Se oli niin pehme\u00e4, kaunis ja antaa luonteen koko kodille. Jos siin\u00e4 olisi suora katto, t\u00e4m\u00e4 ei olisi n\u00e4in paljon, mit\u00e4 t\u00e4m\u00e4 on nyt, Sumari kuvailee jaksossa.<\/p>\n<p class=\"paragraph\">Suomen kaunein koti -ohjelma torstaisin MTV3-kanavalla ja MTV Katsomossa. <a href=\"https:\/\/www.iltalehti.fi\/telkku\" rel=\"nofollow noopener\" target=\"_blank\">Katso kaikki ohjelmatiedot ja l\u00e4hetysajat Telkusta.<\/a><\/p>\n<p>Kodin sisustusratkaisut hivelev\u00e4t asiantuntijoiden silmi\u00e4. MTV<\/p>\n","protected":false},"excerpt":{"rendered":"Kouvolalainen kerrostaloasunto ihastuttaa Suomen kaunein koti -ohjelmassa. Acarien perheen koti ihastuttaa Suomen kaunein koti -asiantuntijat. MTV Suomen kaunein&hellip;\n","protected":false},"author":2,"featured_media":57002,"comment_status":"","ping_status":"","sticky":false,"template":"","format":"standard","meta":{"footnotes":""},"categories":[135],"tags":[35,389,387,388,36,542,390,137,33,31,30,543,32,394,393,391,392,822,140,109],"class_list":{"0":"post-57001","1":"post","2":"type-post","3":"status-publish","4":"format-standard","5":"has-post-thumbnail","7":"category-taiteet-ja-suunnittelu","8":"tag-24h","9":"tag-arts","10":"tag-arts-and-design","11":"tag-artsanddesign","12":"tag-asuintalot-ja-asunnot","13":"tag-asuminen","14":"tag-design","15":"tag-entertainment","16":"tag-fi","17":"tag-finland","18":"tag-finnish","19":"tag-koti-ja-asuminen","20":"tag-suomi","21":"tag-suunnittelu","22":"tag-taiteet","23":"tag-taiteet-ja-suunnittelu","24":"tag-taiteetsuunnittelu","25":"tag-teollisuustuotteet-ja-palvelut-sektori","26":"tag-tv-ja-elokuvat","27":"tag-viihde"},"share_on_mastodon":{"url":"","error":""},"_links":{"self":[{"href":"https:\/\/www.europesays.com\/fi\/wp-json\/wp\/v2\/posts\/57001","targetHints":{"allow":["GET"]}}],"collection":[{"href":"https:\/\/www.europesays.com\/fi\/wp-json\/wp\/v2\/posts"}],"about":[{"href":"https:\/\/www.europesays.com\/fi\/wp-json\/wp\/v2\/types\/post"}],"author":[{"embeddable":true,"href":"https:\/\/www.europesays.com\/fi\/wp-json\/wp\/v2\/users\/2"}],"replies":[{"embeddable":true,"href":"https:\/\/www.europesays.com\/fi\/wp-json\/wp\/v2\/comments?post=57001"}],"version-history":[{"count":0,"href":"https:\/\/www.europesays.com\/fi\/wp-json\/wp\/v2\/posts\/57001\/revisions"}],"wp:featuredmedia":[{"embeddable":true,"href":"https:\/\/www.europesays.com\/fi\/wp-json\/wp\/v2\/media\/57002"}],"wp:attachment":[{"href":"https:\/\/www.europesays.com\/fi\/wp-json\/wp\/v2\/media?parent=57001"}],"wp:term":[{"taxonomy":"category","embeddable":true,"href":"https:\/\/www.europesays.com\/fi\/wp-json\/wp\/v2\/categories?post=57001"},{"taxonomy":"post_tag","embeddable":true,"href":"https:\/\/www.europesays.com\/fi\/wp-json\/wp\/v2\/tags?post=57001"}],"curies":[{"name":"wp","href":"https:\/\/api.w.org\/{rel}","templated":true}]}}