{"id":57021,"date":"2025-10-09T09:25:08","date_gmt":"2025-10-09T09:25:08","guid":{"rendered":"https:\/\/www.europesays.com\/fi\/57021\/"},"modified":"2025-10-09T09:25:08","modified_gmt":"2025-10-09T09:25:08","slug":"karita-tykka-avautuu-myrskyisasta-avioerostaan","status":"publish","type":"post","link":"https:\/\/www.europesays.com\/fi\/57021\/","title":{"rendered":"Karita Tykk\u00e4 avautuu myrskyis\u00e4st\u00e4 avioerostaan"},"content":{"rendered":"<p>Karita Tykk\u00e4 kertoo Anna-lehdelle, millaista on olla ensimm\u00e4ist\u00e4 kertaa sinkku pitk\u00e4n tauon j\u00e4lkeen.<\/p>\n<p><img decoding=\"async\" class=\"image image-show image-preview\" src=\"https:\/\/www.europesays.com\/fi\/wp-content\/uploads\/2025\/10\/67ffc4c7bf38e19e40bf215e1b1c7b3cacda465f991843f6e5b524ec626948f6.jpg\" alt=\"\"\/><img decoding=\"async\" class=\"image image-show\" src=\"https:\/\/www.europesays.com\/fi\/wp-content\/uploads\/2025\/10\/1760001908_999_67ffc4c7bf38e19e40bf215e1b1c7b3cacda465f991843f6e5b524ec626948f6.jpg\" alt=\"\"\/><\/p>\n<p>Karita Tykk\u00e4 viihtyy hyvin yksin. Henri K\u00e4rkk\u00e4inen<\/p>\n<p class=\"paragraph\"><a href=\"https:\/\/www.iltalehti.fi\/henkilot\/Karita Tykk\u00e4\" class=\"article-link-person-page\" rel=\"nofollow noopener\" target=\"_blank\">Karita Tykk\u00e4<\/a> <a href=\"https:\/\/www.iltalehti.fi\/viihdeuutiset\/f859bda5-5cde-4ae4-8d7c-1a9639131d5e\" rel=\"nofollow noopener\" target=\"_blank\">erosi ex-aviomiehest\u00e4\u00e4n Petri Tyk\u00e4st\u00e4 kev\u00e4\u00e4ll\u00e4 2025<\/a>. <a href=\"https:\/\/www.iltalehti.fi\/viihdeuutiset\/d2fee50a-a22f-4088-9f42-909784ddf4a8\" rel=\"nofollow noopener\" target=\"_blank\">Eroasia tuli vireille ensimm\u00e4isen kerran<\/a> jo vuonna 2023.<\/p>\n<p class=\"paragraph\">Tuoreessa <a href=\"https:\/\/anna.fi\/\" target=\"_blank\" rel=\"noopener nofollow\">Anna<\/a>-lehden haastattelussa Karita kertoo el\u00e4m\u00e4st\u00e4\u00e4n eron j\u00e4lkeen. H\u00e4n nauttii siit\u00e4, ett\u00e4 voi el\u00e4\u00e4 el\u00e4m\u00e4\u00e4 enemm\u00e4n itselleen.<\/p>\n<p class=\"paragraph\">\u2013 Olen aina v\u00e4h\u00e4n liikaa el\u00e4nyt muille ja muita varten. Olen aina seurustellut. T\u00e4m\u00e4 kahden vuoden jakso on pisin aika, jolloin en ole seurustellut. Ilman parisuhdetta olen p\u00e4\u00e4ssyt tutustumaan siihen, kuka olen, Tykk\u00e4 sanoo haastattelussa.<\/p>\n<p class=\"paragraph\">Sinkkuuden my\u00f6t\u00e4 Karita on tutkinut sit\u00e4, kuka on. Ensi vuonna 50 vuotta t\u00e4ytt\u00e4v\u00e4 hyvinvointivalmentaja pit\u00e4\u00e4 i\u00e4n karttumista hyv\u00e4n\u00e4 asiana. H\u00e4n ei kaipaa vierelleen ket\u00e4\u00e4n, ellei se ole hyv\u00e4ksi h\u00e4nelle.<\/p>\n<p class=\"paragraph\">\u2013 Kun el\u00e4m\u00e4ss\u00e4 on keskener\u00e4inen vaihe, sille pit\u00e4\u00e4 antaa tilaa ja aikaa. En usko, ett\u00e4 mik\u00e4\u00e4n ihmissuhde l\u00f6ytyy etsim\u00e4ll\u00e4. Se tulee ehk\u00e4 jossain kohtaa, kun el\u00e4m\u00e4 on auki. minusta on t\u00e4rke\u00e4\u00e4, ett\u00e4 osaan olla itseni kanssa. Sit\u00e4 olen nyt harjoitellut, Tykk\u00e4 kertoo lehdelle.<\/p>\n<p class=\"paragraph\">Karita ja h\u00e4nen poikansa <strong>Luca<\/strong>, 15, asuvat kahdestaan. Pojan kasvaminen on my\u00f6s tietynlainen muutos, jota Karita parhaillaan opettelee.<\/p>\n<p class=\"paragraph\">Karita Tykk\u00e4 teki t\u00e4n\u00e4 vuonna uuden aluevaltauksen. H\u00e4net n\u00e4hd\u00e4\u00e4n parhaillaan Nelosen uudessa The Box -tosi-tv-ohjelmassa.<\/p>\n<p class=\"paragraph\">L\u00e4hde: <a href=\"https:\/\/anna.fi\/\" target=\"_blank\" rel=\"noopener nofollow\">Anna<\/a><\/p>\n","protected":false},"excerpt":{"rendered":"Karita Tykk\u00e4 kertoo Anna-lehdelle, millaista on olla ensimm\u00e4ist\u00e4 kertaa sinkku pitk\u00e4n tauon j\u00e4lkeen. Karita Tykk\u00e4 viihtyy hyvin yksin.&hellip;\n","protected":false},"author":2,"featured_media":57022,"comment_status":"","ping_status":"","sticky":false,"template":"","format":"standard","meta":{"footnotes":""},"categories":[136],"tags":[35,407,137,33,31,30,101,408,98,979,32,2140,139,109],"class_list":{"0":"post-57021","1":"post","2":"type-post","3":"status-publish","4":"format-standard","5":"has-post-thumbnail","7":"category-julkkikset","8":"tag-24h","9":"tag-celebrities","10":"tag-entertainment","11":"tag-fi","12":"tag-finland","13":"tag-finnish","14":"tag-ihmissuhteet","15":"tag-julkkikset","16":"tag-perhe","17":"tag-sahkoinen-media","18":"tag-suomi","19":"tag-tosi-tv-ohjelmat","20":"tag-tv-ohjelmat","21":"tag-viihde"},"share_on_mastodon":{"url":"","error":""},"_links":{"self":[{"href":"https:\/\/www.europesays.com\/fi\/wp-json\/wp\/v2\/posts\/57021","targetHints":{"allow":["GET"]}}],"collection":[{"href":"https:\/\/www.europesays.com\/fi\/wp-json\/wp\/v2\/posts"}],"about":[{"href":"https:\/\/www.europesays.com\/fi\/wp-json\/wp\/v2\/types\/post"}],"author":[{"embeddable":true,"href":"https:\/\/www.europesays.com\/fi\/wp-json\/wp\/v2\/users\/2"}],"replies":[{"embeddable":true,"href":"https:\/\/www.europesays.com\/fi\/wp-json\/wp\/v2\/comments?post=57021"}],"version-history":[{"count":0,"href":"https:\/\/www.europesays.com\/fi\/wp-json\/wp\/v2\/posts\/57021\/revisions"}],"wp:featuredmedia":[{"embeddable":true,"href":"https:\/\/www.europesays.com\/fi\/wp-json\/wp\/v2\/media\/57022"}],"wp:attachment":[{"href":"https:\/\/www.europesays.com\/fi\/wp-json\/wp\/v2\/media?parent=57021"}],"wp:term":[{"taxonomy":"category","embeddable":true,"href":"https:\/\/www.europesays.com\/fi\/wp-json\/wp\/v2\/categories?post=57021"},{"taxonomy":"post_tag","embeddable":true,"href":"https:\/\/www.europesays.com\/fi\/wp-json\/wp\/v2\/tags?post=57021"}],"curies":[{"name":"wp","href":"https:\/\/api.w.org\/{rel}","templated":true}]}}