{"id":57023,"date":"2025-10-09T09:27:19","date_gmt":"2025-10-09T09:27:19","guid":{"rendered":"https:\/\/www.europesays.com\/fi\/57023\/"},"modified":"2025-10-09T09:27:19","modified_gmt":"2025-10-09T09:27:19","slug":"kirja-arvio-rakkaat-elaimet-joita-syomme","status":"publish","type":"post","link":"https:\/\/www.europesays.com\/fi\/57023\/","title":{"rendered":"Kirja-arvio: Rakkaat el\u00e4imet, joita sy\u00f6mme"},"content":{"rendered":"<p>Pavel Tahkovuori ja Benjamin Pitk\u00e4nen: Rakkaat el\u00e4imet, joita sy\u00f6mme (Into 2024)<\/p>\n<p>Jokainen, joka on joskus harkinnut lihansy\u00f6nnin lopettamista, saa t\u00e4st\u00e4 kirjasta runsaasti vahvistusta p\u00e4\u00e4t\u00f6ksenteon tueksi.\u00a0<\/p>\n<p>Rakkaat el\u00e4imet, joita sy\u00f6mme -kirja kertoo yksityiskohtaisesti mutta asiantuntevasti lihantuotannon ongelmista, kumoaa lukuisia asiaan liittyvi\u00e4 myyttej\u00e4 ja kannustaa ihmisi\u00e4 vegaaniseen ruokavalioon.\u00a0<\/p>\n<p>Lihansy\u00f6nti\u00e4 pit\u00e4isi v\u00e4hent\u00e4\u00e4<\/p>\n<p>Kirjan kirjoittajat <strong class=\"typography-bold\">Pavel Tahkovuori<\/strong> ja <strong class=\"typography-bold\">Benjamin Pitk\u00e4nen<\/strong> lainaavat Valtioneuvoston nimitt\u00e4m\u00e4n kest\u00e4vyyspaneelin puheenjohtajan <strong class=\"typography-bold\">Eeva Furmanin <\/strong>n\u00e4kemyst\u00e4, jonka mukaan Suomessa tulisi v\u00e4hent\u00e4\u00e4 selke\u00e4sti el\u00e4inper\u00e4isten proteiinil\u00e4hteiden kulutusta ilmaston, luonnon monimuotoisuuden, vedenk\u00e4yt\u00f6n, el\u00e4ineettisten n\u00e4k\u00f6kulmien ja ihmisen terveyden vuoksi.\u00a0<\/p>\n<p>Kirja antaa my\u00f6s paljon ajattelemisen aihetta vaikkapa suhtautumisestamme ylip\u00e4\u00e4t\u00e4\u00e4n el\u00e4imiin.\u00a0<\/p>\n<p>Miksi lemmikkiel\u00e4imi\u00e4 pidet\u00e4\u00e4n rakkaina kumppaneina, mutta sy\u00f6t\u00e4v\u00e4t el\u00e4imet on toiseutettu melkeinp\u00e4 tavaroiksi, joita voi k\u00e4sitell\u00e4 hyvinkin julmalla tavalla?<\/p>\n<p>Kirjassa on varsin yksityiskohtaisia kuvauksia tuotantoel\u00e4imien olosuhteista, jotka ainakin t\u00e4m\u00e4n kirjan mukaan ovat huonot, vaikka olisivat virallisesti s\u00e4\u00e4nt\u00f6jen mukaisia.\u00a0<\/p>\n<p>Kritiikki\u00e4 monelle toimijalle<\/p>\n<p>Kirjoittajat ovat haastatelleet monia alan opiskelijoita, jotka kuvaavat el\u00e4intenhoitoa varsin ik\u00e4vin sanak\u00e4\u00e4ntein. N\u00e4ihin haastatteluihin vedoten todetaan, ett\u00e4 alan kouluissa muun muassa opetetaan ly\u00f6m\u00e4\u00e4n el\u00e4imi\u00e4.\u00a0<\/p>\n<p>Kirjassa my\u00f6s ihmetell\u00e4\u00e4n, miksi erilaisille tiloille tai etenkin teurastamoihin on niin vaikea p\u00e4\u00e4st\u00e4 ottamaan kuvia ja kyselem\u00e4\u00e4n kysymyksi\u00e4, jos kerran mit\u00e4\u00e4n salattavaa ei ole.\u00a0<\/p>\n<p><img alt=\"Rakkaat el\u00e4imet\" class=\"h-full w-full object-cover transition duration-700 ease-in-out hover:scale-[1.05]\" fetchpriority=\"low\" loading=\"lazy\" width=\"368\" height=\"613\" decoding=\"async\" style=\"color:transparent;background-size:cover;background-position:50% 50%;background-repeat:no-repeat;background-image:url(&quot;data:image\/svg+xml;base64,Cjxzdmcgd2lkdGg9IjM2OCIgaGVpZ2h0PSI2MTMiIHZlcnNpb249IjEuMSIgeG1sbnM9Imh0dHA6Ly93d3cudzMub3JnLzIwMDAvc3ZnIiB4bWxuczp4bGluaz0iaHR0cDovL3d3dy53My5vcmcvMTk5OS94bGluayI+CiAgPGRlZnM+CiAgICA8bGluZWFyR3JhZGllbnQgaWQ9ImciPgogICAgICA8c3RvcCBzdG9wLWNvbG9yPSIjMEIxODIzIiBvZmZzZXQ9IjIwJSIgLz4KICAgICAgPHN0b3Agc3RvcC1jb2xvcj0iIzFBMjczMiIgb2Zmc2V0PSI1MCUiIC8+CiAgICAgIDxzdG9wIHN0b3AtY29sb3I9IiMwQjE4MjMiIG9mZnNldD0iNzAlIiAvPgogICAgPC9saW5lYXJHcmFkaWVudD4KICA8L2RlZnM+CiAgPHJlY3Qgd2lkdGg9IjM2OCIgaGVpZ2h0PSI2MTMiIGZpbGw9IiMwQjE4MjMiIC8+CiAgPHJlY3QgaWQ9InIiIHdpZHRoPSIzNjgiIGhlaWdodD0iNjEzIiBmaWxsPSJ1cmwoI2cpIiAvPgogIDxhbmltYXRlIHhsaW5rOmhyZWY9IiNyIiBhdHRyaWJ1dGVOYW1lPSJ4IiBmcm9tPSItMzY4IiB0bz0iMzY4IiBkdXI9IjFzIiByZXBlYXRDb3VudD0iaW5kZWZpbml0ZSIgIC8+Cjwvc3ZnPg==&quot;)\" src=\"https:\/\/www.europesays.com\/fi\/wp-content\/uploads\/2025\/10\/1760002039_307_image\"\/><\/p>\n<p>Kritiikki\u00e4 saa moni muukin taho, kuten harhaanjohtavat mainokset, kauppojen markkinointikoneisto ja lihantuottajien etuj\u00e4rjest\u00f6.<\/p>\n<p>Lihatuotteiden mainokset kertovat valheellisesti onnellisista tuotantoel\u00e4imist\u00e4.\u00a0<\/p>\n<p>Kaupoissa vegaaniset tuotteet ovat puolestaan l\u00e4hes aina kalliimpia kuin ei-vegaaniset, sill\u00e4 esimerkiksi lihaa imitoivien kasviproteiinien hintaan lis\u00e4t\u00e4\u00e4n moninkertainen voittomarginaali lihatuotteisiin verrattuna.\u00a0<\/p>\n<p>Lihantuottajat puolestaan ovat tuottajaj\u00e4rjest\u00f6ineen hyvinkin \u00e4\u00e4nekk\u00e4\u00e4sti puolustamassa lihantuotantoa milloin mill\u00e4kin verukkeella.\u00a0<\/p>\n<p>Lihasta suuret p\u00e4\u00e4st\u00f6t<\/p>\n<p>El\u00e4intuotannon julmuudesta p\u00e4\u00e4st\u00e4\u00e4n sen p\u00e4\u00e4st\u00f6vaikutuksiin.\u00a0<\/p>\n<p>Lihan tuottaminen vie paljon resursseja: vett\u00e4, rehua, s\u00e4hk\u00f6\u00e4 ja polttoainetta. Esimerkiksi kilo sianlihaa vaatii noin 3,5 kiloa erilaisia kasveja el\u00e4imen kasvatusvaiheessa. Sianlihan ilmastovaikutus on kahdeksankertainen vaikkapa tofuun verrattuna.\u00a0<\/p>\n<p>Kaikkein suurimmat p\u00e4\u00e4st\u00f6t syntyv\u00e4t naudanlihan tuotannossa. Nautakilon p\u00e4\u00e4st\u00f6t ovat niin korkeat, ett\u00e4 sama p\u00e4\u00e4st\u00f6 saavutetaan 41 kilolla h\u00e4rk\u00e4papua ja 32 kilolla kauraa.\u00a0<\/p>\n<p>Suomen pelloista l\u00e4hes kolmannes k\u00e4ytet\u00e4\u00e4n nurmirehun tuotantoon naudoille. Kotimaisista viljoista noin 60 prosenttia sy\u00f6tet\u00e4\u00e4n el\u00e4imille eik\u00e4 ihmisille.<\/p>\n<p>Lis\u00e4ksi ulkomailta tuodaan el\u00e4imille esimerkiksi soijaa. 95 prosenttia Suomeen tuodusta soijasta menee kirjan tietojen mukaan rehuna sika- ja siipikarjatuotantoon.\u00a0<\/p>\n<p>Kysymys huoltovarmuudesta<\/p>\n<p>Kirjassa tyrm\u00e4t\u00e4\u00e4n my\u00f6s yleisesti hellitty ajatus omavaraisuudesta, joka on t\u00e4rke\u00e4\u00e4 Suomen huoltovarmuudelle.\u00a0<\/p>\n<p>Suomalainen ruoka on kirjoittajien mukaan \u201ctodellisuudessa t\u00e4ysin riippuvainen tuonnista\u201d. Lannoitteet, kasvinsuojeluaineet ja polttoaineet kun tulevat p\u00e4\u00e4osin ulkomailta.\u00a0<\/p>\n<p>Tosin t\u00e4m\u00e4 ongelma koskee my\u00f6s kasvinviljely\u00e4, kirjassa kerrotaan mutta lis\u00e4t\u00e4\u00e4n, ett\u00e4 kasvien sy\u00f6nti ylip\u00e4\u00e4t\u00e4\u00e4n tarvitsee v\u00e4hemm\u00e4n resursseja kuin lihansy\u00f6nti.\u00a0<\/p>\n<p>\u00c4\u00e4riajattelua vai valtavirtaa?<\/p>\n<p>Kirjassa on valtavasti tietoa, joka varsin vakuuttavasti puhuu kasvissy\u00f6nnin puolesta lihansy\u00f6nti\u00e4 vastaan.\u00a0<\/p>\n<p>Lukijaa h\u00e4iritsee v\u00e4lill\u00e4 se, ett\u00e4 kirjoittajat ovat turhankin opettajamaisia. Olisin my\u00f6s toivonut enemm\u00e4n vastapuolen kommentteja, jotta kirjan sanoman uskottavuus olisi ollut vahvempi. Sin\u00e4ns\u00e4 voin kuvitella, ett\u00e4 kirjoittajat ovat varsin hyvin selvitt\u00e4neet kirjansa faktat.\u00a0<\/p>\n<p>Kirjoittajat kysyv\u00e4t, ovatko he \u00e4\u00e4riajattelijoita.\u00a0<\/p>\n<p>Er\u00e4\u00e4n koulun rehtori kun oli kielt\u00e4nyt Benjaminin tulon kouluun luennoimaan aiheesta, koska koulu ei suvaitse \u00e4\u00e4riajattelijoita.\u00a0<\/p>\n<p>El\u00e4intuotannon kritisoiminen on muutoinkin vaikeaa, kirjoittajat toteavat. Heid\u00e4n mielest\u00e4\u00e4n p\u00e4\u00e4syyllinen t\u00e4ss\u00e4 on Maa- ja mets\u00e4taloustuottajien keskusliitto MTK, joka on \u201caktiivisesti tukahduttanut kriittisen keskustelun\u201d.\u00a0<\/p>\n<p>Lue my\u00f6s: <a class=\"underline\" data-testid=\"internal-link\" role=\"link\" data-sentry-element=\"Link\" data-sentry-component=\"InternalLink\" data-sentry-source-file=\"InternalLink.tsx\" href=\"https:\/\/www.mtvuutiset.fi\/makuja\/artikkeli\/tassa-ne-nyt-ovat-uudet-ravitsemussuositukset\/9054932\" rel=\"nofollow noopener\" target=\"_blank\">T\u00e4ss\u00e4 ne nyt ovat: Uudet ravitsemussuositukset \u2013 varoitus kahvinjuojille<\/a><a class=\"underline\" data-testid=\"internal-link\" role=\"link\" data-sentry-element=\"Link\" data-sentry-component=\"InternalLink\" data-sentry-source-file=\"InternalLink.tsx\" href=\"https:\/\/www.mtvuutiset.fi\/makuja\/artikkeli\/parjaako-paivakoti-ikainen-pelkalla-kasvisruoalla-professori-muistuttaa-mika-keskustelussa-usein-unohtuu\/8810314\" rel=\"nofollow noopener\" target=\"_blank\">P\u00e4rj\u00e4\u00e4k\u00f6 p\u00e4iv\u00e4kotilapsi pelk\u00e4ll\u00e4 kasvisruoalla? Professori muistuttaa, mik\u00e4 &#8221;keskustelussa usein unohtuu&#8221;<\/a><a class=\"underline\" data-testid=\"internal-link\" role=\"link\" data-sentry-element=\"Link\" data-sentry-component=\"InternalLink\" data-sentry-source-file=\"InternalLink.tsx\" href=\"https:\/\/www.mtvuutiset.fi\/artikkeli\/onko-keinoliha-vegaanista-vai-ei-nain-vastattiin-vegemessuilla\/9089142\" rel=\"nofollow noopener\" target=\"_blank\">Sy\u00f6d\u00e4\u00e4nk\u00f6 Suomessakin pian viljelty\u00e4 keinolihaa? Vegemessujen j\u00e4rjest\u00e4j\u00e4: &#8221;Sit\u00e4 varmasti tulee&#8221;<\/a><a class=\"underline\" data-testid=\"internal-link\" role=\"link\" data-sentry-element=\"Link\" data-sentry-component=\"InternalLink\" data-sentry-source-file=\"InternalLink.tsx\" href=\"https:\/\/www.mtvuutiset.fi\/artikkeli\/jos-syot-vain-yhta-kasvista-valitse-tama-laakari-perustelee-miksi\/8512080\" rel=\"nofollow noopener\" target=\"_blank\">Jos sy\u00f6t vain yht\u00e4 kasvista, valitse t\u00e4m\u00e4 \u2013 l\u00e4\u00e4k\u00e4ri perustelee, miksi<\/a><\/p>\n","protected":false},"excerpt":{"rendered":"Pavel Tahkovuori ja Benjamin Pitk\u00e4nen: Rakkaat el\u00e4imet, joita sy\u00f6mme (Into 2024) Jokainen, joka on joskus harkinnut lihansy\u00f6nnin lopettamista,&hellip;\n","protected":false},"author":2,"featured_media":57024,"comment_status":"","ping_status":"","sticky":false,"template":"","format":"standard","meta":{"footnotes":""},"categories":[134],"tags":[377,137,33,31,30,378,32,109],"class_list":{"0":"post-57023","1":"post","2":"type-post","3":"status-publish","4":"format-standard","5":"has-post-thumbnail","7":"category-kirjat","8":"tag-books","9":"tag-entertainment","10":"tag-fi","11":"tag-finland","12":"tag-finnish","13":"tag-kirjat","14":"tag-suomi","15":"tag-viihde"},"share_on_mastodon":{"url":"","error":""},"_links":{"self":[{"href":"https:\/\/www.europesays.com\/fi\/wp-json\/wp\/v2\/posts\/57023","targetHints":{"allow":["GET"]}}],"collection":[{"href":"https:\/\/www.europesays.com\/fi\/wp-json\/wp\/v2\/posts"}],"about":[{"href":"https:\/\/www.europesays.com\/fi\/wp-json\/wp\/v2\/types\/post"}],"author":[{"embeddable":true,"href":"https:\/\/www.europesays.com\/fi\/wp-json\/wp\/v2\/users\/2"}],"replies":[{"embeddable":true,"href":"https:\/\/www.europesays.com\/fi\/wp-json\/wp\/v2\/comments?post=57023"}],"version-history":[{"count":0,"href":"https:\/\/www.europesays.com\/fi\/wp-json\/wp\/v2\/posts\/57023\/revisions"}],"wp:featuredmedia":[{"embeddable":true,"href":"https:\/\/www.europesays.com\/fi\/wp-json\/wp\/v2\/media\/57024"}],"wp:attachment":[{"href":"https:\/\/www.europesays.com\/fi\/wp-json\/wp\/v2\/media?parent=57023"}],"wp:term":[{"taxonomy":"category","embeddable":true,"href":"https:\/\/www.europesays.com\/fi\/wp-json\/wp\/v2\/categories?post=57023"},{"taxonomy":"post_tag","embeddable":true,"href":"https:\/\/www.europesays.com\/fi\/wp-json\/wp\/v2\/tags?post=57023"}],"curies":[{"name":"wp","href":"https:\/\/api.w.org\/{rel}","templated":true}]}}