{"id":57025,"date":"2025-10-09T09:30:14","date_gmt":"2025-10-09T09:30:14","guid":{"rendered":"https:\/\/www.europesays.com\/fi\/57025\/"},"modified":"2025-10-09T09:30:14","modified_gmt":"2025-10-09T09:30:14","slug":"daniel-day-lewisin-paluu-floppasi-ensi-iltatienestit-vuoden-surkeimpien-joukossa","status":"publish","type":"post","link":"https:\/\/www.europesays.com\/fi\/57025\/","title":{"rendered":"Daniel Day-Lewisin paluu floppasi \u2013 ensi-iltatienestit vuoden surkeimpien joukossa"},"content":{"rendered":"<p><strong>Daniel Day-Lewis <\/strong>palasi valkokankaille kahdeksan vuoden tauon j\u00e4lkeen. Daniel t\u00e4hditt\u00e4\u00e4 poikansa<strong> Ronan Day-Lewisin<\/strong> Anemone-nimist\u00e4 debyyttielokuvaa.<\/p>\n<p>Paluu on kuitenkin tapahtunut melko nihkeiss\u00e4 merkeiss\u00e4, koska Anemone on floppaamassa lippukassoilla.<\/p>\n<p>Lue my\u00f6s: <a href=\"https:\/\/www.episodi.fi\/uutiset\/daniel-day-lewisin-uusi-elokuva-on-nahty-ei-viihdyta-vaan-haastaa-katsojan\/\" title=\"Daniel Day-Lewisin paluuelokuva on n\u00e4hty \u2013 \u201dEi viihdyt\u00e4, vaan haastaa katsojan\u201d\" class=\"underline-custom !font-montserrat !font-bold !underline-offset-4 !decoration-4 !decoration-episodi-blue !text-md\" rel=\"nofollow noopener\" target=\"_blank\">Daniel Day-Lewisin paluuelokuva on n\u00e4hty \u2013 \u201dEi viihdyt\u00e4, vaan haastaa katsojan\u201d<\/a><\/p>\n<p>Lue my\u00f6s: <a href=\"https:\/\/www.episodi.fi\/uutiset\/tallaista-oli-tyoskentely-daniel-day-lewisin-ja-hanen-poikansa-kanssa-guinness-ja-viski-olivat-ratkaisevia-tekijoita\/\" title=\"T\u00e4llaista oli ty\u00f6skentely Daniel-Day Lewisin ja h\u00e4nen poikansa kanssa \u2013 \u201dGuinness ja viski olivat ratkaisevia tekij\u00f6it\u00e4\u201d\" class=\"underline-custom !font-montserrat !font-bold !underline-offset-4 !decoration-4 !decoration-episodi-blue !text-md\" rel=\"nofollow noopener\" target=\"_blank\">T\u00e4llaista oli ty\u00f6skentely Daniel-Day Lewisin ja h\u00e4nen poikansa kanssa \u2013 \u201dGuinness ja viski olivat ratkaisevia tekij\u00f6it\u00e4\u201d<\/a><\/p>\n<p>Day-Lewisin elokuvat eiv\u00e4t ole yleens\u00e4 mit\u00e4\u00e4n j\u00e4ttihittej\u00e4 muutenkaan, mutta Anemone ei ole ollut edes kriitikoiden mieleen.<\/p>\n<p>Sill\u00e4 on t\u00e4ll\u00e4 hetkell\u00e4 vain 56 prosentin tuoreusarvo Rotten Tomatoesissa.<\/p>\n<p>Lippukassoilla Anemone tienasi vain alla 700\u00a0000 dollaria ensi-iltaviikonloppunaan USA:ssa. Elokuvaa esitettiin vain 865 salissa (blockbuster-elokuvilla on noin 3000 salia).<\/p>\n<p>Psykologinen kauhuelokuva h\u00e4visi jopa j\u00e4ttiflopeiksi luettaville Him- ja The Strangers: Chapter 2 -elokuville.<\/p>\n<p>L\u00e4hde: <a href=\"https:\/\/collider.com\/daniel-day-lewis-anemone-box-office-700-thousand\/\" target=\"_blank\" rel=\"noreferrer noopener nofollow\">Collider<\/a><\/p>\n<p>Lue my\u00f6s: <a href=\"https:\/\/www.episodi.fi\/uutiskirje\/?uutiskirjemainos=tekstilinkkimainos\" title=\"Tilaa Episodin uutiskirje ja voit voittaa leffalippuja! Nappaa tv-vinkit suoraan s\u00e4hk\u00f6postiin t\u00e4st\u00e4.\" class=\"underline-custom !font-montserrat !font-bold !underline-offset-4 !decoration-4 !decoration-episodi-blue !text-md\" rel=\"nofollow noopener\" target=\"_blank\">Tilaa Episodin uutiskirje ja voit voittaa leffalippuja! Nappaa katseluvinkit suoraan s\u00e4hk\u00f6postiin t\u00e4st\u00e4.<\/a><\/p>\n","protected":false},"excerpt":{"rendered":"Daniel Day-Lewis palasi valkokankaille kahdeksan vuoden tauon j\u00e4lkeen. Daniel t\u00e4hditt\u00e4\u00e4 poikansa Ronan Day-Lewisin Anemone-nimist\u00e4 debyyttielokuvaa. Paluu on kuitenkin&hellip;\n","protected":false},"author":2,"featured_media":57026,"comment_status":"","ping_status":"","sticky":false,"template":"","format":"standard","meta":{"footnotes":""},"categories":[131],"tags":[5389,5390,155,137,33,173,31,30,172,13485,32,109],"class_list":{"0":"post-57025","1":"post","2":"type-post","3":"status-publish","4":"format-standard","5":"has-post-thumbnail","7":"category-elokuvat","8":"tag-anemone","9":"tag-daniel-day-lewis","10":"tag-elokuvat","11":"tag-entertainment","12":"tag-fi","13":"tag-film","14":"tag-finland","15":"tag-finnish","16":"tag-movies","17":"tag-ronan-day-lewis","18":"tag-suomi","19":"tag-viihde"},"share_on_mastodon":{"url":"","error":""},"_links":{"self":[{"href":"https:\/\/www.europesays.com\/fi\/wp-json\/wp\/v2\/posts\/57025","targetHints":{"allow":["GET"]}}],"collection":[{"href":"https:\/\/www.europesays.com\/fi\/wp-json\/wp\/v2\/posts"}],"about":[{"href":"https:\/\/www.europesays.com\/fi\/wp-json\/wp\/v2\/types\/post"}],"author":[{"embeddable":true,"href":"https:\/\/www.europesays.com\/fi\/wp-json\/wp\/v2\/users\/2"}],"replies":[{"embeddable":true,"href":"https:\/\/www.europesays.com\/fi\/wp-json\/wp\/v2\/comments?post=57025"}],"version-history":[{"count":0,"href":"https:\/\/www.europesays.com\/fi\/wp-json\/wp\/v2\/posts\/57025\/revisions"}],"wp:featuredmedia":[{"embeddable":true,"href":"https:\/\/www.europesays.com\/fi\/wp-json\/wp\/v2\/media\/57026"}],"wp:attachment":[{"href":"https:\/\/www.europesays.com\/fi\/wp-json\/wp\/v2\/media?parent=57025"}],"wp:term":[{"taxonomy":"category","embeddable":true,"href":"https:\/\/www.europesays.com\/fi\/wp-json\/wp\/v2\/categories?post=57025"},{"taxonomy":"post_tag","embeddable":true,"href":"https:\/\/www.europesays.com\/fi\/wp-json\/wp\/v2\/tags?post=57025"}],"curies":[{"name":"wp","href":"https:\/\/api.w.org\/{rel}","templated":true}]}}