{"id":57031,"date":"2025-10-09T09:33:07","date_gmt":"2025-10-09T09:33:07","guid":{"rendered":"https:\/\/www.europesays.com\/fi\/57031\/"},"modified":"2025-10-09T09:33:07","modified_gmt":"2025-10-09T09:33:07","slug":"tuukka-temosen-cancel-vetaa-kovaa-ensi-iltaviikonloppu-sytytti-lippukassat","status":"publish","type":"post","link":"https:\/\/www.europesays.com\/fi\/57031\/","title":{"rendered":"Tuukka Temosen Cancel vet\u00e4\u00e4 kovaa! \u2013 Ensi-iltaviikonloppu sytytti lippukassat"},"content":{"rendered":"<p><strong>Tuukka Temosen<\/strong> uutuusleffa Cancel saapui valkokankaille eilen 8. lokakuuta.<\/p>\n<p>Eik\u00e4 Cancel hassummin avannut, nimitt\u00e4in se ker\u00e4si ensi-iltap\u00e4iv\u00e4n\u00e4\u00e4n 15\u00a0492 katsojaa.<\/p>\n<p>Lue my\u00f6s: <a href=\"https:\/\/www.episodi.fi\/uutiset\/nyt-ensi-illassa-tuukka-temosen-uutuus-valkokankailla-pureutuu-huumorin-keinoin-cancel-ilmioon\/\" title=\"Nyt ensi-illassa: Tuukka Temosen uutuus valkokankailla \u2013 ammentaa huumorin keinoin cancel-ilmi\u00f6st\u00e4\" class=\"underline-custom !font-montserrat !font-bold !underline-offset-4 !decoration-4 !decoration-episodi-blue !text-md\" rel=\"nofollow noopener\" target=\"_blank\">Nyt ensi-illassa: Tuukka Temosen uutuus valkokankailla \u2013 ammentaa huumorin keinoin cancel-ilmi\u00f6st\u00e4<\/a><\/p>\n<p>Lue my\u00f6s: <a href=\"https:\/\/www.episodi.fi\/uutiset\/nikon-santun-ja-weksin-omasta-leffasta-julkaistiin-tunnusbiisi-kuuntele-tasta\/\" title=\"Nikon, Santun ja Weksin omasta leffasta julkaistiin tunnusbiisi \u2013\u00a0kuuntele t\u00e4st\u00e4\" class=\"underline-custom !font-montserrat !font-bold !underline-offset-4 !decoration-4 !decoration-episodi-blue !text-md\" rel=\"nofollow noopener\" target=\"_blank\">Nikon, Santun ja Weksin omasta leffasta julkaistiin tunnusbiisi \u2013\u00a0kuuntele t\u00e4st\u00e4<\/a><\/p>\n<p>Cancel on pelk\u00e4n ensi-iltap\u00e4iv\u00e4ns\u00e4 perusteella koko viikon katsotuin elokuva. Kova saavutus!<\/p>\n<p>Toimintakomedian p\u00e4\u00e4osissa n\u00e4hd\u00e4\u00e4n tutut somehahmot <strong>Niko, Santtu<\/strong> ja <strong>Weksi.<\/strong> Toki leffassa n\u00e4hd\u00e4\u00e4n my\u00f6s koko joukko kaikenlaisia muita staroja: <strong>Elastinen, Ville Tiihonen, Henna Tanskanen, Helmi Kantola, Mandimai, Herbalisti, Jaakko Parkkali, Niilo22, Janne Saarinen, Matti Leino<\/strong> ja <strong>Iikka Forss.<\/strong><\/p>\n<p><a href=\"https:\/\/www.episodi.fi\/elokuvat\/cancel\/\" target=\"_blank\" rel=\"noreferrer noopener nofollow\">Episodi antoi Cancelille kaksi t\u00e4hte\u00e4:<\/a><\/p>\n<p>\u201dElokuva j\u00e4tt\u00e4neekin j\u00e4lkens\u00e4 historiaan yhten\u00e4 ensimm\u00e4isist\u00e4 suomalaiseen internet- ja meemikulttuuriin keskittyvist\u00e4, suurempaan valkokangaslevitykseen p\u00e4\u00e4sseist\u00e4 teoksista. Nykyisess\u00e4 kotimaisen elokuva-alan ep\u00e4varmassa tilanteessa vastaavien tapausten merkitys korostuu.\u201d<\/p>\n<p>Tsekkaa traileri alta.<\/p>\n<p><img loading=\"lazy\" decoding=\"async\" alt=\"YouTube video\" width=\"480\" height=\"360\" data-pin-nopin=\"true\" nopin=\"nopin\" class=\"perfmatters-lazy\" src=\"https:\/\/www.europesays.com\/fi\/wp-content\/uploads\/2025\/10\/1760002387_402_hqdefault.jpg\"\/><\/p>\n<p>Lue my\u00f6s: <a href=\"https:\/\/www.episodi.fi\/uutiskirje\/?uutiskirjemainos=tekstilinkkimainos\" title=\"Tilaa Episodin uutiskirje ja voit voittaa leffalippuja! Nappaa tv-vinkit suoraan s\u00e4hk\u00f6postiin t\u00e4st\u00e4.\" class=\"underline-custom !font-montserrat !font-bold !underline-offset-4 !decoration-4 !decoration-episodi-blue !text-md\" rel=\"nofollow noopener\" target=\"_blank\">Tilaa Episodin uutiskirje ja voit voittaa leffalippuja! Nappaa katseluvinkit suoraan s\u00e4hk\u00f6postiin t\u00e4st\u00e4.<\/a><\/p>\n","protected":false},"excerpt":{"rendered":"Tuukka Temosen uutuusleffa Cancel saapui valkokankaille eilen 8. lokakuuta. Eik\u00e4 Cancel hassummin avannut, nimitt\u00e4in se ker\u00e4si ensi-iltap\u00e4iv\u00e4n\u00e4\u00e4n 15\u00a0492&hellip;\n","protected":false},"author":2,"featured_media":57032,"comment_status":"","ping_status":"","sticky":false,"template":"","format":"standard","meta":{"footnotes":""},"categories":[130],"tags":[12527,137,33,31,30,32,2721,109],"class_list":{"0":"post-57031","1":"post","2":"type-post","3":"status-publish","4":"format-standard","5":"has-post-thumbnail","7":"category-viihde","8":"tag-cancel","9":"tag-entertainment","10":"tag-fi","11":"tag-finland","12":"tag-finnish","13":"tag-suomi","14":"tag-tuukka-temonen","15":"tag-viihde"},"share_on_mastodon":{"url":"","error":""},"_links":{"self":[{"href":"https:\/\/www.europesays.com\/fi\/wp-json\/wp\/v2\/posts\/57031","targetHints":{"allow":["GET"]}}],"collection":[{"href":"https:\/\/www.europesays.com\/fi\/wp-json\/wp\/v2\/posts"}],"about":[{"href":"https:\/\/www.europesays.com\/fi\/wp-json\/wp\/v2\/types\/post"}],"author":[{"embeddable":true,"href":"https:\/\/www.europesays.com\/fi\/wp-json\/wp\/v2\/users\/2"}],"replies":[{"embeddable":true,"href":"https:\/\/www.europesays.com\/fi\/wp-json\/wp\/v2\/comments?post=57031"}],"version-history":[{"count":0,"href":"https:\/\/www.europesays.com\/fi\/wp-json\/wp\/v2\/posts\/57031\/revisions"}],"wp:featuredmedia":[{"embeddable":true,"href":"https:\/\/www.europesays.com\/fi\/wp-json\/wp\/v2\/media\/57032"}],"wp:attachment":[{"href":"https:\/\/www.europesays.com\/fi\/wp-json\/wp\/v2\/media?parent=57031"}],"wp:term":[{"taxonomy":"category","embeddable":true,"href":"https:\/\/www.europesays.com\/fi\/wp-json\/wp\/v2\/categories?post=57031"},{"taxonomy":"post_tag","embeddable":true,"href":"https:\/\/www.europesays.com\/fi\/wp-json\/wp\/v2\/tags?post=57031"}],"curies":[{"name":"wp","href":"https:\/\/api.w.org\/{rel}","templated":true}]}}