{"id":57042,"date":"2025-10-09T09:40:07","date_gmt":"2025-10-09T09:40:07","guid":{"rendered":"https:\/\/www.europesays.com\/fi\/57042\/"},"modified":"2025-10-09T09:40:07","modified_gmt":"2025-10-09T09:40:07","slug":"350-000-valkoposkihanhea-jumissa-suomessa","status":"publish","type":"post","link":"https:\/\/www.europesays.com\/fi\/57042\/","title":{"rendered":"350 000 valkoposkihanhea jumissa Suomessa"},"content":{"rendered":"<p>L\u00e4mmin s\u00e4\u00e4 on pid\u00e4tellyt isoja hanhiparvia Suomen pelloilla. <\/p>\n<p><img decoding=\"async\" class=\"image image-show image-preview\" src=\"https:\/\/www.europesays.com\/fi\/wp-content\/uploads\/2025\/10\/1354f9c33f7a8430f6bc4bba12f84159ba5528b5bf984452ca6a0f00c9457ed0.jpg\" alt=\"\"\/><img decoding=\"async\" class=\"image image-show\" src=\"https:\/\/www.europesays.com\/fi\/wp-content\/uploads\/2025\/10\/1760002807_293_1354f9c33f7a8430f6bc4bba12f84159ba5528b5bf984452ca6a0f00c9457ed0.jpg\" alt=\"\"\/><\/p>\n<p>Syysmuutto. Valkoposkihanhien muutto huipentuu yleens\u00e4 ruska-aikaan. Arkistokuva. Aleksanteri Pikkarainen<\/p>\n<p class=\"paragraph\">Valkoposkihanhien muutto on jumiutunut, kertovat BirdLife Suomi ja Pohjois-Karjalan ELY-keskus, jotka seuraavat valkoposkihanhien syysmuuton etenemist\u00e4.<\/p>\n<p class=\"paragraph\">Vastaiset tuulet ja l\u00e4mpim\u00e4t s\u00e4\u00e4t ovat pid\u00e4telleet isoja hanhiparvia Suomen pelloilla. Todenn\u00e4k\u00f6isesti yli kaksi kolmasosaa Barentsinmeren pesim\u00e4kannan valkoposkihanhista on Suomessa tai jo ohittanut Suomen, mutta paljon lienee saapumattakin.<\/p>\n<p class=\"paragraph\">Lep\u00e4ilevi\u00e4 ja ruokailevia valkoposkihanhia on havaittu Suomessa viime aikoina paljon. Suurin m\u00e4\u00e4r\u00e4, 70 000 valkoposkihanhea, arvioitiin lauantaina Orimattilan Kurunkulmalla. Yli 30 000:n ker\u00e4\u00e4ntymi\u00e4 havaittiin monin paikoin Pohjois-Karjalassa ja P\u00e4ij\u00e4t-H\u00e4meen sek\u00e4 It\u00e4-Uudenmaan peltoalueilla ja lep\u00e4ilyvesill\u00e4.<\/p>\n<p class=\"paragraph\">Viime torstaina koko Pohjois-Karjalassa lep\u00e4ili ja ruokaili arviolta kaikkiaan noin 350 000 valkoposkihanhea. Pohjois-Karjalan ELY-keskus suoritti tuolloin melko kattavan yhteislaskennan maakunnan etel\u00e4- ja keskiosissa. Yhteens\u00e4 havaittiin 323\u00a0000 valkoposkihanhea, eniten Liperiss\u00e4, 100\u00a0000, ja Kiteell\u00e4, 70\u00a0000.<\/p>\n<p class=\"paragraph\">Yleens\u00e4 valkoposkihanhien muutto huipentuu ruska-aikaan.<\/p>\n<p class=\"paragraph\">Ilmatieteen laitoksen tutkija <strong>Jarmo Koistinen<\/strong> odottaa muuton vilkastuvan viikonlopun aikana.<\/p>\n<p class=\"paragraph\">\u2013 Valkoposkihanhien muuton pys\u00e4htymist\u00e4 suosiva lauha lounaanpuoleinen virtaus jatkuu t\u00e4m\u00e4n viikon loppuun, mutta ensi viikonlopun aikana tilanne muuttuu. Matalapaineen alue liikkuu silloin Suomen yli it\u00e4\u00e4n, ja sen takana saapuu maahamme t\u00e4m\u00e4nhetkist\u00e4 selv\u00e4sti kylmemp\u00e4\u00e4 ilmaa. Viikonloppuna viile\u00e4 virtaus k\u00e4y viel\u00e4 luoteen puolelta, mutta sen j\u00e4lkeen tuuli k\u00e4\u00e4ntyy enemm\u00e4n pohjoiseen, jopa koilliseen. Niinp\u00e4 ensi viikon alkupuoli n\u00e4ytt\u00e4\u00e4 ennusteissa suosiolliselta muuttos\u00e4\u00e4lt\u00e4 hanhille. Se on oiva tilaisuus p\u00e4\u00e4joukkojen l\u00e4hd\u00f6lle pois Suomesta ja l\u00e4hialueilta, h\u00e4n sanoo tiedotteessa.<\/p>\n<p class=\"paragraph\">Artikkeli on julkaistu ensin <a href=\"https:\/\/www.uusisuomi.fi\/uutiset\/a\/ecc2b4aa-c05c-4eca-a00e-e8bc32a51bd7\" target=\"_blank\" rel=\"noopener nofollow\">Uudessa Suomessa<\/a>.<\/p>\n","protected":false},"excerpt":{"rendered":"L\u00e4mmin s\u00e4\u00e4 on pid\u00e4tellyt isoja hanhiparvia Suomen pelloilla. Syysmuutto. Valkoposkihanhien muutto huipentuu yleens\u00e4 ruska-aikaan. Arkistokuva. Aleksanteri Pikkarainen Valkoposkihanhien&hellip;\n","protected":false},"author":2,"featured_media":57043,"comment_status":"","ping_status":"","sticky":false,"template":"","format":"standard","meta":{"footnotes":""},"categories":[117],"tags":[404,33,31,30,72,476,637,118,591,32,119,477,534],"class_list":{"0":"post-57042","1":"post","2":"type-post","3":"status-publish","4":"format-standard","5":"has-post-thumbnail","7":"category-luonto","8":"tag-elaimet","9":"tag-fi","10":"tag-finland","11":"tag-finnish","12":"tag-luonto","13":"tag-nature","14":"tag-politiikka","15":"tag-science","16":"tag-selkarankaiset","17":"tag-suomi","18":"tag-tiede","19":"tag-wildlife","20":"tag-ymparisto-ja-luonto"},"share_on_mastodon":{"url":"","error":""},"_links":{"self":[{"href":"https:\/\/www.europesays.com\/fi\/wp-json\/wp\/v2\/posts\/57042","targetHints":{"allow":["GET"]}}],"collection":[{"href":"https:\/\/www.europesays.com\/fi\/wp-json\/wp\/v2\/posts"}],"about":[{"href":"https:\/\/www.europesays.com\/fi\/wp-json\/wp\/v2\/types\/post"}],"author":[{"embeddable":true,"href":"https:\/\/www.europesays.com\/fi\/wp-json\/wp\/v2\/users\/2"}],"replies":[{"embeddable":true,"href":"https:\/\/www.europesays.com\/fi\/wp-json\/wp\/v2\/comments?post=57042"}],"version-history":[{"count":0,"href":"https:\/\/www.europesays.com\/fi\/wp-json\/wp\/v2\/posts\/57042\/revisions"}],"wp:featuredmedia":[{"embeddable":true,"href":"https:\/\/www.europesays.com\/fi\/wp-json\/wp\/v2\/media\/57043"}],"wp:attachment":[{"href":"https:\/\/www.europesays.com\/fi\/wp-json\/wp\/v2\/media?parent=57042"}],"wp:term":[{"taxonomy":"category","embeddable":true,"href":"https:\/\/www.europesays.com\/fi\/wp-json\/wp\/v2\/categories?post=57042"},{"taxonomy":"post_tag","embeddable":true,"href":"https:\/\/www.europesays.com\/fi\/wp-json\/wp\/v2\/tags?post=57042"}],"curies":[{"name":"wp","href":"https:\/\/api.w.org\/{rel}","templated":true}]}}