{"id":57048,"date":"2025-10-09T09:54:08","date_gmt":"2025-10-09T09:54:08","guid":{"rendered":"https:\/\/www.europesays.com\/fi\/57048\/"},"modified":"2025-10-09T09:54:08","modified_gmt":"2025-10-09T09:54:08","slug":"tunnettu-toimittaja-potkut","status":"publish","type":"post","link":"https:\/\/www.europesays.com\/fi\/57048\/","title":{"rendered":"Tunnettu toimittaja: Potkut"},"content":{"rendered":"<p>Farmi Suomessa aikoinaan kilpaillut toimittaja Katri Utula ilmoittaa saaneensa potkut muutosneuvotteluiden my\u00f6t\u00e4.<\/p>\n<p><img decoding=\"async\" class=\"image image-show image-preview\" src=\"https:\/\/www.europesays.com\/fi\/wp-content\/uploads\/2025\/10\/f5ef0607939196fe329bc2f896e4c03416c0c4194669fee5c1833ecad5192c19.jpg\" alt=\"\"\/><img decoding=\"async\" class=\"image image-show\" src=\"https:\/\/www.europesays.com\/fi\/wp-content\/uploads\/2025\/10\/1760003648_172_f5ef0607939196fe329bc2f896e4c03416c0c4194669fee5c1833ecad5192c19.jpg\" alt=\"\"\/><\/p>\n<p>Katri Utula on saanut potkut MTV:lt\u00e4. Henri K\u00e4rkk\u00e4inen<\/p>\n<p class=\"paragraph\">Farmi Suomi -ohjelmastakin tuttu MTV:n toimittaja <strong>Katri Utula<\/strong> jakaa surullisen ilmoituksen Instagram-julkaisussaan. H\u00e4n kertoo, ett\u00e4 MTV:n muutosneuvotteluissa k\u00e4vi ik\u00e4v\u00e4sti h\u00e4nen kohdallaan.<\/p>\n<p class=\"paragraph\">\u2013 Minut irtisanottiin! Maikkarin yt:t ovat nyt ohi ja koko viihde- ja lifestyletoimitus lopetettiin. Lopputulos: my\u00f6s min\u00e4 sain l\u00e4hte\u00e4, Utula kirjoittaa.<\/p>\n<p class=\"paragraph\">Utula julkaisi Instagram-tarinoissaan videon, jossa h\u00e4n kertoo \u00e4\u00e4ni murtuneena saamistaan potkuista. Instagram-tarinat ovat n\u00e4ht\u00e4viss\u00e4 24 tuntia julkaisusta.<\/p>\n<p class=\"paragraph\">\u2013 T\u00e4m\u00e4 on yksi el\u00e4m\u00e4ni surullisimmista p\u00e4ivist\u00e4. En ole nukkunut yht\u00e4\u00e4n. Olen k\u00e4velem\u00e4ss\u00e4 t\u00f6ihin ja saan potkut. Siihen j\u00e4\u00e4v\u00e4t ohjelmani Maikkarilla, Utula kertoo tarinassaan.<\/p>\n<p class=\"paragraph\">P\u00e4ivityksess\u00e4\u00e4n Utula kiitt\u00e4\u00e4 MTV:t\u00e4 siit\u00e4, ett\u00e4 sai tehd\u00e4 muun muassa T\u00f6ll\u00f6tuomarit-ohjelmaosiota ja Ensitreffeill\u00e4-vodcastia sek\u00e4 juontaa erilaisia livel\u00e4hetyksi\u00e4 ja tehd\u00e4 haastatteluita kahden ja puolen vuoden ajan.<\/p>\n<p class=\"paragraph\">\u2013 Nyt ved\u00e4n hetken happea ja pohdin, mit\u00e4 seuraavaksi! Paljon on ideoita ja suunnitelmia, sill\u00e4 haluan tehd\u00e4 monenlaista. T\u00f6it\u00e4 otan my\u00f6s ilomielin vastaan! Kirjoitan, puhun, teen podcasteja, somea, tv-ohjelmia.. kaikkea! Utula kertoo.<\/p>\n<p class=\"paragraph\">\u2013 Olo on samaan aikaan haikea, surullinen ja j\u00e4rkyttynyt (oon itkenyt viime p\u00e4ivin\u00e4 paljon), mutta my\u00f6s utelias ja odottava, sill\u00e4 t\u00e4m\u00e4 on uuden alku. Kaikella on tarkoitus.<\/p>\n<p class=\"paragraph\">Utula toteaa uusien seikkailujen odottavan ja maailman olevan nyt h\u00e4nelle avoin.<\/p>\n<p class=\"paragraph\">\u2013 Pit\u00e4isk\u00f6 kouluttautua parisuhdeterapeutiksi? Tai er\u00e4oppaaksi? Kirjoittaa kirja? Tehd\u00e4 lis\u00e4\u00e4 podcasteja? Kaikki edell\u00e4 mainitut kiinnostavat kovasti. Olisi kiva kuulla teilt\u00e4kin, mit\u00e4 toivoisitte mun tekev\u00e4n. My\u00f6s kaikki voimalauseet tulevat nyt tarpeeseen, toimittaja sanoo.<\/p>\n<p class=\"paragraph\">\u2013 N\u00e4kemiin, P\u00f6ll\u00f6laakson jengi! J\u00e4\u00e4n kaipaamaan niin monia teist\u00e4, h\u00e4n sanoo lopuksi.<\/p>\n<p class=\"paragraph\">Mik\u00e4li linkki ei n\u00e4y, voit katsoa julkaisun <a href=\"https:\/\/www.instagram.com\/p\/DPlOEoUAo5l\/\" target=\"_blank\" rel=\"noopener nofollow\">t\u00e4\u00e4lt\u00e4<\/a>.<\/p>\n<p class=\"paragraph\">Utula saa someseuraajiltaan paljon tsemppiviestej\u00e4 p\u00e4ivityksens\u00e4 kommenttikent\u00e4ss\u00e4.<\/p>\n<p class=\"paragraph\">\u2013 Tsemppi\u00e4 Katri. Sinulle l\u00f6ytyy paikka viel\u00e4.<\/p>\n<p class=\"paragraph\">\u2013 Typer\u00e4 ja lyhytn\u00e4k\u00f6inen p\u00e4\u00e4t\u00f6s. Mutta olet niin superihana ihminen ja superammattilainen, ettei sinulla ole mit\u00e4\u00e4n h\u00e4t\u00e4\u00e4. Uutta kohti.<\/p>\n<p class=\"paragraph\">\u2013 Aikamoinen \u0161okki. Voimaa suuren muutoksen keskelle, joka aivan varmasti johtaa johonkin mahtavaan uuteen.<\/p>\n<p>Katri Utula saa paljon tsemppiviestej\u00e4 someseuraajiltaan. Henri K\u00e4rkk\u00e4inen<\/p>\n<p class=\"paragraph\">Viestej\u00e4 ovat j\u00e4tt\u00e4neet Utulalle my\u00f6s julkisuudesta tunnetut henkil\u00f6t.<\/p>\n<p class=\"paragraph\">\u2013 Voi Katri! Sinun kanssasi on ollut mahtava tehd\u00e4 t\u00f6it\u00e4, mutta olet sellainen tekij\u00e4nainen, ett\u00e4 sinulle aukeaa uusia ovia, ennen kuin huomaatkaan! juontaja <strong>Vappu Pimi\u00e4<\/strong> lohduttaa.<\/p>\n<p class=\"paragraph\">\u2013 Olet niin supertyyppi, ett\u00e4 tulet jo pian tekem\u00e4\u00e4n kaikkea juuri noin makeeta ja inspiroivaa! juontaja <strong>Ernest Lawson<\/strong> kirjoittaa.<\/p>\n<p class=\"paragraph\">\u2013 Tsemppi\u00e4 Katri! vuoden 2023 Miss Suomi Paula Joukanen toivottaa.<\/p>\n<p class=\"paragraph\">Utula on kilpaillut Farmi Suomi -ohjelmassa kahdella kaudella. Viime vuonna h\u00e4n sijoittui ohjelman <a href=\"https:\/\/www.iltalehti.fi\/tv-ja-leffat\/321b18e4-c9c4-4aa4-a74c-6d1758e9c0ea\" rel=\"nofollow noopener\" target=\"_blank\">finaalissa<\/a> toiseksi.<\/p>\n<p><script async src=\"\/\/www.instagram.com\/embed.js\"><\/script><\/p>\n","protected":false},"excerpt":{"rendered":"Farmi Suomessa aikoinaan kilpaillut toimittaja Katri Utula ilmoittaa saaneensa potkut muutosneuvotteluiden my\u00f6t\u00e4. Katri Utula on saanut potkut MTV:lt\u00e4.&hellip;\n","protected":false},"author":2,"featured_media":57049,"comment_status":"","ping_status":"","sticky":false,"template":"","format":"standard","meta":{"footnotes":""},"categories":[133],"tags":[35,137,33,31,30,979,1999,32,206,2140,140,139,156,109],"class_list":{"0":"post-57048","1":"post","2":"type-post","3":"status-publish","4":"format-standard","5":"has-post-thumbnail","7":"category-televisiot","8":"tag-24h","9":"tag-entertainment","10":"tag-fi","11":"tag-finland","12":"tag-finnish","13":"tag-sahkoinen-media","14":"tag-suomalaiset-tv-ohjelmat","15":"tag-suomi","16":"tag-televisiot","17":"tag-tosi-tv-ohjelmat","18":"tag-tv-ja-elokuvat","19":"tag-tv-ohjelmat","20":"tag-tv","21":"tag-viihde"},"share_on_mastodon":{"url":"","error":""},"_links":{"self":[{"href":"https:\/\/www.europesays.com\/fi\/wp-json\/wp\/v2\/posts\/57048","targetHints":{"allow":["GET"]}}],"collection":[{"href":"https:\/\/www.europesays.com\/fi\/wp-json\/wp\/v2\/posts"}],"about":[{"href":"https:\/\/www.europesays.com\/fi\/wp-json\/wp\/v2\/types\/post"}],"author":[{"embeddable":true,"href":"https:\/\/www.europesays.com\/fi\/wp-json\/wp\/v2\/users\/2"}],"replies":[{"embeddable":true,"href":"https:\/\/www.europesays.com\/fi\/wp-json\/wp\/v2\/comments?post=57048"}],"version-history":[{"count":0,"href":"https:\/\/www.europesays.com\/fi\/wp-json\/wp\/v2\/posts\/57048\/revisions"}],"wp:featuredmedia":[{"embeddable":true,"href":"https:\/\/www.europesays.com\/fi\/wp-json\/wp\/v2\/media\/57049"}],"wp:attachment":[{"href":"https:\/\/www.europesays.com\/fi\/wp-json\/wp\/v2\/media?parent=57048"}],"wp:term":[{"taxonomy":"category","embeddable":true,"href":"https:\/\/www.europesays.com\/fi\/wp-json\/wp\/v2\/categories?post=57048"},{"taxonomy":"post_tag","embeddable":true,"href":"https:\/\/www.europesays.com\/fi\/wp-json\/wp\/v2\/tags?post=57048"}],"curies":[{"name":"wp","href":"https:\/\/api.w.org\/{rel}","templated":true}]}}